{"id":84968,"date":"2025-11-20T18:53:16","date_gmt":"2025-11-20T17:53:16","guid":{"rendered":"https:\/\/www.fedaiisf.it\/?p=84968"},"modified":"2025-11-24T10:22:33","modified_gmt":"2025-11-24T09:22:33","slug":"accesso-a-medicina-oggi-il-primo-esame-di-selezione-dopo-il-semestre-aperto-a-tutti-per-ludu-e-una-beffa","status":"publish","type":"post","link":"https:\/\/www.fedaiisf.it\/en\/accesso-a-medicina-oggi-il-primo-esame-di-selezione-dopo-il-semestre-aperto-a-tutti-per-ludu-e-una-beffa\/","title":{"rendered":"Accesso a medicina. Oggi il primo esame di selezione dopo il semestre aperto a tutti. Per l&#8217;UDU \u00e8 una beffa"},"content":{"rendered":"<p>Da quest\u2019anno la selezione per l&#8217;accesso alla facolt\u00e0 di medicina (NdR: <em>anche odontoiatria e veterinaria<\/em>) non \u00e8 stata fatta con un test di ingresso. Il <a href=\"https:\/\/tg24.sky.it\/cronaca\/2025\/06\/22\/medicina-test-cosa-sapere-riforma-bernini\" target=\"_blank\" rel=\"noopener\" data-intcmp=\"skytg24_foglia articolo_interlink_text\">nuovo sistema,<\/a> infatti, prevede che tutti gli studenti possano avere accesso al semestre \u201cpropedeutico\u201d, durante il quale partecipano a lezioni a frequenza obbligatoria di Chimica, Fisica\u00a0e Biologia, per un totale di\u00a018 crediti\u00a0(6 per insegnamento), nella sede da loro inserita come prima scelta. Al termine del semestre, <img loading=\"lazy\" decoding=\"async\" class=\"wp-image-84974 alignright\" src=\"https:\/\/www.fedaiisf.it\/wp-content\/uploads\/2025\/11\/esame-accesso-medicina.png\" alt=\"\" width=\"350\" height=\"199\" srcset=\"https:\/\/www.fedaiisf.it\/wp-content\/uploads\/2025\/11\/esame-accesso-medicina.png 1146w, https:\/\/www.fedaiisf.it\/wp-content\/uploads\/2025\/11\/esame-accesso-medicina-300x171.png 300w, https:\/\/www.fedaiisf.it\/wp-content\/uploads\/2025\/11\/esame-accesso-medicina-1024x583.png 1024w, https:\/\/www.fedaiisf.it\/wp-content\/uploads\/2025\/11\/esame-accesso-medicina-768x437.png 768w, https:\/\/www.fedaiisf.it\/wp-content\/uploads\/2025\/11\/esame-accesso-medicina-18x10.png 18w\" sizes=\"auto, (max-width: 350px) 100vw, 350px\" \/>arriva <a href=\"https:\/\/www.mur.gov.it\/sites\/default\/files\/2025-10\/LineeGuida_semestre_aperto_brochure.pdf\" target=\"_blank\" rel=\"nofollow noopener\" data-intcmp-qp=\"skytg24_foglia articolo_interlink_text\">l\u2019esame<\/a>. Il primo appello si \u00e8 svolto oggi, dalle 11. Mentre il secondo sar\u00e0 il 10 dicembre. I posti a disposizione per quest\u2019anno, per andare avanti nel corso di studi, <strong>sono 24mila,<\/strong> tremila in pi\u00f9 dell\u2019anno scorso. Secondo le stime pi\u00f9 recenti,<strong>\u00a0 <\/strong>passer\u00e0 poco pi\u00f9 di un candidato su tre, secondo l&#8217;UDU (Unione degli Universitari) impedir\u00e0 l&#8217;accesso a 7 candidati su 10.<\/p>\n<p>Le prove del test sono una per ciascuna materia, ognuna della durata di 45 minuti, con un intervallo di 15 minuti tra una e l&#8217;altra. Si parte con Chimica, segue Fisica, poi ultima Biologia.\u00a0Ognuna delle tre prove si compone di\u00a031 domande, a risposta multipla o a completamento. Ogni risposta esatta vale un punto. Se non si d\u00e0 la risposta, il punteggio \u00e8 zero, mentre se la si sbaglia \u00e8 -0,1.\u00a0Il voto minimo per superare ogni prova \u00e8 di 18\/30, il voto massimo \u00e8 30 e lode. I punteggi con numeri decimali verranno arrotondati per difetto o per eccesso. Dalla somma dei tre voti dipender\u00e0 la posizione in graduatoria di ciascun candidato e quindi la possibilit\u00e0 di proseguire o meno gli studi.<\/p>\n<p>La Sapienza di Roma ospiter\u00e0 il numero pi\u00f9 alto di candidati: circa 4.000 studenti per 1887 posti. A seguire, si registrano numeri molto elevati anche in altri grandi atenei: Federico II di Napoli, Universit\u00e0 degli Studi di Milano e Universit\u00e0 degli Studi di Padova. In queste sedi, che superano le 3.100 iscrizioni, la competizione risulta pi\u00f9 intensa: i posti disponibili per proseguire nel percorso sono circa 700, rendendo la selezione particolarmente rigida. <strong>Non basta infatti superare la prova: solo chi rientra nei posti disponibili in graduatoria pu\u00f2 proseguire con il secondo semestre<\/strong>. Si pu\u00f2 anche ritentare, iscrivendosi nuovamente al semestre filtro per l&#8217;anno accademico successivo e per un massimo di tre volte.<\/p>\n<p>Chi non potr\u00e0 proseguire Medicina dopo la prova di oggi &#8211; o di dicembre &#8211; potr\u00e0 optare per uno dei \u201ccorsi affini\u201d che ha obbligatoriamente opzionato quando si \u00e8 iscritto al \u201csemestre filtro\u201d: da Biotecnologie a Farmacia, da Zoologia ad alcune Professioni Sanitarie<\/p>\n<p><a href=\"https:\/\/tg24.sky.it\/cronaca\/2025\/11\/20\/test-medicina-semestre-filtro\" target=\"_blank\" rel=\"noopener\">Fonte SKY TG24 &#8211; 20 novembre 2025<\/a><\/p>\n<hr \/>\n<p><em><span style=\"font-size: 14pt;\"><strong>La contestazione dell&#8217;Unione degli Universitari (UDU)<\/strong><\/span><\/em><\/p>\n<h3 class=\"article-title\">\u201cIl semestre filtro nuoce alla salute\u201d: partono le iniziative legali degli studenti<\/h3>\n<p>L\u2019iniziativa \u00e8 stata lanciata nel corso del presidio dell\u2019Udu davanti al ministero. Un percorso\u00a0che doveva superare il numero chiuso ma che impedir\u00e0 a sette candidati su dieci di studiare medicina<\/p>\n<p><a href=\"https:\/\/www.collettiva.it\/copertine\/italia\/il-semestre-filtro-nuoce-alla-salute-partono-le-iniziative-legali-degli-studenti-x3nwu9p4\" target=\"_blank\" rel=\"noopener\">Collettiva &#8211; 20 novembre 2025 di Stefano Iucci<\/a><\/p>\n<p><img loading=\"lazy\" decoding=\"async\" class=\"wp-image-84972 alignleft\" src=\"https:\/\/www.fedaiisf.it\/wp-content\/uploads\/2025\/11\/UDU.png\" alt=\"\" width=\"423\" height=\"204\" srcset=\"https:\/\/www.fedaiisf.it\/wp-content\/uploads\/2025\/11\/UDU.png 1278w, https:\/\/www.fedaiisf.it\/wp-content\/uploads\/2025\/11\/UDU-300x145.png 300w, https:\/\/www.fedaiisf.it\/wp-content\/uploads\/2025\/11\/UDU-1024x494.png 1024w, https:\/\/www.fedaiisf.it\/wp-content\/uploads\/2025\/11\/UDU-768x370.png 768w, https:\/\/www.fedaiisf.it\/wp-content\/uploads\/2025\/11\/UDU-18x9.png 18w\" sizes=\"auto, (max-width: 423px) 100vw, 423px\" \/>Una diffida\u00a0predisposta per tutti i 60 mila partecipanti al semestre filtro di medicina \u2013 quello che fa finta di superare il <a href=\"https:\/\/www.collettiva.it\/tag\/numero-chiuso\" target=\"_blank\" rel=\"noopener\">numero chiuso<\/a> \u2013 per chiedere <strong>l\u2019ammissione di tutti ai corsi<\/strong> e interventi sulle irregolarit\u00e0 del meccanismo.<\/p>\n<p><img loading=\"lazy\" decoding=\"async\" src=\"https:\/\/ads.collettiva.it\/www\/delivery\/lg.php?bannerid=0&amp;campaignid=0&amp;zoneid=34&amp;loc=https%3A%2F%2Fwww.collettiva.it%2Fcopertine%2Fitalia%2Fil-semestre-filtro-nuoce-alla-salute-partono-le-iniziative-legali-degli-studenti-x3nwu9p4&amp;referer=https%3A%2F%2Fwww.collettiva.it%2Fwidgets-embed%3Fid%3Dcontentid%2FODUwYmUxZjMtODFhZi00&amp;cb=ae58e0c080\" alt=\"\" width=\"0\" height=\"0\" \/>L\u2019iniziativa dell\u2019<a href=\"https:\/\/www.collettiva.it\/tag\/udu\" target=\"_blank\" rel=\"noopener\">Udu<\/a> \u00e8 stata lanciata questa mattina (20 novembre) nel corso della <strong>giornata di mobilitazione contro l\u2019ennesima beffa del governo<\/strong>. Iniziativa \u2013 che ha coinvolto anche Cgil e Rete studenti medi \u2013 che ha visto un presidio davanti alla sede del Mur e in numerosi atenei italiani la consegna di camici sanitari ai partecipanti del semestre filtro.<\/p>\n<p>\u201c\u00c8 un gesto semplice, ma con un messaggio preciso: <strong>per noi sono gi\u00e0 medici<\/strong>, e nessun sistema incoerente dovrebbe decidere al loro posto\u201d, si legge in una nota dell\u2019Udu. La mobilitazione, infatti, \u00e8 stata organizzata nel giorno dell\u2019esame per gli aspiranti medici.<\/p>\n<p><img loading=\"lazy\" decoding=\"async\" src=\"https:\/\/ads.collettiva.it\/www\/delivery\/lg.php?bannerid=0&amp;campaignid=0&amp;zoneid=35&amp;loc=https%3A%2F%2Fwww.collettiva.it%2Fcopertine%2Fitalia%2Fil-semestre-filtro-nuoce-alla-salute-partono-le-iniziative-legali-degli-studenti-x3nwu9p4&amp;referer=https%3A%2F%2Fwww.collettiva.it%2Fwidgets-embed%3Fid%3Dcontentid%2FODUwYmUxZjMtODFhZi00&amp;cb=66951dcd29\" alt=\"\" width=\"0\" height=\"0\" \/>Contestualmente vengono distribuiti materiali informativi sul ricorso e sulle modalit\u00e0 per segnalare anomalie o irregolarit\u00e0. <strong>La diffida aprir\u00e0 la strada ai ricorsi collettivi e ai ricorsi territoriali<\/strong>, cos\u00ec da tutelare gli studenti sia rispetto ai problemi generali del semestre filtro sia alle criticit\u00e0 specifiche riscontrate nei singoli atenei.<\/p>\n<div>Le principali riguardano <strong>la mancanza di uniformit\u00e0 degli esami, le difformit\u00e0 negli obblighi di frequenza, la tutela dell\u2019anonimato<\/strong> non sempre garantita e condizioni materiali d\u2019esame che non assicurano pari opportunit\u00e0.<\/div>\n<div><\/div>\n<p>Per l\u2019Udu \u201cil semestre filtro nuoce alla salute del sistema formativo e degli studenti. \u00c8 <strong>un percorso che prometteva ampliamento, ma nella realt\u00e0 porter\u00e0 all\u2019esclusione di sette candidati su dieci<\/strong>, dopo mesi di frequenze obbligatorie e procedure diverse da ateneo ad ateneo\u201d.<\/p>\n<p>E ancora: \u201c<strong>Non \u00e8 un meccanismo che aiuta chi sogna di diventare medico<\/strong>: al contrario, aggiunge incertezza, stress e disuguaglianze\u201d.<\/p>\n<p><img loading=\"lazy\" decoding=\"async\" class=\"wp-image-84973 alignright\" src=\"https:\/\/www.fedaiisf.it\/wp-content\/uploads\/2025\/11\/pretesta-studenti.png\" alt=\"\" width=\"419\" height=\"216\" srcset=\"https:\/\/www.fedaiisf.it\/wp-content\/uploads\/2025\/11\/pretesta-studenti.png 1268w, https:\/\/www.fedaiisf.it\/wp-content\/uploads\/2025\/11\/pretesta-studenti-300x154.png 300w, https:\/\/www.fedaiisf.it\/wp-content\/uploads\/2025\/11\/pretesta-studenti-1024x527.png 1024w, https:\/\/www.fedaiisf.it\/wp-content\/uploads\/2025\/11\/pretesta-studenti-768x395.png 768w, https:\/\/www.fedaiisf.it\/wp-content\/uploads\/2025\/11\/pretesta-studenti-18x9.png 18w\" sizes=\"auto, (max-width: 419px) 100vw, 419px\" \/>\u201cSe davvero vogliamo affrontare la carenza di personale sanitario, la strada non \u00e8 creare nuove barriere &#8211; aggiunge l\u2019Unione \u2013. Servono percorsi chiari, investimenti e condizioni paritarie per tutti. Il semestre filtro non amplia il <a href=\"https:\/\/www.collettiva.it\/tag\/diritto-allo-studio\" target=\"_blank\" rel=\"noopener\">diritto allo studio<\/a>: lo restringe. Lo diciamo oggi davanti al ministero e in tutte le universit\u00e0 italiane\u201d.<\/p>\n<p>Pieno appoggio alla mobilitazione anche da Fp e Flp Cgil: \u201cDenunciamo, insieme all&#8217;Udu, come questo nuovo meccanismo non rappresenti affatto un allargamento del diritto allo studio, ma l<strong>\u2019ennesimo tentativo di selezione mascherata e farraginosa che scarica costi, ansie e incertezze sulla pelle degli studenti e delle loro famiglie<\/strong>. I numeri parlano chiaro: con la previsione di un\u2019esclusione di sette candidati su dieci, il \u2018semestre filtro\u2019 si conferma una barriera e non un percorso di accesso equo e trasparente\u201d, si legge in una nota.<br \/>\n\u201cRiteniamo fondamentale riaffermare \u2013 scrivono in una nota le due categorie della Cgil &#8211; che il diritto allo studio e la possibilit\u00e0 di <strong>ampliare realmente l\u2019accesso alla formazione universitaria<\/strong> non possono essere garantiti attraverso strumenti escludenti introdotti senza un\u2019adeguata pianificazione e senza le necessarie risorse finanziarie\u201d.<\/p>\n<p>Per Flc ed Fp ci\u00f2 di cui il sistema universitario e sanitario italiano necessita sono <strong>interventi strutturali che prevedano investimenti concreti e duraturi<\/strong>. \u00c8 indispensabile rafforzare le infrastrutture degli atenei, incrementare il numero di docenti, ricercatori e professionisti della sanit\u00e0, affinch\u00e9 vengano create le condizioni materiali e organizzative per un accesso realmente equo e allargato\u201d.<\/p>\n<p>Solo in questo modo &#8220;sar\u00e0 possibile permettere a tutte le studentesse e a tutti gli studenti di seguire la propria vocazione, superando gli ostacoli che oggi impediscono una piena realizzazione personale e professionale\u201d.<br \/>\nLa Flc Cgil e la Fp Cgil chiedono \u201c<strong>un immediato intervento del Mur per eliminare le storture <\/strong>di questo sistema e per garantire le condizioni paritarie e la chiarezza che le studentesse e gli studenti meritano\u201d, conclude la nota.<\/p>\n<p>Si tratta, in sostanza, di correre ai ripari di <strong>un meccanismo folle, irto di ostacoli<\/strong> e che per certi versi peggiora addirittura il \u201cvecchio\u201d numero chiuso e che <a href=\"https:\/\/www.collettiva.it\/copertine\/italia\/numero-chiuso-medicina-k9lllfu6\" target=\"_blank\" rel=\"noopener\">su Collettiva abbiamo spiegato<\/a> nei dettagli.<\/p>\n<hr \/>\n<p><strong><span style=\"font-size: 14pt;\">A rischio di annullamento<\/span><\/strong><\/p>\n<h3><strong><span style=\"font-size: 14pt;\">I cellulari erano banditi, ma il web \u00e8 stato inondato di scatti. Le chat: si copiava.<\/span><\/strong><\/h3>\n<p>Quella che doveva rappresentare la rivoluzione di una delle facolt\u00e0 universitarie pi\u00f9 prestigiose si \u00e8 rivelata una farsa.<\/p>\n<p><img loading=\"lazy\" decoding=\"async\" class=\"wp-image-84991 alignleft\" src=\"https:\/\/www.fedaiisf.it\/wp-content\/uploads\/2025\/11\/test-medicina-foto.png\" alt=\"\" width=\"444\" height=\"252\" srcset=\"https:\/\/www.fedaiisf.it\/wp-content\/uploads\/2025\/11\/test-medicina-foto.png 870w, https:\/\/www.fedaiisf.it\/wp-content\/uploads\/2025\/11\/test-medicina-foto-300x170.png 300w, https:\/\/www.fedaiisf.it\/wp-content\/uploads\/2025\/11\/test-medicina-foto-768x436.png 768w, https:\/\/www.fedaiisf.it\/wp-content\/uploads\/2025\/11\/test-medicina-foto-18x10.png 18w, https:\/\/www.fedaiisf.it\/wp-content\/uploads\/2025\/11\/test-medicina-foto-390x220.png 390w\" sizes=\"auto, (max-width: 444px) 100vw, 444px\" \/>Fotografie delle domande fatte coi cellulari, auricolari, scopiazzamenti tra candidati: uno scandalo che ha costretto lo stesso <strong>Ministry<\/strong> retto da <strong>Anna Maria Bernini<\/strong> a inoltrare ai vari atenei coinvolti le foto trovate sul web.<\/p>\n<p>In un comunicato si paventa anche l\u2019eventuale annullamento della prova, che non riguarder\u00e0 tutta la procedura ma l\u2019esame del candidato individuato come responsabile della diffusione delle immagini.<\/p>\n<p>Subito dopo, all\u2019ingresso dell\u2019aula di esame, veniva chiesto ai ragazzi di svuotare le tasche per mostrare il contenuto, ma senza nessuna verifica che effettivamente fosse tutto quanto in loro possesso.<\/p>\n<p><strong>Ovvio<\/strong> scopo di questo iter: impedire che venissero suggerimenti dall\u2019esterno.<\/p>\n<p>La segretezza si \u00e8 rivelata presto fantomatica.<\/p>\n<p>Nel pomeriggio sono infatti circolate sulle chat riservate degli studenti (ah, potenza dei social!) le fotografie, nitide e leggibili, delle domande poste agli studenti.<\/p>\n<hr \/>\n<p>Gli esami:<\/p>\n<p><a href=\"https:\/\/superaitest.wauniversity.it\/cms\/files\/wau_\/filemanager\/files\/biologia.pdf?_gl=1*rdxvza*_gcl_au*MTAxNjU4ODk2My4xNzYzNzA5NTQw*_ga*MTgzODUxMTY5My4xNzYzNzA5NTM3*_ga_042SLW25LG*czE3NjM3MTE2MzQkbzIkZzEkdDE3NjM3MTE2NDckajQ3JGwwJGgw\" target=\"_blank\" rel=\"noopener\"><strong>Biologia<\/strong><\/a><\/p>\n<p><a href=\"https:\/\/superaitest.wauniversity.it\/cms\/files\/wau_\/filemanager\/files\/chimica.pdf?_gl=1*ues2y*_gcl_au*MTAxNjU4ODk2My4xNzYzNzA5NTQw*_ga*MTgzODUxMTY5My4xNzYzNzA5NTM3*_ga_042SLW25LG*czE3NjM3MTE2MzQkbzIkZzEkdDE3NjM3MTE2NTkkajM1JGwwJGgw\" target=\"_blank\" rel=\"noopener\"><strong>Chimica<\/strong><\/a><\/p>\n<p><strong><a href=\"https:\/\/superaitest.wauniversity.it\/cms\/files\/wau_\/filemanager\/files\/fisica.pdf?_gl=1*4b3555*_gcl_au*MTAxNjU4ODk2My4xNzYzNzA5NTQw*_ga*MTgzODUxMTY5My4xNzYzNzA5NTM3*_ga_042SLW25LG*czE3NjM3MTE2MzQkbzIkZzEkdDE3NjM3MTE3MzYkajYwJGwwJGgw\" target=\"_blank\" rel=\"noopener\">Fisica<\/a><\/strong><\/p>\n<hr \/>\n<p>Note:<\/p>\n<p class=\"wp-block wp-block-kubio-text position-relative wp-block-kubio-text__text style-KTQyYCU8A-text style-local-54-text h-lead\" data-kubio=\"kubio\/text\"><em>L&#039;<strong>Unione degli universitari<\/strong>\u00a0(<strong>UDU<\/strong>) \u00e8 un <a href=\"https:\/\/it.wikipedia.org\/wiki\/Associazione_studentesca\" target=\"_blank\" rel=\"noopener\">sindacato studentesco<\/a>\u00a0<a href=\"https:\/\/it.wikipedia.org\/wiki\/Universit%C3%A0_in_Italia\" target=\"_blank\" rel=\"noopener\">universitario<\/a>. Ne fanno parte 28 gruppi organizzati nelle principali\u00a0<span style=\"color: #000000;\"><a style=\"color: #000000;\" href=\"https:\/\/it.wikipedia.org\/wiki\/Universit%C3%A0\" target=\"_blank\" rel=\"noopener\">universit\u00e0<\/a>\u00a0<a style=\"color: #000000;\" href=\"https:\/\/it.wikipedia.org\/wiki\/Italia\" target=\"_blank\" rel=\"noopener\">italiane<\/a>.<\/span><\/em><\/p>\n<p id=\"paragraph\" class=\"wp-block wp-block-kubio-text position-relative wp-block-kubio-text__text style-lb05f7b2T-text style-local-55-text\" data-kubio=\"kubio\/text\"><em>Nasce nel 1994 dopo una serie di assemblee avvenute in diverse citt\u00e0 italiane organizzate da preesistenti associazioni studentesche<\/em><\/p>","protected":false},"excerpt":{"rendered":"<p>Da quest\u2019anno la selezione per l&#8217;accesso alla facolt\u00e0 di medicina (NdR: anche odontoiatria e veterinaria) non \u00e8 stata fatta con un test di ingresso. Il nuovo sistema, infatti, prevede che tutti gli studenti possano avere accesso al semestre \u201cpropedeutico\u201d, durante il quale partecipano a lezioni a frequenza obbligatoria di Chimica, Fisica\u00a0e Biologia, per un totale &hellip;<\/p>","protected":false},"author":4,"featured_media":84970,"comment_status":"closed","ping_status":"closed","sticky":false,"template":"","format":"standard","meta":{"footnotes":""},"categories":[16],"tags":[41],"class_list":["post-84968","post","type-post","status-publish","format-standard","has-post-thumbnail","hentry","category-primo-piano","tag-leggisentenze"],"amp_enabled":true,"_links":{"self":[{"href":"https:\/\/www.fedaiisf.it\/en\/wp-json\/wp\/v2\/posts\/84968","targetHints":{"allow":["GET"]}}],"collection":[{"href":"https:\/\/www.fedaiisf.it\/en\/wp-json\/wp\/v2\/posts"}],"about":[{"href":"https:\/\/www.fedaiisf.it\/en\/wp-json\/wp\/v2\/types\/post"}],"author":[{"embeddable":true,"href":"https:\/\/www.fedaiisf.it\/en\/wp-json\/wp\/v2\/users\/4"}],"replies":[{"embeddable":true,"href":"https:\/\/www.fedaiisf.it\/en\/wp-json\/wp\/v2\/comments?post=84968"}],"version-history":[{"count":11,"href":"https:\/\/www.fedaiisf.it\/en\/wp-json\/wp\/v2\/posts\/84968\/revisions"}],"predecessor-version":[{"id":84995,"href":"https:\/\/www.fedaiisf.it\/en\/wp-json\/wp\/v2\/posts\/84968\/revisions\/84995"}],"wp:featuredmedia":[{"embeddable":true,"href":"https:\/\/www.fedaiisf.it\/en\/wp-json\/wp\/v2\/media\/84970"}],"wp:attachment":[{"href":"https:\/\/www.fedaiisf.it\/en\/wp-json\/wp\/v2\/media?parent=84968"}],"wp:term":[{"taxonomy":"category","embeddable":true,"href":"https:\/\/www.fedaiisf.it\/en\/wp-json\/wp\/v2\/categories?post=84968"},{"taxonomy":"post_tag","embeddable":true,"href":"https:\/\/www.fedaiisf.it\/en\/wp-json\/wp\/v2\/tags?post=84968"}],"curies":[{"name":"wp","href":"https:\/\/api.w.org\/{rel}","templated":true}]}}