{"id":84976,"date":"2025-11-20T19:21:28","date_gmt":"2025-11-20T18:21:28","guid":{"rendered":"https:\/\/www.fedaiisf.it\/?p=84976"},"modified":"2025-11-20T19:21:28","modified_gmt":"2025-11-20T18:21:28","slug":"siena-gsk-vaccini-24-uscite-volontarie","status":"publish","type":"post","link":"https:\/\/www.fedaiisf.it\/en\/siena-gsk-vaccini-24-uscite-volontarie\/","title":{"rendered":"Siena. GSK vaccini: &#8220;24 uscite volontarie&#8221;"},"content":{"rendered":"<h3 class=\"article-title\">Gsk Vaccines, a Siena nuove uscite e pressioni interne<\/h3>\n<p>La multinazionale annuncia altre 24 uscite volontarie a Siena. Sindacati e Rsu: clima pesante, servono risposte e un piano industriale chiaro<\/p>\n<p><a href=\"https:\/\/www.collettiva.it\/copertine\/lavoro\/gsk-vaccines-siena-nuove-uscite-id6fbyla\" target=\"_blank\" rel=\"noopener\">Davide Colella &#8211; 19 novembre 2025 &#8211; Collettiva<\/a><\/p>\n<p>Questa mattina a Siena, nel corso di un incontro con Rsu e sindacati territoriali, la <a href=\"http:\/\/www.collettiva.it\/tag\/gsk\" target=\"_blank\" rel=\"noopener\">Gsk Vaccines<\/a> has <img loading=\"lazy\" decoding=\"async\" class=\"wp-image-80395 alignright\" src=\"https:\/\/www.fedaiisf.it\/wp-content\/uploads\/2025\/02\/gsk-vaccini-siena.webp\" alt=\"\" width=\"450\" height=\"240\" srcset=\"https:\/\/www.fedaiisf.it\/wp-content\/uploads\/2025\/02\/gsk-vaccini-siena.webp 1200w, https:\/\/www.fedaiisf.it\/wp-content\/uploads\/2025\/02\/gsk-vaccini-siena-300x160.webp 300w, https:\/\/www.fedaiisf.it\/wp-content\/uploads\/2025\/02\/gsk-vaccini-siena-1024x547.webp 1024w, https:\/\/www.fedaiisf.it\/wp-content\/uploads\/2025\/02\/gsk-vaccini-siena-768x410.webp 768w, https:\/\/www.fedaiisf.it\/wp-content\/uploads\/2025\/02\/gsk-vaccini-siena-18x10.webp 18w\" sizes=\"auto, (max-width: 450px) 100vw, 450px\" \/>comunicato l\u2019apertura di una <strong>nuova procedura di uscite volontarie<\/strong>: altre 24 persone in meno nel sito produttivo di <a href=\"http:\/\/www.collettiva.it\/tag\/siena\" target=\"_blank\" rel=\"noopener\">Siena<\/a>. Un numero che si somma a quello, gi\u00e0 imponente, <a href=\"https:\/\/www.collettiva.it\/copertine\/lavoro\/gsk-vaccines-270-esodi-incentivati-u1lvs22d\" target=\"_blank\" rel=\"noopener\">annunciato a novembre 2024<\/a>: 270 uscite, di cui 13 nel capoluogo e il resto nel sito di Rosia. Complessivamente si sfiora quota 300, pari al 15% dell\u2019intera forza lavoro. Una sforbiciata costante, silenziosa, che continua a rosicchiare il cuore industriale della multinazionale nel territorio senese.<\/p>\n<div class=\"ad-container dsk-article-ad-container\">\n<div id=\"34\" class=\"jsx-102145132 ad-container ad-position\" data-adv-position=\"DSK_ARTICLE_MR1\">\n<div id=\"beacon_eecefe8114\"><img loading=\"lazy\" decoding=\"async\" src=\"https:\/\/ads.collettiva.it\/www\/delivery\/lg.php?bannerid=0&amp;campaignid=0&amp;zoneid=34&amp;loc=https%3A%2F%2Fwww.collettiva.it%2Fcopertine%2Flavoro%2Fgsk-vaccines-siena-nuove-uscite-id6fbyla&amp;referer=https%3A%2F%2Fwww.collettiva.it%2F&amp;cb=eecefe8114\" alt=\"\" width=\"0\" height=\"0\" \/><span style=\"font-size: 14pt; font-weight: bold; background-color: #ffffff;\">TAGLI MASCHERATI DA OPPORTUNIT\u00c0, ACCUSE E TENSIONE TRA I LAVORATORI<\/span><\/div>\n<p>Per la Rsu <a href=\"http:\/\/www.collettiva.it\/categorie\/filctem\" target=\"_blank\" rel=\"noopener\">Filctem Cgil<\/a> il copione non cambia. Da anni, dicono, ogni investimento viene accompagnato da una nuova tornata di riduzioni. L\u2019azienda definisce le uscite \u201cun\u2019opportunit\u00e0\u201d, ma dal punto di vista sindacale il significato non cambia: si tratta sempre di tagli, che arrivano in un contesto gi\u00e0 segnato da una <strong>forte riduzione di personale<\/strong>. Sullo sfondo resta una domanda inevasa: quale responsabilit\u00e0 sociale pu\u00f2 rivendicare una multinazionale che cresce, investe, ma al tempo stesso assottiglia i propri organici?<\/p>\n<\/div>\n<\/div>\n<h2><span style=\"font-size: 14pt;\">IL NODO DEL PIANO INDUSTRIALE E LA RICHIESTA DI UN CONFRONTO URGENTE<\/span><\/h2>\n<p>La questione non \u00e8 nuova. Durante l\u2019estate, in Regione Toscana, i sindacati avevano gi\u00e0 segnalato un punto critico: il <strong>piano industriale<\/strong> del sito di Siena non era stato presentato. Gsk si era limitata a illustrare quello di Rosia, lasciando scoperta la prospettiva del polo senese. Oggi quella mancanza diventa una crepa pi\u00f9 evidente. Rsu e Filctem Cgil chiedono un incontro urgente in Regione, con il coinvolgimento non solo delle organizzazioni sindacali ma anche delle istituzioni. Per loro \u00e8 ormai indispensabile un quadro strategico chiaro sul futuro del sito.<\/p>\n<h2><span style=\"font-size: 14pt;\">PRESSIONI INTERNE, PROVVEDIMENTI DISCUTIBILI E TURNI INGESTIBILI<\/span><\/h2>\n<p><img loading=\"lazy\" decoding=\"async\" class=\"wp-image-79412 alignleft\" src=\"https:\/\/www.fedaiisf.it\/wp-content\/uploads\/2024\/12\/RSU-GSK-Siena.png\" alt=\"\" width=\"302\" height=\"164\" srcset=\"https:\/\/www.fedaiisf.it\/wp-content\/uploads\/2024\/12\/RSU-GSK-Siena.png 1003w, https:\/\/www.fedaiisf.it\/wp-content\/uploads\/2024\/12\/RSU-GSK-Siena-300x163.png 300w, https:\/\/www.fedaiisf.it\/wp-content\/uploads\/2024\/12\/RSU-GSK-Siena-768x417.png 768w, https:\/\/www.fedaiisf.it\/wp-content\/uploads\/2024\/12\/RSU-GSK-Siena-18x10.png 18w\" sizes=\"auto, (max-width: 302px) 100vw, 302px\" \/>Oltre ai numeri, il sindacato porta alla luce un clima definito \u201cpesante\u201d. Negli ultimi mesi, raccontano, si sarebbero <strong>moltiplicate le pressioni<\/strong> per spingere il personale ad aderire alle uscite incentivate. C\u2019\u00e8 chi si \u00e8 visto recapitare provvedimenti disciplinari giudicati \u201cridicoli\u201d, chi ha subito cambi di mansione o modifiche di orario che hanno reso impossibile conciliare lavoro e vita familiare. Una dinamica che, secondo la Rsu, ha colpito soprattutto le lavoratrici, gi\u00e0 pi\u00f9 esposte sul fronte della cura e della precariet\u00e0 occupazionale.<\/p>\n<h2><span style=\"font-size: 14pt;\">IL RISCHIO PER IL TERRITORIO E LA RICHIESTA DI INVERTIRE LA ROTTA<\/span><\/h2>\n<p>La crisi industriale che attraversa l\u2019area senese rende ancora pi\u00f9 fragile il quadro. Per molte lavoratrici e molti lavoratori, uscire ora dal perimetro Gsk significherebbe <strong>non avere alternative immediate<\/strong>. Da qui la denuncia dei sindacati e domande che diventano sempre pi\u00f9 urgenti: quale futuro immagina Gsk per Siena? E quali garanzie intende offrire alle persone che da anni contribuiscono alla produzione di vaccini che salvano vite in tutto il mondo?<\/p>\n<p>&nbsp;<\/p>","protected":false},"excerpt":{"rendered":"<p>Gsk Vaccines, a Siena nuove uscite e pressioni interne La multinazionale annuncia altre 24 uscite volontarie a Siena. Sindacati e Rsu: clima pesante, servono risposte e un piano industriale chiaro Davide Colella &#8211; 19 novembre 2025 &#8211; Collettiva Questa mattina a Siena, nel corso di un incontro con Rsu e sindacati territoriali, la Gsk Vaccines &hellip;<\/p>","protected":false},"author":4,"featured_media":84979,"comment_status":"closed","ping_status":"closed","sticky":false,"template":"","format":"standard","meta":{"footnotes":""},"categories":[1],"tags":[34],"class_list":["post-84976","post","type-post","status-publish","format-standard","has-post-thumbnail","hentry","category-notizie","tag-gsk"],"amp_enabled":true,"_links":{"self":[{"href":"https:\/\/www.fedaiisf.it\/en\/wp-json\/wp\/v2\/posts\/84976","targetHints":{"allow":["GET"]}}],"collection":[{"href":"https:\/\/www.fedaiisf.it\/en\/wp-json\/wp\/v2\/posts"}],"about":[{"href":"https:\/\/www.fedaiisf.it\/en\/wp-json\/wp\/v2\/types\/post"}],"author":[{"embeddable":true,"href":"https:\/\/www.fedaiisf.it\/en\/wp-json\/wp\/v2\/users\/4"}],"replies":[{"embeddable":true,"href":"https:\/\/www.fedaiisf.it\/en\/wp-json\/wp\/v2\/comments?post=84976"}],"version-history":[{"count":3,"href":"https:\/\/www.fedaiisf.it\/en\/wp-json\/wp\/v2\/posts\/84976\/revisions"}],"predecessor-version":[{"id":84980,"href":"https:\/\/www.fedaiisf.it\/en\/wp-json\/wp\/v2\/posts\/84976\/revisions\/84980"}],"wp:featuredmedia":[{"embeddable":true,"href":"https:\/\/www.fedaiisf.it\/en\/wp-json\/wp\/v2\/media\/84979"}],"wp:attachment":[{"href":"https:\/\/www.fedaiisf.it\/en\/wp-json\/wp\/v2\/media?parent=84976"}],"wp:term":[{"taxonomy":"category","embeddable":true,"href":"https:\/\/www.fedaiisf.it\/en\/wp-json\/wp\/v2\/categories?post=84976"},{"taxonomy":"post_tag","embeddable":true,"href":"https:\/\/www.fedaiisf.it\/en\/wp-json\/wp\/v2\/tags?post=84976"}],"curies":[{"name":"wp","href":"https:\/\/api.w.org\/{rel}","templated":true}]}}