{"id":85032,"date":"2025-11-24T10:20:33","date_gmt":"2025-11-24T09:20:33","guid":{"rendered":"https:\/\/www.fedaiisf.it\/?p=85032"},"modified":"2025-11-24T10:20:33","modified_gmt":"2025-11-24T09:20:33","slug":"aifa-ascolta-spazio-di-dialogo-con-lagenzia-riservato-ad-associazioni-e-pazienti","status":"publish","type":"post","link":"https:\/\/www.fedaiisf.it\/en\/aifa-ascolta-spazio-di-dialogo-con-lagenzia-riservato-ad-associazioni-e-pazienti\/","title":{"rendered":"&#8220;AIFA Ascolta&#8221;. Spazio di dialogo con l\u2019Agenzia riservato ad associazioni e pazienti"},"content":{"rendered":"<h3 class=\"portlet-title-news\">Al via AIFA Ascolta, per un\u2019Agenzia pi\u00f9 vicina alle esigenze dei pazienti<\/h3>\n<p>Il Consiglio di Amministrazione ha adottato il Regolamento di AIFA Ascolta, uno spazio di dialogo con l\u2019Agenzia riservato ad associazioni, reti e federazioni dei pazienti. L\u2019iniziativa si inserisce nel pi\u00f9 ampio <img loading=\"lazy\" decoding=\"async\" class=\"wp-image-76189 alignright\" src=\"https:\/\/www.fedaiisf.it\/wp-content\/uploads\/2024\/04\/Schermata-2024-04-21-alle-18.52.46.png\" alt=\"\" width=\"410\" height=\"287\" srcset=\"https:\/\/www.fedaiisf.it\/wp-content\/uploads\/2024\/04\/Schermata-2024-04-21-alle-18.52.46.png 836w, https:\/\/www.fedaiisf.it\/wp-content\/uploads\/2024\/04\/Schermata-2024-04-21-alle-18.52.46-300x211.png 300w, https:\/\/www.fedaiisf.it\/wp-content\/uploads\/2024\/04\/Schermata-2024-04-21-alle-18.52.46-768x539.png 768w, https:\/\/www.fedaiisf.it\/wp-content\/uploads\/2024\/04\/Schermata-2024-04-21-alle-18.52.46-18x12.png 18w\" sizes=\"auto, (max-width: 410px) 100vw, 410px\" \/>quadro delle politiche di partecipazione e ascolto attivo degli stakeholder, con l\u2019obiettivo di valorizzarne il contributo al miglioramento dell\u2019assistenza farmaceutica. E si affianca al progetto AIFA Incontra gi\u00e0 avviato, dedicato invece agli altri interlocutori esterni.<br \/>\nEntrambi i regolamenti sono stati inviati ai Ministeri della Salute e dell\u2019Economia e delle Finanze per l\u2019approvazione definitiva.<\/p>\n<p>\u201cAIFA Ascolta \u00e8 un progetto a cui teniamo molto \u2013 afferma il presidente Robert Nistic\u00f2 \u2013 perch\u00e9 rappresenta l\u2019avvio di una relazione strutturata e trasparente con le associazioni dei pazienti, che consentir\u00e0 uno scambio prezioso di conoscenze e buone pratiche e funger\u00e0 da stimolo per un\u2019azione pi\u00f9 rapida ed efficace dell\u2019Agenzia su questioni rilevanti e complesse o criticit\u00e0 che potranno essere portate alla nostra attenzione. Abbiamo voluto creare un canale esclusivo, per evidenziare la volont\u00e0 di AIFA di essere sempre pi\u00f9 prossima alle istanze dei pazienti.<\/p>\n<p>Nello stesso tempo, rafforziamo attraverso l\u2019iniziativa speculare AIFA Incontra il dialogo con tutti gli altri stakeholder, chiamati a collaborare in modo aperto e trasparente su temi di portata globale, dall\u2019enorme impatto sulla salute dei cittadini e sull\u2019assistenza sanitaria nel suo complesso, come l\u2019avanzare dell\u2019innovazione, l\u2019accesso equo e tempestivo alle cure, la carenza dei farmaci\u201d.<\/p>\n<p>AIFA Ascolta, che si articoler\u00e0 in una serie di incontri da svolgersi preferibilmente presso la sede dell\u2019Agenzia, ha finalit\u00e0 conoscitiva e non decisionale, con l\u2019obiettivo di sensibilizzare l\u2019Agenzia su problemi e temi particolarmente a cuore ai pazienti. Attraverso questo sportello d\u2019ascolto dedicato, le organizzazioni di pazienti che ne faranno richiesta, e che rispettano i requisiti previsti dal Regolamento, avranno l\u2019opportunit\u00e0 di confrontarsi con il Presidente e con i referenti degli uffici dell\u2019AIFA, coinvolti caso per caso sulla base delle tematiche affrontate, per sottoporre quesiti, esperienze, problemi concreti.<\/p>\n<p><img loading=\"lazy\" decoding=\"async\" class=\"wp-image-73346 alignleft\" src=\"https:\/\/www.fedaiisf.it\/wp-content\/uploads\/2023\/09\/AIFAIncontra_1280x720-logo.jpeg\" alt=\"\" width=\"290\" height=\"163\" srcset=\"https:\/\/www.fedaiisf.it\/wp-content\/uploads\/2023\/09\/AIFAIncontra_1280x720-logo.jpeg 1280w, https:\/\/www.fedaiisf.it\/wp-content\/uploads\/2023\/09\/AIFAIncontra_1280x720-logo-300x169.jpeg 300w, https:\/\/www.fedaiisf.it\/wp-content\/uploads\/2023\/09\/AIFAIncontra_1280x720-logo-1024x576.jpeg 1024w, https:\/\/www.fedaiisf.it\/wp-content\/uploads\/2023\/09\/AIFAIncontra_1280x720-logo-768x432.jpeg 768w, https:\/\/www.fedaiisf.it\/wp-content\/uploads\/2023\/09\/AIFAIncontra_1280x720-logo-18x10.jpeg 18w, https:\/\/www.fedaiisf.it\/wp-content\/uploads\/2023\/09\/AIFAIncontra_1280x720-logo-390x220.jpeg 390w\" sizes=\"auto, (max-width: 290px) 100vw, 290px\" \/>Gli incontri saranno programmati di norma con cadenza quadrimestrale, raggruppando, quando possibile, i soggetti interessati in base all\u2019affinit\u00e0 degli argomenti. Le istanze ritenute pi\u00f9 rilevanti, su iniziativa del Presidente, potranno essere successivamente sottoposte all\u2019attenzione del CdA o della Commissione Scientifica ed Economica, che valuteranno l\u2019opportunit\u00e0 di convocare in audizione i soggetti proponenti.<\/p>\n<p>Un \u201cRegistro di trasparenza\u201d, che sar\u00e0 pubblicato sul portale dell\u2019Agenzia nella pagina dedicata all\u2019iniziativa, riporter\u00e0 il calendario, l\u2019oggetto e le finalit\u00e0 degli incontri, i partecipanti, il resoconto finale e la relativa documentazione. La trasparenza sar\u00e0 garantita inoltre dalla possibilit\u00e0 che altre associazioni partecipino in qualit\u00e0 di uditori, facendone preventiva richiesta e dimostrando un interesse diretto e concreto.<\/p>\n<p>Se AIFA Ascolta \u00e8 lo strumento privilegiato di interlocuzione dell\u2019Agenzia con le associazioni dei pazienti, a societ\u00e0 scientifiche, aziende farmaceutiche, Istituti di ricerca, associazioni industriali e dei consumatori \u00e8 invece dedicato il progetto AIFA Incontra, gi\u00e0 in vigore dal 2023 ma appositamente rimodulato per definire il nuovo ambito di applicazione.<\/p>\n<p><a href=\"https:\/\/www.aifa.gov.it\/documents\/20142\/2694929\/Comunicato_AIFA_54-2025.pdf\" target=\"_blank\" rel=\"noopener\"><small>AIFA &#8211; Pubblicato il: 21 novembre 2025<\/small><\/a><\/p>\n<p>&nbsp;<\/p>","protected":false},"excerpt":{"rendered":"<p>Al via AIFA Ascolta, per un\u2019Agenzia pi\u00f9 vicina alle esigenze dei pazienti Il Consiglio di Amministrazione ha adottato il Regolamento di AIFA Ascolta, uno spazio di dialogo con l\u2019Agenzia riservato ad associazioni, reti e federazioni dei pazienti. L\u2019iniziativa si inserisce nel pi\u00f9 ampio quadro delle politiche di partecipazione e ascolto attivo degli stakeholder, con l\u2019obiettivo &hellip;<\/p>","protected":false},"author":4,"featured_media":85035,"comment_status":"closed","ping_status":"closed","sticky":false,"template":"","format":"standard","meta":{"footnotes":""},"categories":[1],"tags":[49],"class_list":["post-85032","post","type-post","status-publish","format-standard","has-post-thumbnail","hentry","category-notizie","tag-aifa"],"amp_enabled":true,"_links":{"self":[{"href":"https:\/\/www.fedaiisf.it\/en\/wp-json\/wp\/v2\/posts\/85032","targetHints":{"allow":["GET"]}}],"collection":[{"href":"https:\/\/www.fedaiisf.it\/en\/wp-json\/wp\/v2\/posts"}],"about":[{"href":"https:\/\/www.fedaiisf.it\/en\/wp-json\/wp\/v2\/types\/post"}],"author":[{"embeddable":true,"href":"https:\/\/www.fedaiisf.it\/en\/wp-json\/wp\/v2\/users\/4"}],"replies":[{"embeddable":true,"href":"https:\/\/www.fedaiisf.it\/en\/wp-json\/wp\/v2\/comments?post=85032"}],"version-history":[{"count":3,"href":"https:\/\/www.fedaiisf.it\/en\/wp-json\/wp\/v2\/posts\/85032\/revisions"}],"predecessor-version":[{"id":85036,"href":"https:\/\/www.fedaiisf.it\/en\/wp-json\/wp\/v2\/posts\/85032\/revisions\/85036"}],"wp:featuredmedia":[{"embeddable":true,"href":"https:\/\/www.fedaiisf.it\/en\/wp-json\/wp\/v2\/media\/85035"}],"wp:attachment":[{"href":"https:\/\/www.fedaiisf.it\/en\/wp-json\/wp\/v2\/media?parent=85032"}],"wp:term":[{"taxonomy":"category","embeddable":true,"href":"https:\/\/www.fedaiisf.it\/en\/wp-json\/wp\/v2\/categories?post=85032"},{"taxonomy":"post_tag","embeddable":true,"href":"https:\/\/www.fedaiisf.it\/en\/wp-json\/wp\/v2\/tags?post=85032"}],"curies":[{"name":"wp","href":"https:\/\/api.w.org\/{rel}","templated":true}]}}