{"id":85048,"date":"2025-11-25T19:45:04","date_gmt":"2025-11-25T18:45:04","guid":{"rendered":"https:\/\/www.fedaiisf.it\/?p=85048"},"modified":"2025-12-02T19:50:24","modified_gmt":"2025-12-02T18:50:24","slug":"nerviano-nerpharma-tra-fda-mimit-e-bandiere-a-mezzasta-cronaca-dal-basso-del-sito-produttivo-di-nerviano","status":"publish","type":"post","link":"https:\/\/www.fedaiisf.it\/en\/nerviano-nerpharma-tra-fda-mimit-e-bandiere-a-mezzasta-cronaca-dal-basso-del-sito-produttivo-di-nerviano\/","title":{"rendered":"Nerviano. NerPharMa tra FDA, MIMIT e bandiere a mezz&#8217;asta. Cronaca dal basso del sito produttivo"},"content":{"rendered":"<p><em>Riceviamo e pubblichiamo. Un racconto testimonianza dall&#8217;interno su cosa sta accadendo nello stabilimento: il ruolo di NerPharMa come unico asset con doppia certificazione AIFA\/FDA, le incertezze legate all&#8217;ispezione FDA di dicembre, le responsabilit\u00e0 delle strategie finanziarie del fondo proprietario e l&#8217;impatto reale su chi ogni giorno tiene in piedi produzione e qualit\u00e0.<\/em><\/p>\n<p><em>L&#8217;intento &#8211; dichiara l&#8217;Autore &#8211; non \u00e8 solo denunciare, ma contribuire a un dibattito pubblico informato sulla salvaguardia di un polo oncologico strategico per il Paese, dando spazio anche alla voce dei lavoratori che raramente trovano spazio nelle analisi ufficiali.<\/em><\/p>\n<div>\n<hr \/>\n<\/div>\n<h3>NerPharMa tra FDA, MIMIT e bandiere a mezz&#8217;asta<\/h3>\n<div>\n<p style=\"font-weight: 400;\"><strong><span style=\"font-size: 14pt;\">Cronaca dal basso del sito produttivo di Nerviano<\/span><\/strong><\/p>\n<p>Salendo ogni mattina verso il sito di NerPharMa, a Nerviano, capita di alzare lo sguardo verso i quattro <img loading=\"lazy\" decoding=\"async\" class=\"wp-image-85052 alignright\" src=\"https:\/\/www.fedaiisf.it\/wp-content\/uploads\/2025\/11\/NMS-bandiera-mezzasta-2.png\" alt=\"\" width=\"336\" height=\"215\" srcset=\"https:\/\/www.fedaiisf.it\/wp-content\/uploads\/2025\/11\/NMS-bandiera-mezzasta-2.png 611w, https:\/\/www.fedaiisf.it\/wp-content\/uploads\/2025\/11\/NMS-bandiera-mezzasta-2-300x192.png 300w, https:\/\/www.fedaiisf.it\/wp-content\/uploads\/2025\/11\/NMS-bandiera-mezzasta-2-18x12.png 18w\" sizes=\"auto, (max-width: 336px) 100vw, 336px\" \/>pennoni all&#8217;ingresso: la bandiera italiana, quella del gruppo, e quella cinese. Nei giorni scorsi, la bandiera della Cina \u00e8 rimasta a mezz&#8217;asta.<\/p>\n<p>Non so se sia stato un gesto intenzionale o una semplice dimenticanza. Di certo \u00e8 diventata, per molti di noi, l&#8217;immagine perfetta di quello che sta succedendo: un gruppo che guarda a Shanghai e al mondo, mentre il futuro del polo oncologico di Nerviano resta sospeso a met\u00e0, tra tavoli ministeriali, fondi di investimento e un&#8217;ispezione FDA imminente.<\/p>\n<p><strong><span style=\"font-size: 14pt;\">Il contesto: il fondo PAG smonta, le istituzioni rincorrono<\/span><\/strong><\/p>\n<p>L&#8217;attuale proprietario del gruppo NMS \u00e8 il fondo di investimento asiatico PAG. Negli ultimi anni i lavoratori hanno visto una progressiva dismissione &#8220;a pezzi&#8221;:<\/p>\n<ul>\n<li style=\"font-weight: 400;\">procedure di licenziamento in NMS e BioNerviano,<\/li>\n<li style=\"font-weight: 400;\">esuberi dichiarati,<\/li>\n<li style=\"font-weight: 400;\">incertezza crescente sul destino delle diverse societ\u00e0 del polo.<\/li>\n<\/ul>\n<p>Regione Lombardia e MIMIT hanno aperto tavoli di crisi riconoscendo il sito di Nerviano come polo strategico per la ricerca e la produzione oncologica. Da una parte, quindi, c&#8217;\u00e8 chi smonta; dall&#8217;altra, le istituzioni che cercano di evitare che si disperda un patrimonio di competenze costruito in decenni.<\/p>\n<p style=\"font-weight: 400;\"><strong><span style=\"font-size: 14pt;\">NerPharMa: l&#8217;asset pi\u00f9 delicato<\/span><\/strong><\/p>\n<p>Nel gruppo NMS, NerPharMa \u00e8 l&#8217;asset produttivo pi\u00f9 delicato:<\/p>\n<ul>\n<li style=\"font-weight: 400;\">\u00e8 l&#8217;unico stabilimento con doppia autorizzazione AIFA\/FDA,<\/li>\n<li style=\"font-weight: 400;\">produce farmaci oncologici per conto terzi,<\/li>\n<li style=\"font-weight: 400;\">ha gestito prodotti strategici per clienti internazionali.<\/li>\n<\/ul>\n<p>Proprio per questo \u00e8 finita sotto la lente della FDA, che ha emesso un vero e proprio &#8220;<em>cartellino giallo<\/em>&#8220;: sospensione dell&#8217;approvazione di nuovi prodotti collegati al sito, con impatto su un cliente che valeva da solo una quota importante della produzione.<\/p>\n<p style=\"font-weight: 400;\">\u00c8 in corso una trattativa per la possibile vendita di NerPharMa a un nuovo soggetto industriale (anche estero), ma l&#8217;esito dipende da tre variabili chiave:<\/p>\n<ul>\n<li style=\"font-weight: 400;\">l&#8217;esito delle verifiche FDA,<\/li>\n<li style=\"font-weight: 400;\">le decisioni del fondo PAG,<\/li>\n<li style=\"font-weight: 400;\">il grado di impegno concreto del MIMIT nel pretendere un vero piano di rilancio e non una semplice &#8220;vendita ordinata&#8221; di asset.<\/li>\n<\/ul>\n<p style=\"font-weight: 400;\"><strong><span style=\"font-size: 14pt;\">La variabile decisiva: l&#8217;ispezione FDA di inizio dicembre<\/span><\/strong><\/p>\n<p><img loading=\"lazy\" decoding=\"async\" class=\"wp-image-85054 alignleft\" src=\"https:\/\/www.fedaiisf.it\/wp-content\/uploads\/2025\/11\/FDA-Ispezione.png\" alt=\"\" width=\"340\" height=\"223\" srcset=\"https:\/\/www.fedaiisf.it\/wp-content\/uploads\/2025\/11\/FDA-Ispezione.png 352w, https:\/\/www.fedaiisf.it\/wp-content\/uploads\/2025\/11\/FDA-Ispezione-300x197.png 300w, https:\/\/www.fedaiisf.it\/wp-content\/uploads\/2025\/11\/FDA-Ispezione-18x12.png 18w\" sizes=\"auto, (max-width: 340px) 100vw, 340px\" \/>Nei primi giorni di dicembre 2025 \u00e8 attesa una valutazione\/ispezione FDA: un passaggio che per noi lavoratori pesa quanto un vero giudizio finale.<\/p>\n<p>Se l&#8217;esito sar\u00e0 positivo, NerPharMa torner\u00e0 a essere un asset appetibile, con maggiori margini per una cessione che tuteli almeno in parte occupazione e continuit\u00e0 produttiva.<\/p>\n<p>Se l&#8217;esito sar\u00e0 negativo, si rischiano:<\/p>\n<ul>\n<li>passi indietro da parte dei potenziali acquirenti,<\/li>\n<li>nuovi tagli,<\/li>\n<li>uno scenario di maggiore instabilit\u00e0 per tutto il gruppo.<\/li>\n<\/ul>\n<p>Intanto i lavoratori continuano a garantire produzioni, controlli qualit\u00e0, batch record, deviazioni e CAPA, cercando di tenere la barra dritta dentro un contesto estremamente fragile.<\/p>\n<p><strong><span style=\"font-size: 14pt;\">La narrativa sulla &#8220;negligenza&#8221; dei lavoratori<\/span><\/strong><\/p>\n<p>Negli ultimi mesi, in modo pi\u00f9 o meno esplicito, \u00e8 stata fatta circolare un&#8217;idea che molti di noi considerano inaccettabile: la crisi deriverebbe da presunte &#8220;negligenze&#8221; o &#8220;scarse performance&#8221; del personale.<\/p>\n<p>Chi vive i reparti sa che la realt\u00e0 \u00e8 un&#8217;altra:<\/p>\n<ul>\n<li>impianti con pi\u00f9 di vent&#8217;anni di servizio,<\/li>\n<li>Quality Unit sottodimensionata da anni rispetto alla complessit\u00e0 GMP,<\/li>\n<li>carichi di lavoro elevati e organici ridotti &#8220;al minimo sindacale&#8221;,<\/li>\n<li>investimenti rimandati o gestiti in logica emergenziale.<\/li>\n<\/ul>\n<p>Non \u00e8 la buona volont\u00e0 dei lavoratori ad essere mancata, ma una strategia industriale chiara e un piano di investimenti coerente con l&#8217;ambizione di reggere standard FDA\/AIFA su lungo periodo.<\/p>\n<p>Per questo, come rappresentante sindacale, ho ritenuto doveroso inviare al MIMIT diverse memorie dettagliate, tutte regolarmente protocollate, in cui vengono descritte le criticit\u00e0 organizzative e impiantistiche dal punto di vista di chi lavora quotidianamente sulle linee.<\/p>\n<p><strong><span style=\"font-size: 14pt;\">Un polo strategico che non pu\u00f2 vivere solo di speranza<\/span><\/strong><\/p>\n<p>NerPharMa e l&#8217;intero sito di Nerviano non sono solo &#8220;un&#8217;azienda privata in difficolt\u00e0&#8221;:<\/p>\n<ul>\n<li>sono un polo di ricerca e produzione oncologica che ha contribuito allo sviluppo di terapie innovative;<\/li>\n<li>rappresentano un pezzo della filiera farmaceutica nazionale ad alto valore aggiunto;<\/li>\n<li>danno lavoro a centinaia di persone, tra dirette e indotto.<\/li>\n<\/ul>\n<p><img loading=\"lazy\" decoding=\"async\" class=\"wp-image-80947 alignright\" src=\"https:\/\/www.fedaiisf.it\/wp-content\/uploads\/2025\/03\/nerpharma-nerviano.png\" alt=\"\" width=\"335\" height=\"195\" srcset=\"https:\/\/www.fedaiisf.it\/wp-content\/uploads\/2025\/03\/nerpharma-nerviano.png 1888w, https:\/\/www.fedaiisf.it\/wp-content\/uploads\/2025\/03\/nerpharma-nerviano-300x175.png 300w, https:\/\/www.fedaiisf.it\/wp-content\/uploads\/2025\/03\/nerpharma-nerviano-1024x597.png 1024w, https:\/\/www.fedaiisf.it\/wp-content\/uploads\/2025\/03\/nerpharma-nerviano-768x447.png 768w, https:\/\/www.fedaiisf.it\/wp-content\/uploads\/2025\/03\/nerpharma-nerviano-1536x895.png 1536w, https:\/\/www.fedaiisf.it\/wp-content\/uploads\/2025\/03\/nerpharma-nerviano-18x10.png 18w\" sizes=\"auto, (max-width: 335px) 100vw, 335px\" \/>Come credente o meno, ognuno \u00e8 libero di affidarsi alla propria speranza.<br \/>\nMa gli impianti, le assunzioni, i piani industriali e gli adeguamenti GMP non li fa il Cielo: li devono fare propriet\u00e0 e management, assumendosi la responsabilit\u00e0 delle scelte degli ultimi anni.<\/p>\n<p>I lavoratori di NerPharMa hanno dimostrato, anche nei momenti peggiori, impegno, professionalit\u00e0 e senso del dovere. Chiediamo che questa crisi diventi finalmente l&#8217;occasione per una scelta chiara:<\/p>\n<ul>\n<li>rilanciare davvero il sito con un progetto industriale credibile,<\/li>\n<li>oppure dichiarare apertamente che l&#8217;obiettivo \u00e8 solo la massimizzazione finanziaria di breve periodo.<\/li>\n<\/ul>\n<p>Quello che non accettiamo pi\u00f9 \u00e8 rimanere sospesi a mezz&#8217;asta, come quella bandiera cinese all&#8217;ingresso: n\u00e9 in alto, n\u00e9 in basso, in attesa che qualcun altro decida del nostro futuro.<\/p>\n<p>Bruno Pepi<br \/>\nRSA AllCa CUB \u2013 NerPharMa, Nerviano (MI)<\/p>\n<p style=\"font-weight: 400;\">\n<\/div>\n<div><\/div>","protected":false},"excerpt":{"rendered":"<p>Riceviamo e pubblichiamo. Un racconto testimonianza dall&#8217;interno su cosa sta accadendo nello stabilimento: il ruolo di NerPharMa come unico asset con doppia certificazione AIFA\/FDA, le incertezze legate all&#8217;ispezione FDA di dicembre, le responsabilit\u00e0 delle strategie finanziarie del fondo proprietario e l&#8217;impatto reale su chi ogni giorno tiene in piedi produzione e qualit\u00e0. L&#8217;intento &#8211; dichiara &hellip;<\/p>","protected":false},"author":4,"featured_media":85056,"comment_status":"closed","ping_status":"closed","sticky":false,"template":"","format":"standard","meta":{"footnotes":""},"categories":[16],"tags":[27],"class_list":["post-85048","post","type-post","status-publish","format-standard","has-post-thumbnail","hentry","category-primo-piano","tag-licenziati"],"amp_enabled":true,"_links":{"self":[{"href":"https:\/\/www.fedaiisf.it\/en\/wp-json\/wp\/v2\/posts\/85048","targetHints":{"allow":["GET"]}}],"collection":[{"href":"https:\/\/www.fedaiisf.it\/en\/wp-json\/wp\/v2\/posts"}],"about":[{"href":"https:\/\/www.fedaiisf.it\/en\/wp-json\/wp\/v2\/types\/post"}],"author":[{"embeddable":true,"href":"https:\/\/www.fedaiisf.it\/en\/wp-json\/wp\/v2\/users\/4"}],"replies":[{"embeddable":true,"href":"https:\/\/www.fedaiisf.it\/en\/wp-json\/wp\/v2\/comments?post=85048"}],"version-history":[{"count":6,"href":"https:\/\/www.fedaiisf.it\/en\/wp-json\/wp\/v2\/posts\/85048\/revisions"}],"predecessor-version":[{"id":85057,"href":"https:\/\/www.fedaiisf.it\/en\/wp-json\/wp\/v2\/posts\/85048\/revisions\/85057"}],"wp:featuredmedia":[{"embeddable":true,"href":"https:\/\/www.fedaiisf.it\/en\/wp-json\/wp\/v2\/media\/85056"}],"wp:attachment":[{"href":"https:\/\/www.fedaiisf.it\/en\/wp-json\/wp\/v2\/media?parent=85048"}],"wp:term":[{"taxonomy":"category","embeddable":true,"href":"https:\/\/www.fedaiisf.it\/en\/wp-json\/wp\/v2\/categories?post=85048"},{"taxonomy":"post_tag","embeddable":true,"href":"https:\/\/www.fedaiisf.it\/en\/wp-json\/wp\/v2\/tags?post=85048"}],"curies":[{"name":"wp","href":"https:\/\/api.w.org\/{rel}","templated":true}]}}