{"id":85058,"date":"2025-11-26T12:37:20","date_gmt":"2025-11-26T11:37:20","guid":{"rendered":"https:\/\/www.fedaiisf.it\/?p=85058"},"modified":"2025-12-02T19:49:23","modified_gmt":"2025-12-02T18:49:23","slug":"registro-degli-integratori-alimentari-aggiornamento","status":"publish","type":"post","link":"https:\/\/www.fedaiisf.it\/en\/registro-degli-integratori-alimentari-aggiornamento\/","title":{"rendered":"Registro degli integratori alimentari. Aggiornamento"},"content":{"rendered":"<p><a href=\"https:\/\/www.salute.gov.it\/new\/it\/tema\/alimenti-fini-medici-speciali-ed-integratori\/registro-degli-integratori-alimentari\/\" target=\"_blank\" rel=\"noopener\">Ministero della Salute &#8211; Aggiornamento del 10.11.2025<\/a><\/p>\n<p>Per effetto dell\u2019articolo 10 del <a id=\"\" class=\"\" title=\"apre nuova finestra portale Trovanorme\" href=\"https:\/\/www.trovanorme.salute.gov.it\/norme\/dettaglioAtto?id=23940\" target=\"_blank\" rel=\"noopener\" aria-label=\"decreto legislativo 21 maggio 2004 n. 169 - Sito esterno - Apertura in una nuova finestra\">decreto legislativo 21 maggio 2004 n. 169<\/a>\u00a0gli integratori alimentari, una volta conclusa favorevolmente la procedura di notifica, vengono inclusi, con un codice di tipo alfanumerico, in un Registro, che viene aggiornato mensilmente. \u00c8 facolt\u00e0 dell\u2019impresa interessata citare gli estremi dell\u2019inclusione nel Registro con un frase del tipo: &#8220;Prodotto incluso nel Registro degli integratori del Ministero della salute, codice&#8230;&#8221;<\/p>\n<p><img loading=\"lazy\" decoding=\"async\" class=\"wp-image-85061 alignright\" src=\"https:\/\/www.fedaiisf.it\/wp-content\/uploads\/2025\/11\/OSA-integratori.png\" alt=\"\" width=\"462\" height=\"226\" srcset=\"https:\/\/www.fedaiisf.it\/wp-content\/uploads\/2025\/11\/OSA-integratori.png 1380w, https:\/\/www.fedaiisf.it\/wp-content\/uploads\/2025\/11\/OSA-integratori-300x147.png 300w, https:\/\/www.fedaiisf.it\/wp-content\/uploads\/2025\/11\/OSA-integratori-1024x500.png 1024w, https:\/\/www.fedaiisf.it\/wp-content\/uploads\/2025\/11\/OSA-integratori-768x375.png 768w, https:\/\/www.fedaiisf.it\/wp-content\/uploads\/2025\/11\/OSA-integratori-18x9.png 18w\" sizes=\"auto, (max-width: 462px) 100vw, 462px\" \/>Con l\u2019entrata in vigore del nuovo sistema di notifica elettronica a luglio del 2018, la procedura \u00e8 stata informatizzata e l\u2019OSA riceve, non appena inviata la notifica, una ricevuta dell\u2019avvenuta trasmissione, come prova dell\u2019adempimento effettuato, inoltre, viene assegnato contestualmente un codice alfanumerico, che si ritrova nel registro.<\/p>\n<p>L\u2019effettuazione corretta della procedura di notifica, cos\u00ec come il rilascio del codice sono contestuali all\u2019immissione in commercio, che rimane sotto la responsabilit\u00e0 dell\u2019OSA (Operatore Settore Alimentare), e NON rappresentano n\u00e9 un riconoscimento della conformit\u00e0 dell\u2019integratore alimentare alla vigente normativa n\u00e9 una autorizzazione alla sua immissione in commercio.<\/p>\n<p>Dall&#8217;inizio del 2021 \u00e8 disponibile il\u00a0Registro nazionale degli integratori alimentari, contenente i prodotti notificati attraverso il sistema di notifica elettronica, che viene aggiornato mensilmente.<\/p>\n<p>L&#8217;inserimento nel registro <strong>NON costituisce <\/strong>un assenso alla commercializzazione n\u00e9 un&#8217;attestazione di conformit\u00e0 n\u00e9 un&#8217;autorizzazione espressa o implicita. La notifica viene, infatti, effettuata contestualmente alla notifica sotto la responsabilit\u00e0 dell\u2019OSA notificante.<\/p>\n<p>Durante le attivit\u00e0 di controllo, il Ministero, cos\u00ec come tutte le autorit\u00e0 preposte ai controlli ufficiali, interviene ogni qual volta rilevi delle non conformit\u00e0 sugli integratori alimentari notificati.<\/p>\n<h4>REGISTRO NAZIONALE INTEGRATORI ALIMENTARI<\/h4>\n<ul>\n<li><a id=\"\" class=\"\" title=\"Apre PDF\" href=\"https:\/\/www.salute.gov.it\/new\/sites\/default\/files\/INTEGRATORI_NOTIFICATI_ORD_PROD_4.pdf\" target=\"_blank\" rel=\"noopener\" aria-label=\" Collegamento a elenco per prodotto\">elenco per prodotto<\/a><\/li>\n<li><a id=\"\" class=\"\" title=\"Apre PDF\" href=\"https:\/\/www.salute.gov.it\/new\/sites\/default\/files\/INTEGRATORI_NOTIFICATI_ORD_AZ_4.pdf\" target=\"_blank\" rel=\"noopener nopener noreferrer\" aria-label=\" Collegamento a elenco per impresa\">elenco per impresa<\/a><\/li>\n<\/ul>\n<hr \/>\n<p>Note:<\/p>\n<p><em>Recependo la Direttiva europea 2002\/46, dal 30 luglio 2004 \u00e8 entrato in vigore in Italia un <a title=\"External Link\" href=\"https:\/\/www.epicentro.iss.it\/integratori\/pdf\/decreto%20integratori.pdf\" target=\"_blank\" rel=\"noopener\">law text<\/a> che regola con grande rigore il mercato degli integratori, che secondo quanto scritto nel testo stesso, vengono definiti come:<\/em><br \/>\n<em>\u201ci prodotti alimentari destinati ad integrare la comune dieta e che costituiscono una fonte concentrata di sostanze nutritive, quali le vitamine e i minerali, o di altre sostanze aventi un effetto nutritivo o fisiologico, in particolare ma non in via esclusiva aminoacidi, acidi grassi essenziali, fibre ed estratti di origine vegetale, sia monocomposti che pluricomposti, in forme predosate.\u201d<\/em><\/p>\n<p><em>L&#8217;OSA \u00e8 la persona fisica o giuridica responsabile di garantire il rispetto delle disposizioni della legislazione alimentare nell&#8217;impresa alimentare posta sotto il suo controllo.<\/em><br \/>\n<em>La responsabilizzazione dell&#8217;operatore del settore alimentare \u00e8 un punto cardine della legislazione alimentare, che cambia radicalmente rispetto all\u2019impostazione precedente l\u2019onere primario di garanzia della sicurezza alimentare.<\/em><\/p>\n<hr \/>\n<p>Related news: <a href=\"https:\/\/www.salute.gov.it\/new\/it\/tema\/alimenti-fini-medici-speciali-ed-integratori\/alimenti-fini-medici-speciali\/\" target=\"_blank\" rel=\"noopener\">Alimenti a fini medici speciali<\/a><\/p>","protected":false},"excerpt":{"rendered":"<p>Ministero della Salute &#8211; Aggiornamento del 10.11.2025 Per effetto dell\u2019articolo 10 del decreto legislativo 21 maggio 2004 n. 169\u00a0gli integratori alimentari, una volta conclusa favorevolmente la procedura di notifica, vengono inclusi, con un codice di tipo alfanumerico, in un Registro, che viene aggiornato mensilmente. \u00c8 facolt\u00e0 dell\u2019impresa interessata citare gli estremi dell\u2019inclusione nel Registro con &hellip;<\/p>","protected":false},"author":4,"featured_media":85062,"comment_status":"closed","ping_status":"closed","sticky":false,"template":"","format":"standard","meta":{"footnotes":""},"categories":[16],"tags":[196,41],"class_list":["post-85058","post","type-post","status-publish","format-standard","has-post-thumbnail","hentry","category-primo-piano","tag-integratori","tag-leggisentenze"],"amp_enabled":true,"_links":{"self":[{"href":"https:\/\/www.fedaiisf.it\/en\/wp-json\/wp\/v2\/posts\/85058","targetHints":{"allow":["GET"]}}],"collection":[{"href":"https:\/\/www.fedaiisf.it\/en\/wp-json\/wp\/v2\/posts"}],"about":[{"href":"https:\/\/www.fedaiisf.it\/en\/wp-json\/wp\/v2\/types\/post"}],"author":[{"embeddable":true,"href":"https:\/\/www.fedaiisf.it\/en\/wp-json\/wp\/v2\/users\/4"}],"replies":[{"embeddable":true,"href":"https:\/\/www.fedaiisf.it\/en\/wp-json\/wp\/v2\/comments?post=85058"}],"version-history":[{"count":3,"href":"https:\/\/www.fedaiisf.it\/en\/wp-json\/wp\/v2\/posts\/85058\/revisions"}],"predecessor-version":[{"id":85063,"href":"https:\/\/www.fedaiisf.it\/en\/wp-json\/wp\/v2\/posts\/85058\/revisions\/85063"}],"wp:featuredmedia":[{"embeddable":true,"href":"https:\/\/www.fedaiisf.it\/en\/wp-json\/wp\/v2\/media\/85062"}],"wp:attachment":[{"href":"https:\/\/www.fedaiisf.it\/en\/wp-json\/wp\/v2\/media?parent=85058"}],"wp:term":[{"taxonomy":"category","embeddable":true,"href":"https:\/\/www.fedaiisf.it\/en\/wp-json\/wp\/v2\/categories?post=85058"},{"taxonomy":"post_tag","embeddable":true,"href":"https:\/\/www.fedaiisf.it\/en\/wp-json\/wp\/v2\/tags?post=85058"}],"curies":[{"name":"wp","href":"https:\/\/api.w.org\/{rel}","templated":true}]}}