{"id":85136,"date":"2025-12-03T05:42:03","date_gmt":"2025-12-03T04:42:03","guid":{"rendered":"https:\/\/www.fedaiisf.it\/?p=85136"},"modified":"2025-12-06T17:01:20","modified_gmt":"2025-12-06T16:01:20","slug":"azienda-di-parafarmici-e-integratori-sanzionata-da-agcm-per-pratiche-di-vendita-on-line-scorrette","status":"publish","type":"post","link":"https:\/\/www.fedaiisf.it\/en\/azienda-di-parafarmici-e-integratori-sanzionata-da-agcm-per-pratiche-di-vendita-on-line-scorrette\/","title":{"rendered":"Azienda di parafarmici e integratori sanzionata da AGCoM per pratiche di vendita on line scorrette"},"content":{"rendered":"<p>L\u2019azienda sanzionata \u00e8 stata ritenuta responsabile di aver attuato una pratica commerciale scorretta in violazione del Codice del consumo. Le condotte illecite, accertate a partire dal novembre 2023, hanno riguardato la pubblicazione di offerte non veritiere relative alla effettiva disponibilit\u00e0 dei prodotti in magazzino e ai tempi di spedizione promessi. L\u2019istruttoria era stata avviata su segnalazione delle <img loading=\"lazy\" decoding=\"async\" class=\"wp-image-5766 alignright\" src=\"https:\/\/www.fedaiisf.it\/wp-content\/uploads\/2014\/11\/agcm.jpg\" alt=\"\" width=\"262\" height=\"139\" \/>associazioni dei consumatori.<\/p>\n<p>La documentazione esaminata dall\u2019Autorit\u00e0 ha evidenziato un numero elevato di consegne parziali o tardive dei prodotti acquistati e gi\u00e0 pagati dai clienti. In molti casi, la societ\u00e0 ha proceduto all\u2019annullamento unilaterale degli ordini dopo aver incassato il corrispettivo, adducendo motivazioni legate a errori di giacenza. \u00c8 emersa sistematica lentezza nell\u2019erogazione dei rimborsi dovuti in caso di recesso del consumatore o di annullamento dell\u2019ordine da parte della stessa societ\u00e0. Un ulteriore profilo di illiceit\u00e0 ha riguardato la carenza del servizio di assistenza post-vendita, con la sospensione del canale telefonico di supporto e risposte inadeguate ai reclami<\/p>\n<p>Sulla base degli elementi emerse, l&#8217;Autorit\u00e0 ritiene di determinare l\u2019importo della sanzione amministrativa <img loading=\"lazy\" decoding=\"async\" class=\"wp-image-85139 alignleft\" src=\"https:\/\/www.fedaiisf.it\/wp-content\/uploads\/2025\/12\/spedizione-on-line.png\" alt=\"\" width=\"302\" height=\"237\" srcset=\"https:\/\/www.fedaiisf.it\/wp-content\/uploads\/2025\/12\/spedizione-on-line.png 1124w, https:\/\/www.fedaiisf.it\/wp-content\/uploads\/2025\/12\/spedizione-on-line-300x235.png 300w, https:\/\/www.fedaiisf.it\/wp-content\/uploads\/2025\/12\/spedizione-on-line-1024x804.png 1024w, https:\/\/www.fedaiisf.it\/wp-content\/uploads\/2025\/12\/spedizione-on-line-768x603.png 768w, https:\/\/www.fedaiisf.it\/wp-content\/uploads\/2025\/12\/spedizione-on-line-15x12.png 15w\" sizes=\"auto, (max-width: 302px) 100vw, 302px\" \/>pecuniaria applicabile nella misura di 3.000.000,00 \u20ac (tre milioni di euro) in relazione alla pratica commerciale contestata.<\/p>\n<p class=\"p1\">Fermo quanto innanzi precisato, si dichiara nel provvedimento, che meritano tuttavia positiva valutazione le azioni poste in essere al fine di attenuare le conseguenze derivanti dalla pratica commerciale scorretta accertata.<\/p>\n<p>Considerando poi il fatto che la societ\u00e0 ha registrato una perdita d\u2019esercizio nel 2024 ammontante a 3.082.734,00 \u20ac e l\u2019attivazione di una procedura per la composizione negoziata della crisi d&#8217;impresa, la cui ammissione e validit\u00e0 sono state confermate dal Tribunale di Firenze, si ritiene, conclude l&#8217;AGCM, congruo determinare l\u2019importo finale della sanzione amministrativa pecuniaria applicabile nella misura di 2.000.000,00 \u20ac (due milioni di euro) in relazione alla pratica commerciale contestata.<\/p>\n<p><a href=\"https:\/\/www.agcm.it\/dotcmsdoc\/allegati-news\/PS12851_scorr.+sanz._omi..pdf\" target=\"_blank\" rel=\"noopener\"><strong>Il provvedimento dell&#8217;AGCM<\/strong><\/a><\/p>\n<hr \/>\n<p>Note<\/p>\n<p><em>L&#8217;azienda &#8220;valuter\u00e0 l\u2019opportunit\u00e0 di proporre ricorso dinanzi al Tribunale Amministrativo Regionale del Lazio, ritenendo la misura sanzionatoria eccessiva rispetto alla gravit\u00e0 e all\u2019effettiva rilevanza delle condotte contestate&#8221;.<\/em><\/p>\n<p>Related news: <a href=\"https:\/\/pharmacyscanner.it\/talea-group-farmae-verso-la-cessione-dellhub-di-nichelino-torino-in-pole-position-vim\/\" target=\"_blank\" rel=\"noopener\">Talea Group (Farma\u00e8) verso la cessione dell\u2019hub di Nichelino (Torino). In pole position Vim<\/a><\/p>","protected":false},"excerpt":{"rendered":"<p>L\u2019azienda sanzionata \u00e8 stata ritenuta responsabile di aver attuato una pratica commerciale scorretta in violazione del Codice del consumo. Le condotte illecite, accertate a partire dal novembre 2023, hanno riguardato la pubblicazione di offerte non veritiere relative alla effettiva disponibilit\u00e0 dei prodotti in magazzino e ai tempi di spedizione promessi. L\u2019istruttoria era stata avviata su &hellip;<\/p>","protected":false},"author":4,"featured_media":64914,"comment_status":"closed","ping_status":"closed","sticky":false,"template":"","format":"standard","meta":{"footnotes":""},"categories":[16],"tags":[41,22],"class_list":["post-85136","post","type-post","status-publish","format-standard","has-post-thumbnail","hentry","category-primo-piano","tag-leggisentenze","tag-truffa-farmaci"],"amp_enabled":true,"_links":{"self":[{"href":"https:\/\/www.fedaiisf.it\/en\/wp-json\/wp\/v2\/posts\/85136","targetHints":{"allow":["GET"]}}],"collection":[{"href":"https:\/\/www.fedaiisf.it\/en\/wp-json\/wp\/v2\/posts"}],"about":[{"href":"https:\/\/www.fedaiisf.it\/en\/wp-json\/wp\/v2\/types\/post"}],"author":[{"embeddable":true,"href":"https:\/\/www.fedaiisf.it\/en\/wp-json\/wp\/v2\/users\/4"}],"replies":[{"embeddable":true,"href":"https:\/\/www.fedaiisf.it\/en\/wp-json\/wp\/v2\/comments?post=85136"}],"version-history":[{"count":8,"href":"https:\/\/www.fedaiisf.it\/en\/wp-json\/wp\/v2\/posts\/85136\/revisions"}],"predecessor-version":[{"id":85151,"href":"https:\/\/www.fedaiisf.it\/en\/wp-json\/wp\/v2\/posts\/85136\/revisions\/85151"}],"wp:featuredmedia":[{"embeddable":true,"href":"https:\/\/www.fedaiisf.it\/en\/wp-json\/wp\/v2\/media\/64914"}],"wp:attachment":[{"href":"https:\/\/www.fedaiisf.it\/en\/wp-json\/wp\/v2\/media?parent=85136"}],"wp:term":[{"taxonomy":"category","embeddable":true,"href":"https:\/\/www.fedaiisf.it\/en\/wp-json\/wp\/v2\/categories?post=85136"},{"taxonomy":"post_tag","embeddable":true,"href":"https:\/\/www.fedaiisf.it\/en\/wp-json\/wp\/v2\/tags?post=85136"}],"curies":[{"name":"wp","href":"https:\/\/api.w.org\/{rel}","templated":true}]}}