{"id":8526,"date":"2015-03-02T11:40:39","date_gmt":"2015-03-02T10:40:39","guid":{"rendered":"http:\/\/www.fedaiisf.it\/?p=8526"},"modified":"2015-03-02T17:27:07","modified_gmt":"2015-03-02T16:27:07","slug":"dal-1-marzo-tfr-busta-paga-ecco-come","status":"publish","type":"post","link":"https:\/\/www.fedaiisf.it\/en\/dal-1-marzo-tfr-busta-paga-ecco-come\/","title":{"rendered":"From 1 March Tfr in payroll: here&#039;s how. The calculator"},"content":{"rendered":"<h3>I dipendenti del settore privato potranno ottenere la liquidazione maturata dal primo marzo 2015 al 30 giugno 2018 &#8211; La scelta \u00e8 libera, ma attenzione: i ripensamenti sono proibiti &#8211; Per chi guadagna oltre 28.650 euro l&#8217;anno, la tassazione \u00e8 svantaggiosa &#8211; Nessun effetto sul bonus di 80 euro n\u00e9 sull&#8217;imponibile previdenziale.<\/h3>\n<p><a href=\"http:\/\/www.firstonline.info\/a\/2015\/02\/26\/dal-1-marzo-tfr-in-busta-paga-ecco-come\/800afb7a-02b9-43d9-aa0b-10b0095cf225\" target=\"_blank\" rel=\"noopener\">26\/02\/2015 &#8211;\u00a0di Carlo Musilli &#8211; FIRST on line<\/a><\/p>\n<p><img loading=\"lazy\" decoding=\"async\" class=\"alignleft\" alt=\"\" src=\"http:\/\/i.static.firstonline.info\/files\/photo-variant\/235600\/235610-medium.jpg\" width=\"300\" height=\"166\" \/>Dalla prossima settimana parte la sperimentazione del\u00a0<strong>Tfr in busta paga <\/strong>[<a href=\"http:\/\/www.governo.it\/GovernoInforma\/documenti\/legge_stabilita_2015\/allegati\/ARTICOLATO.pdf\" target=\"_blank\" rel=\"noopener\">art.6 legge di stabilit\u00e0<\/a>]. Potranno farne richiesta solo i\u00a0<strong>lavoratori dipendenti del settore privato (purch\u00e9 abbiano un contratto da almeno sei mesi)<\/strong>, che dovranno presentare alla propria azienda il modulo\u00a0<strong>Qu.I.R.<\/strong>, acronimo per \u201cQuota maturanda del Trattamento di fine rapporto come parte Integrativa della Retribuzione\u201d, e avere l\u2019autorizzazione dell\u2019Inps.<\/p>\n<p>I lavoratori otterranno cos\u00ec la liquidazione mensile maturata\u00a0<strong>dal primo marzo 2015 al 30 giugno 2018<\/strong>. Il pagamento inizier\u00e0 dal mese successivo a quello della richiesta nelle aziende con pi\u00f9 di 50 dipendenti e tre mesi dopo in quelle con meno di 50 dipendenti (queste ultime possono accedere a un finanziamento bancario garantito presso un solo istituto di credito).<\/p>\n<p>La scelta \u00e8 libera e pu\u00f2 avvenire<strong>\u00a0in qualsiasi momento\u00a0<\/strong>nell\u2019arco di tempo previsto per la sperimentazione della misura. I ripensamenti, invece, sono proibiti: chi inizia \u00e8 obbligato a proseguire fino alla fine, fra tre anni e tre mesi. Le quote di <a href=\"http:\/\/www.inps.it\/portale\/default.aspx?itemdir=5931\" target=\"_blank\" rel=\"noopener\">Tfr<\/a> che arriveranno in busta paga, naturalmente, non saranno pi\u00f9 accantonate ai fini cui erano destinate in precedenza (la liquidazione o il finanziamento di un fondo pensione).<\/p>\n<p><a href=\"http:\/\/www.fedaiisf.it\/wp-content\/uploads\/2015\/03\/tfr.busta_.tassazione.jpg\"><img loading=\"lazy\" decoding=\"async\" class=\"size-full wp-image-8530 alignright\" alt=\"tfr.busta.tassazione\" src=\"http:\/\/www.fedaiisf.it\/wp-content\/uploads\/2015\/03\/tfr.busta_.tassazione.jpg\" width=\"268\" height=\"188\" \/><\/a>Quanto alla\u00a0<strong>tassazione<\/strong>, avverr\u00e0 con le aliquote ordinarie Irpef, pi\u00f9 alte rispetto al regime fiscale agevolato previsto oggi per il Tfr. Tuttavia, come emerge dai calcoli della Fondazione studi dei Consulenti del Lavoro, in termini fiscali non cambier\u00e0 nulla per i lavoratori con un reddito annuo fino a 15mila euro lordi, perch\u00e9 nel loro caso l\u2019aliquota Irpef e quella del Tfr coincidono (23%).<\/p>\n<p>Superata la soglia dei 15mila euro, invece, anticipare il Tfr comporta dei rincari, anche se per il secondo scaglione Irpef l&#8217;aggravio \u00e8 minimo. Ecco lo schema:<\/p>\n<p>&#8211;\u00a0<strong>Da 15mila a 28.650 euro\u00a0<\/strong>di reddito (aliquota Irpef al 27%) le tasse aumentano di circa 50 euro.<\/p>\n<p>&#8211;\u00a0<strong>Da 28.650 a 55mila euro<\/strong>\u00a0di reddito (aliquota Irpef al 38%) l\u2019incremento \u00e8 di circa 300 euro.<\/p>\n<p>&#8211;\u00a0<strong>Da 55mila a 75mila euro<\/strong>\u00a0di reddito (aliquota Irpef al 41%) l\u2019aumento previsto \u00e8 di circa 500 euro.<\/p>\n<p>&#8211;\u00a0<strong>Oltre i 75mila euro<\/strong>\u00a0di reddito (aliquota Irpef al 43%) anticipare il Tfr comporter\u00e0 un aggravio fiscale di poco inferiore a 600 euro.<\/p>\n<p>Inoltre, la liquidazione in busta paga incider\u00e0 sulle\u00a0<strong>detrazioni<\/strong>\u00a0per lavoro dipendente o familiari a carico, ma non sul computo del reddito per la concessione del\u00a0<strong>bonus da 80 euro<\/strong>, n\u00e9 ai fini dell\u2019<strong>imponibile previdenziale<\/strong>.<\/p>\n<p>Le categorie che\u00a0<strong>non possono<\/strong>\u00a0richiedere il Tfr in busta paga sono le seguenti:<\/p>\n<p>&#8211; dipendenti del settore agricolo;<\/p>\n<p>&#8211; dipendenti domestici;<\/p>\n<p>&#8211; i dipendenti in servizio in unit\u00e0 produttive sotto cassa integrazione straordinaria;<\/p>\n<p>&#8211; dipendenti di aziende sotto procedure concorsuali e fallimentari o di ristrutturazione dei debiti;<\/p>\n<p>&#8211; lavoratori che hanno utilizzato il Tfr maturato a garanzia di un finanziamento bancario.<\/p>\n<p>Il\u00a0<strong>Consiglio di Stato<\/strong>\u00a0ha dato il via libera al decreto sul Tfr in busta paga, esprimendo per\u00f2 alcune perplessit\u00e0 sulla tenuta del sistema previdenziale (poich\u00e9 la nuova misura pesa su uno degli elementi che dovrebbe garantire il sostentamento dei futuri pensionati nell\u2019era del sistema contributivo), sulla possibilit\u00e0 di costi aggiuntivi per le imprese e sulle categorie escluse (per possibili disparit\u00e0 di trattamento).<\/p>\n<p>Notizia correlata:\u00a0<a href=\"http:\/\/www.ilgiornale.it\/news\/economia\/ecco-linganno-tfr-busta-paga-soldi-subito-pi-tassati-1100402.html\" target=\"_blank\" rel=\"noopener\">Ecco l&#8217;inganno del Tfr in busta paga: soldi subito, ma pi\u00f9 tassati <\/a>(Il Giornale.it)<\/p>\n<p><a href=\"http:\/\/www.ilsole24ore.com\/art\/norme-e-tributi\/2015-03-02\/anticipo-tfr-meglio-uovo-oggi-in-busta-paga-o-gallina-domani-124515_PRV.shtml?uuid=ABn4On2C\" target=\"_blank\" rel=\"noopener\">Anticipo del Tfr: meglio l&#8217;uovo oggi (in busta paga) o la gallina domani?<\/a><\/p>\n<p><a href=\"https:\/\/public.tableausoftware.com\/views\/Tfrinbustapaga\/tfr?:embed=y&amp;:showTabs=y&amp;:display_count=no\" target=\"_blank\" rel=\"noopener\"><img loading=\"lazy\" decoding=\"async\" alt=\"Calcola il Tfr in busta paga\" src=\"http:\/\/www.infodata.ilsole24ore.com\/wp-content\/uploads\/sites\/82\/2015\/02\/calcolatoretfr-tableau.png\" width=\"600\" height=\"169\" \/><\/a><\/p>\n<p>Calcola il Tfr in busta paga<\/p>\n<p>Il\u00a0calcolatore messo a punto dal Sole 24 Ore si basa su valori lordi presunti di retribuzione e reddituali, passibili di conguaglio in fase di dichiarazione dei redditi. Lo strumento, per quanto indicativo, \u00e8 utile per avere un\u2019indicazione dell\u2019impatto della misura sulla propria busta paga tenendo conto dell\u2019imposizione fiscale. La tassazione ordinaria (Irpef) impatta in modo progressivo all\u2019aumentare del reddito lordo annuo. Tuttavia, nonostante il maggior peso della variabile fiscale, l\u2019anticipo sar\u00e0 comunque pi\u00f9 elevato per chi ha una base imponibile maggiore.<\/p>\n<p><em><strong>Nota bene:<\/strong>\u00a0I calcoli tengono conto dell\u2019imposta Irpef ordinaria e non comprendono le addizionali regionali e comunali. La base imponibile incude il Tfr maturando nel 2015. Inoltre si presume che la retribuzione lorda annua rappresenti l\u2019imponibile previdenziale e che non sia cambiato rispetto all\u2019anno precedente. Il risultato ha un carattere indicativo e non ha alcun valore a fini fiscali. L\u2019esatta determinazione dipende dalle modalit\u00e0 di applicazione delle imposte ed \u00e8 comunque sottoposta a conguaglio finale.<\/em><\/p>\n","protected":false},"excerpt":{"rendered":"<p>I dipendenti del settore privato potranno ottenere la liquidazione maturata dal primo marzo 2015 al 30 giugno 2018 &#8211; La scelta \u00e8 libera, ma attenzione: i ripensamenti sono proibiti &#8211; Per chi guadagna oltre 28.650 euro l&#8217;anno, la tassazione \u00e8 svantaggiosa &#8211; Nessun effetto sul bonus di 80 euro n\u00e9 sull&#8217;imponibile previdenziale. 26\/02\/2015 &#8211;\u00a0di Carlo &hellip;<\/p>","protected":false},"author":4,"featured_media":8532,"comment_status":"closed","ping_status":"closed","sticky":false,"template":"","format":"standard","meta":{"footnotes":""},"categories":[1],"tags":[41],"class_list":["post-8526","post","type-post","status-publish","format-standard","has-post-thumbnail","hentry","category-notizie","tag-leggisentenze"],"amp_enabled":true,"_links":{"self":[{"href":"https:\/\/www.fedaiisf.it\/en\/wp-json\/wp\/v2\/posts\/8526","targetHints":{"allow":["GET"]}}],"collection":[{"href":"https:\/\/www.fedaiisf.it\/en\/wp-json\/wp\/v2\/posts"}],"about":[{"href":"https:\/\/www.fedaiisf.it\/en\/wp-json\/wp\/v2\/types\/post"}],"author":[{"embeddable":true,"href":"https:\/\/www.fedaiisf.it\/en\/wp-json\/wp\/v2\/users\/4"}],"replies":[{"embeddable":true,"href":"https:\/\/www.fedaiisf.it\/en\/wp-json\/wp\/v2\/comments?post=8526"}],"version-history":[{"count":0,"href":"https:\/\/www.fedaiisf.it\/en\/wp-json\/wp\/v2\/posts\/8526\/revisions"}],"wp:featuredmedia":[{"embeddable":true,"href":"https:\/\/www.fedaiisf.it\/en\/wp-json\/wp\/v2\/media\/8532"}],"wp:attachment":[{"href":"https:\/\/www.fedaiisf.it\/en\/wp-json\/wp\/v2\/media?parent=8526"}],"wp:term":[{"taxonomy":"category","embeddable":true,"href":"https:\/\/www.fedaiisf.it\/en\/wp-json\/wp\/v2\/categories?post=8526"},{"taxonomy":"post_tag","embeddable":true,"href":"https:\/\/www.fedaiisf.it\/en\/wp-json\/wp\/v2\/tags?post=8526"}],"curies":[{"name":"wp","href":"https:\/\/api.w.org\/{rel}","templated":true}]}}