{"id":85304,"date":"2025-12-10T17:51:33","date_gmt":"2025-12-10T16:51:33","guid":{"rendered":"https:\/\/www.fedaiisf.it\/?p=85304"},"modified":"2025-12-10T18:26:40","modified_gmt":"2025-12-10T17:26:40","slug":"arisf-abruzzo-presentata-in-una-conferenza-stampa-la-legge-regionale-che-istituisce-il-registro-degli-informatori-scientifici","status":"publish","type":"post","link":"https:\/\/www.fedaiisf.it\/en\/arisf-abruzzo-presentata-in-una-conferenza-stampa-la-legge-regionale-che-istituisce-il-registro-degli-informatori-scientifici\/","title":{"rendered":"ARISF Abruzzo. Presentata in una conferenza stampa la legge regionale che istituisce il registro degli Informatori Scientifici"},"content":{"rendered":"<p><a href=\"https:\/\/youtu.be\/9QhzcA03ZgY?si=LK6-4b8_kkSM3c4F\" target=\"_blank\" rel=\"noopener\"><span style=\"font-size: 14pt;\"><strong>Video\u00a0<\/strong><\/span><\/a><\/p>\n<p>Si \u00e8 tenuta nella sala Corradino D\u2019Ascanio presso il palazzo del Consiglio regionale in Piazza Unione a Pescara, la conferenza stampa per la presentazione della legge regionale sul Registro degli Informatori scientifici del farmaco.<\/p>\n<p><img loading=\"lazy\" decoding=\"async\" class=\"wp-image-85307 alignright\" src=\"https:\/\/www.fedaiisf.it\/wp-content\/uploads\/2025\/12\/Screenshot-2025-12-10-alle-16.14.32.png\" alt=\"\" width=\"426\" height=\"242\" srcset=\"https:\/\/www.fedaiisf.it\/wp-content\/uploads\/2025\/12\/Screenshot-2025-12-10-alle-16.14.32.png 1160w, https:\/\/www.fedaiisf.it\/wp-content\/uploads\/2025\/12\/Screenshot-2025-12-10-alle-16.14.32-300x170.png 300w, https:\/\/www.fedaiisf.it\/wp-content\/uploads\/2025\/12\/Screenshot-2025-12-10-alle-16.14.32-1024x581.png 1024w, https:\/\/www.fedaiisf.it\/wp-content\/uploads\/2025\/12\/Screenshot-2025-12-10-alle-16.14.32-768x436.png 768w, https:\/\/www.fedaiisf.it\/wp-content\/uploads\/2025\/12\/Screenshot-2025-12-10-alle-16.14.32-18x10.png 18w\" sizes=\"auto, (max-width: 426px) 100vw, 426px\" \/>La legge sul Registro regionale degli Informatori scientifici del farmaco mira a garantire maggiore trasparenza e tracciabilit\u00e0 nell\u2019operato di queste figure professionali, fondamentali per la diffusione di informazioni scientifiche sui farmaci.<\/p>\n<p>A spiegarne le finalit\u00e0 \u00e8 stato il consigliere Vincenzo D&#8217;Incecco, presentatore del disegno di Legge con la consigliera Carla Mannetti, \u201cLa norma colma un vuoto normativo nazionale, in assenza di un ordine professionale istituito per legge, e segue l\u2019esempio di altre regioni italiane come Calabria, Basilicata, Campania e Marche. Un passo importante per migliorare la qualit\u00e0 dell\u2019informazione scientifica, rafforzare la farmacovigilanza e riconoscere il ruolo degli informatori scientifici nel sistema sanitario regionale\u201d.<\/p>\n<p>All\u2019incontro sono intervenuti <strong>Francis Danish<\/strong>, vice presidente nazionale Informatori scientifici FEDAIISF (Federazione delle Associazioni Italiane degli Informatori Scientifici del Farmaco e del Parafarmaco); <strong>Barbara Pinna<\/strong>, presidente ARISF Abruzzo; <strong>Saverio La Forgia,<\/strong> responsabile del Dipartimento regionale Sanit\u00e0 della Lega; <strong>Daniela Sulpizio,<\/strong> responsabile del Dipartimento regionale Economia Lega; <strong>Hermo D\u2019Astolfo<\/strong>, dirigente provinciale Lega Pescara.<\/p>\n<p>Il Registro prevede anche una sezione dedicata ai professionisti che operano nell\u2019informazione scientifica su dispositivi medici, presidi medico-chirurgici, alimenti a fini medici speciali, prodotti nutrizionali e parafarmaci.<\/p>\n<p>\u201cCi\u00f2 \u2013 ha spiegato D\u2019Incecco \u2013 consentir\u00e0 agli organismi di vigilanza di accedere a dati finora non disponibili, migliorando la programmazione e il governo clinico. Un ulteriore beneficio riguarda il contenimento della spesa sanitaria grazie a un\u2019informazione pi\u00f9 accurata e orientata all\u2019uso appropriato dei farmaci\u201d.<\/p>\n<p>La legge istituisce inoltre un Tavolo permanente sul farmaco composto da rappresentanti della Regione, dell\u2019Agenzia Sanitaria Regionale, medici, farmacisti e informatori scientifici, con la finalit\u00e0 di favorire il confronto tra i diversi attori della filiera e contribuire al miglioramento continuo di sicurezza ed efficacia dei <img loading=\"lazy\" decoding=\"async\" class=\"wp-image-85308 alignleft\" src=\"https:\/\/www.fedaiisf.it\/wp-content\/uploads\/2025\/12\/tavolo-conferenza-ARISF.png\" alt=\"\" width=\"374\" height=\"219\" srcset=\"https:\/\/www.fedaiisf.it\/wp-content\/uploads\/2025\/12\/tavolo-conferenza-ARISF.png 998w, https:\/\/www.fedaiisf.it\/wp-content\/uploads\/2025\/12\/tavolo-conferenza-ARISF-300x176.png 300w, https:\/\/www.fedaiisf.it\/wp-content\/uploads\/2025\/12\/tavolo-conferenza-ARISF-768x449.png 768w, https:\/\/www.fedaiisf.it\/wp-content\/uploads\/2025\/12\/tavolo-conferenza-ARISF-18x12.png 18w\" sizes=\"auto, (max-width: 374px) 100vw, 374px\" \/>medicinali e dei parafarmaci.<\/p>\n<p>Nel corso della conferenza stampa \u00e8 stata illustrata una risoluzione, a firma D\u2019Incecco, presentata il 28 ottobre scorso, che impegna la Regione Abruzzo a sostenere presso Governo e Parlamento l\u2019istituzione di un Ordine nazionale degli informatori scientifici del farmaco cos\u00ec da garantire riconoscimento formale alla professione, tutelare i lavoratori, definire un codice deontologico e assicurare elevati standard di qualit\u00e0 dell\u2019informazione scientifica.<\/p>\n<p>\u201cIl Registro \u2013 ha sottolineato Danese \u2013 corona un sogno che coltivavamo da anni. Ringrazio il Consiglio regionale per l\u2019approvazione della legge. Ora, insieme a Campania, Basilicata, Marche e Calabria, puntiamo a portare questa proposta a livello nazionale affinch\u00e9 venga riconosciuta la piena dignit\u00e0 professionale dei tanti informatori scientifici che operano sul territorio\u201d.<\/p>\n<p>Anche la presidente Arisf Pinna ha tenuto a ringraziare i consiglieri Mannetti e D\u2019Incecco e l\u2019intero Consiglio regionale \u201cper la disponibilit\u00e0 dimostrata nel sostenere l\u2019istituzione del Registro regionale degli informatori scientifici del farmaco\u201d.<\/p>\n<p>\u201cNoi informatori scientifici \u2013 ha evidenziato \u2013 siamo professionisti qualificati incaricati dalle aziende farmaceutiche di fornire agli operatori sanitari: medici e farmacisti un\u2019informazione aggiornata, corretta e scientificamente validata su farmaci e dispositivi medici. Pur ricoprendo un ruolo di alta responsabilit\u00e0 nella tutela della salute pubblica, la nostra professione non \u00e8 per\u00f2 ancora organizzata in un ordine e quindi manca un riconoscimento formale. L\u2019istituzione del Registro rappresenta un primo passo fondamentale per valorizzare il nostro ruolo\u201d.<\/p>\n<p>Il progetto di legge \u00e8 stato presentato e approvato all\u2019unanimit\u00e0 dal Consiglio regionale l\u201911 giugno scorso (<a href=\"http:\/\/www2.consiglio.regione.abruzzo.it\/leggi_tv\/abruzzo_lr\/2025\/lr25020\/Intero.asp\" target=\"_blank\" rel=\"noopener\">Legge regionale 24 giugno 2025, n. 20<\/a>, che istituisce il Registro regionale degli Informatori scientifici del farmaco).<\/p>\n<p><a href=\"https:\/\/youtu.be\/YfrIkQgn4KU?si=V9PBO7VZiT4zJtkt\" target=\"_blank\" rel=\"noopener\"><strong>Video 2<\/strong><\/a><\/p>\n<p>Related news: <a href=\"https:\/\/www.abruzzonews24.com\/emiciclo-informatori-scientifici-farmaco-dincecco-in-abruzzo-nasce-il-registro\/\" target=\"_blank\" rel=\"noopener\"><strong>Emiciclo. Informatori scientifici farmaco, D\u2019Incecco: \u201cIn Abruzzo nasce il Registro\u201d<\/strong><\/a><\/p>\n<p><a href=\"https:\/\/www.rete8.it\/cronaca\/regione-abruzzo-un-registro-per-gli-informatori-scientifici\/amp\/\" target=\"_blank\" rel=\"noopener\"><strong>Rete8. Regione Abruzzo: un registro per gli informatori scientifici<\/strong><\/a><\/p>\n<p><a href=\"https:\/\/www.centroabruzzonews.com\/2025\/12\/informatori-scientifici-farmaco.html?m=1\" target=\"_blank\" rel=\"noopener\">Centro Abruzzo<\/a><\/p>\n<p><a href=\"https:\/\/www.laquilablog.it\/abruzzo-istituito-il-registro-degli-informatori-scientifici-del-farmaco\/\" target=\"_blank\" rel=\"noopener\">L&#8217;Aquila blog. Abruzzo, istituito il Registro degli Informatori Scientifici del Farmaco<\/a><\/p>\n<p><a href=\"https:\/\/abruzzoweb.it\/informatori-scientifici-farmaco-dincecco-in-abruzzo-nasce-il-registro-ora-ordine-nazionale\/\" target=\"_blank\" rel=\"noopener\">Abruzzo Web. Informatori scientifici farmaco: D\u2019Incecco, \u201cin Abruzzo nasce il registro, ora ordine nazionale\u201d<\/a><\/p>\n<p><a href=\"https:\/\/www.abruzzonews24.com\/pescara-nasce-il-registro-regionale-degli-informatori-scientifici-del-farmaco\/\" target=\"_blank\" rel=\"noopener\">Abruzzo News24. Pescara, nasce il Registro regionale degli informatori scientifici del farmaco<\/a><\/p>","protected":false},"excerpt":{"rendered":"<p>Il video\u00a0 Si \u00e8 tenuta nella sala Corradino D\u2019Ascanio presso il palazzo del Consiglio regionale in Piazza Unione a Pescara, la conferenza stampa per la presentazione della legge regionale sul Registro degli Informatori scientifici del farmaco. La legge sul Registro regionale degli Informatori scientifici del farmaco mira a garantire maggiore trasparenza e tracciabilit\u00e0 nell\u2019operato di &hellip;<\/p>","protected":false},"author":4,"featured_media":85310,"comment_status":"closed","ping_status":"closed","sticky":false,"template":"","format":"standard","meta":{"footnotes":""},"categories":[1,14],"tags":[45],"class_list":["post-85304","post","type-post","status-publish","format-standard","has-post-thumbnail","hentry","category-notizie","category-news-fedaiisf","tag-fedaiisf"],"amp_enabled":true,"_links":{"self":[{"href":"https:\/\/www.fedaiisf.it\/en\/wp-json\/wp\/v2\/posts\/85304","targetHints":{"allow":["GET"]}}],"collection":[{"href":"https:\/\/www.fedaiisf.it\/en\/wp-json\/wp\/v2\/posts"}],"about":[{"href":"https:\/\/www.fedaiisf.it\/en\/wp-json\/wp\/v2\/types\/post"}],"author":[{"embeddable":true,"href":"https:\/\/www.fedaiisf.it\/en\/wp-json\/wp\/v2\/users\/4"}],"replies":[{"embeddable":true,"href":"https:\/\/www.fedaiisf.it\/en\/wp-json\/wp\/v2\/comments?post=85304"}],"version-history":[{"count":8,"href":"https:\/\/www.fedaiisf.it\/en\/wp-json\/wp\/v2\/posts\/85304\/revisions"}],"predecessor-version":[{"id":85315,"href":"https:\/\/www.fedaiisf.it\/en\/wp-json\/wp\/v2\/posts\/85304\/revisions\/85315"}],"wp:featuredmedia":[{"embeddable":true,"href":"https:\/\/www.fedaiisf.it\/en\/wp-json\/wp\/v2\/media\/85310"}],"wp:attachment":[{"href":"https:\/\/www.fedaiisf.it\/en\/wp-json\/wp\/v2\/media?parent=85304"}],"wp:term":[{"taxonomy":"category","embeddable":true,"href":"https:\/\/www.fedaiisf.it\/en\/wp-json\/wp\/v2\/categories?post=85304"},{"taxonomy":"post_tag","embeddable":true,"href":"https:\/\/www.fedaiisf.it\/en\/wp-json\/wp\/v2\/tags?post=85304"}],"curies":[{"name":"wp","href":"https:\/\/api.w.org\/{rel}","templated":true}]}}