{"id":85340,"date":"2025-12-11T12:39:51","date_gmt":"2025-12-11T11:39:51","guid":{"rendered":"https:\/\/www.fedaiisf.it\/?p=85340"},"modified":"2025-12-11T12:39:51","modified_gmt":"2025-12-11T11:39:51","slug":"nms-nerviano-sindacati-positiva-la-cessazione-della-procedura-di-licenziamento-collettivo","status":"publish","type":"post","link":"https:\/\/www.fedaiisf.it\/en\/nms-nerviano-sindacati-positiva-la-cessazione-della-procedura-di-licenziamento-collettivo\/","title":{"rendered":"NMS Nerviano. Sindacati: positiva la cessazione della procedura di licenziamento collettivo"},"content":{"rendered":"<p><img loading=\"lazy\" decoding=\"async\" class=\"alignnone size-full wp-image-85341\" src=\"https:\/\/www.fedaiisf.it\/wp-content\/uploads\/2025\/12\/Comunicato-sindacati-NMS-Nerviano.png\" alt=\"\" width=\"1072\" height=\"446\" srcset=\"https:\/\/www.fedaiisf.it\/wp-content\/uploads\/2025\/12\/Comunicato-sindacati-NMS-Nerviano.png 1072w, https:\/\/www.fedaiisf.it\/wp-content\/uploads\/2025\/12\/Comunicato-sindacati-NMS-Nerviano-300x125.png 300w, https:\/\/www.fedaiisf.it\/wp-content\/uploads\/2025\/12\/Comunicato-sindacati-NMS-Nerviano-1024x426.png 1024w, https:\/\/www.fedaiisf.it\/wp-content\/uploads\/2025\/12\/Comunicato-sindacati-NMS-Nerviano-768x320.png 768w, https:\/\/www.fedaiisf.it\/wp-content\/uploads\/2025\/12\/Comunicato-sindacati-NMS-Nerviano-18x7.png 18w\" sizes=\"auto, (max-width: 1072px) 100vw, 1072px\" \/><\/p>\n<p style=\"text-align: justify;\"><span style=\"font-size: 14pt; color: #000000;\">\u201cAccogliamo positivamente la notizia della cessazione della procedura di licenziamento collettivo per le lavoratrici e i lavoratori della <strong>Nerviano Medical Sciences<\/strong>. Nei prossimi giorni sar\u00e0 formalizzata in <strong>Lombardy region<\/strong> e si determineranno le modalit\u00e0 di erogazione della Cassa Integrazione strumento con il quali si intende riaccompagnare il processo di reindustrializzazione\u201d: hanno affermato le segreterie nazionali di <strong>Filctem Cgil, Femca Cisl, Uiltec Uil<\/strong>al termine dell\u2019incontro al <strong>Ministero dell\u2019Impresa e del Made In Italy<\/strong> questa mattina per la Vertenza <strong>NMS<\/strong>.<\/span><\/p>\n<p style=\"text-align: justify;\"><span style=\"font-size: 14pt; color: #000000;\">\u201cL\u2019interesse avanzato per il centro di ricerca di Nerviano con le sue alte competenze di un soggetto industriale quotato in borsa apre a prospettive che potrebbero ridare un futuro al sito. Abbiamo chiesto al <strong>MIMIT<\/strong> la garanzia che il Tavolo ministeriale rimanga aperto e monitori insieme a noi le fasi di avanzamento del progetto. Auspichiamo che entro i prossimi sei mesi si possa concludere positivamente questa vertenza\u201d: hanno concluso.<\/span><\/p>\n<p><a href=\"https:\/\/www.filctemcgil.it\/images\/comunicati_stampa\/251210_CS_Vertenza_NMS_a_Nerviano.pdf\" target=\"_blank\" rel=\"noopener\">Press release<\/a><\/p>\n<hr \/>\n<h3><img loading=\"lazy\" decoding=\"async\" class=\"alignnone size-full wp-image-85346\" src=\"https:\/\/www.fedaiisf.it\/wp-content\/uploads\/2025\/12\/sindacati-al-Mimit.png\" alt=\"\" width=\"588\" height=\"349\" srcset=\"https:\/\/www.fedaiisf.it\/wp-content\/uploads\/2025\/12\/sindacati-al-Mimit.png 588w, https:\/\/www.fedaiisf.it\/wp-content\/uploads\/2025\/12\/sindacati-al-Mimit-300x178.png 300w, https:\/\/www.fedaiisf.it\/wp-content\/uploads\/2025\/12\/sindacati-al-Mimit-18x12.png 18w\" sizes=\"auto, (max-width: 588px) 100vw, 588px\" \/><\/h3>\n<h3 class=\"article-title\"><em>Nms, niente pi\u00f9 esuberi: c\u2019\u00e8 un possibile acquirente<\/em><\/h3>\n<p><em>Stop ai licenziamenti e trattativa con un nuovo soggetto industriale. Sindacati: \u201cIl\u00a0ministero continui a monitorare ogni passaggio\u201d<\/em><\/p>\n<p><em><a href=\"https:\/\/www.collettiva.it\/copertine\/lavoro\/nms-stop-esuberi-w831nbak\" target=\"_blank\" rel=\"noopener\">Davide Colella &#8211; 10 dicembre 2025 &#8211; Collettiva<\/a><\/em><\/p>\n<p><em>\u00c8 stata bloccata la procedura di licenziamento che aveva messo a rischio chimici e biologi di <a href=\"http:\/\/www.collettiva.it\/tag\/nms\" target=\"_blank\" rel=\"noopener\">Nerviano Medical Sciences<\/a>, l\u2019eccellenza italiana della ricerca oncologica farmaceutica. A dare la notizia, al termine dell\u2019incontro con l\u2019attuale propriet\u00e0 nel Parlamentino del <a href=\"http:\/\/www.collettiva.it\/tag\/mimit\" target=\"_blank\" rel=\"noopener\">ministero delle Imprese e del made in Italy<\/a>, \u00e8 il segretario generale della <a href=\"http:\/\/www.collettiva.it\/categorie\/filctem\" target=\"_blank\" rel=\"noopener\">Filctem Cgil<\/a>, <strong>Marco Falcinelli<\/strong>. \u201cSi tratta di una notizia positiva \u2013 dichiara ai microfoni di Collettiva \u2013. Nei prossimi giorni la Regione Lombardia formalizzer\u00e0 la cessazione della procedura e definir\u00e0 le modalit\u00e0 della cassa integrazione, pensata come ponte per accompagnare la reindustrializzazione del sito\u201d.<\/em><\/p>\n<h4><em>LE PAROLE DEI SINDACATI E L\u2019APERTURA CON IL MIMIT<\/em><\/h4>\n<p><em>I sindacati parlano di una fase nuova, ma non semplice. Chiedono che al Mimit <strong>il tavolo resti aperto<\/strong> e che il ministero continui a monitorare passo dopo passo il progetto. La certezza, al momento, \u00e8 che lavoratrici e lavoratori non saranno pi\u00f9 oggetto di alcun licenziamento \u2013 anche se l\u2019azienda ha paventato sei esuberi sui quali si aprir\u00e0 in seguito una discussione \u2013 un risultato definito comunque di grande valore dopo mesi di tensioni e appelli pubblici.<\/em><\/p>\n<h4><em>L\u2019INTERESSE DEL NUOVO SOGGETTO INDUSTRIALE<\/em><\/h4>\n<p><em>A cambiare il quadro \u00e8 soprattutto l\u2019interesse di un <strong>gruppo industriale quotato in borsa<\/strong>, intenzionato ad acquisire le attivit\u00e0 di Nms. Falcinelli spiega che le procedure sono gi\u00e0 state avviate e che l\u2019interlocuzione con la propriet\u00e0 dovr\u00e0 chiarire se si arriver\u00e0 davvero a un accordo definitivo. Per il leader della federazione dei chimici Cgil \u00e8 una questione strategica: l\u2019attivit\u00e0 di ricerca di Nerviano resta fondamentale per il Paese e un nuovo soggetto industriale potrebbe garantirne il rilancio.<\/em><\/p>\n<h4><em>SEI MESI PER CHIUDERE LA VERTENZA<\/em><\/h4>\n<p><em>Per i sindacati l\u2019obiettivo \u00e8 chiaro: arrivare entro sei mesi alla conclusione positiva della vertenza. Il futuro del principale centro di ricerca oncologica del Paese dipende da questo passaggio. Dopo lo stop ai licenziamenti, ora la partita si gioca tutta sul <strong>progetto industriale<\/strong> e sulla capacit\u00e0 del sistema istituzionale di sostenerlo senza perdere altro tempo.<\/em><\/p>\n<hr \/>\n<p><img loading=\"lazy\" decoding=\"async\" class=\"size-full wp-image-85347 aligncenter\" src=\"https:\/\/www.fedaiisf.it\/wp-content\/uploads\/2025\/12\/MiMit-trattativa.png\" alt=\"\" width=\"576\" height=\"316\" srcset=\"https:\/\/www.fedaiisf.it\/wp-content\/uploads\/2025\/12\/MiMit-trattativa.png 576w, https:\/\/www.fedaiisf.it\/wp-content\/uploads\/2025\/12\/MiMit-trattativa-300x165.png 300w, https:\/\/www.fedaiisf.it\/wp-content\/uploads\/2025\/12\/MiMit-trattativa-18x10.png 18w\" sizes=\"auto, (max-width: 576px) 100vw, 576px\" \/><\/p>\n<p>Comunicato MIMIT<\/p>\n<h3>NMS: investitore pronto all\u2019acquisizione, azienda comunica il ritiro del licenziamento collettivo<\/h3>\n<p><em><strong>Urso, \u201cprogresso significativo in vertenza complessa\u201d<\/strong><\/em><\/p>\n<p><a href=\"https:\/\/www.mimit.gov.it\/it\/notizie-stampa\/nms-investitore-pronto-allacquisizione-azienda-comunica-il-ritiro-del-licenziamento-collettivo\" target=\"_blank\" rel=\"noopener\">10 dicembre 2025 &#8211; MiMIT<\/a><\/p>\n<p>Importanti novit\u00e0 per il futuro della <strong>Nerviano Medical Sciences (NMS)<\/strong>, il centro di ricerca oncologica lombardo che a settembre aveva avviato una procedura di licenziamento collettivo per 73 ricercatori su 123.<\/p>\n<p>Durante il tavolo al Mimit \u00e8 stato annunciato l\u2019interesse di una societ\u00e0 estera all\u2019<strong>acquisizione<\/strong> del perimetro aziendale oggetto di dismissione.<\/p>\n<p><em>\u201cRegistriamo progressi significativi in una vertenza complessa. La priorit\u00e0 resta la tutela dell\u2019occupazione e la salvaguardia di un presidio di ricerca di altissimo livello\u201d<\/em>, ha dichiarato il ministro delle Imprese e del Made in Italy, sen. Adolfo <strong>bear<\/strong>.<\/p>\n<p>La nuova possibile prospettiva industriale prevederebbe il rilancio del ramo aziendale da dismettere e la ricollocazione della maggior parte dei lavoratori.<br \/>\nIn attesa di approfondire e finalizzare il percorso di <strong>reindustrializzazione<\/strong>, l\u2019azienda ritirer\u00e0 la procedura di licenziamento collettivo e chieder\u00e0 la cassa integrazione per assicurare la continuit\u00e0 occupazionale dei dipendenti durante la transizione.<\/p>\n<p>Il Mimit ha confermato il proprio impegno a seguire da vicino l\u2019evoluzione della <strong>trattativa<\/strong>, mantenendo attivo il tavolo di monitoraggio e un confronto costante con tutte le parti coinvolte.<\/p>\n<hr \/>\n<p>Note: <em>Per il momento, non \u00e8 stato reso noto il nome della societ\u00e0 interessata all&#8217;acquisto<\/em><\/p>","protected":false},"excerpt":{"rendered":"<p>\u201cAccogliamo positivamente la notizia della cessazione della procedura di licenziamento collettivo per le lavoratrici e i lavoratori della Nerviano Medical Sciences. Nei prossimi giorni sar\u00e0 formalizzata in Regione Lombardia e si determineranno le modalit\u00e0 di erogazione della Cassa Integrazione strumento con il quali si intende riaccompagnare il processo di reindustrializzazione\u201d: hanno affermato le segreterie nazionali &hellip;<\/p>","protected":false},"author":4,"featured_media":85343,"comment_status":"closed","ping_status":"closed","sticky":false,"template":"","format":"standard","meta":{"footnotes":""},"categories":[1],"tags":[27,44],"class_list":["post-85340","post","type-post","status-publish","format-standard","has-post-thumbnail","hentry","category-notizie","tag-licenziati","tag-sindacati"],"amp_enabled":true,"_links":{"self":[{"href":"https:\/\/www.fedaiisf.it\/en\/wp-json\/wp\/v2\/posts\/85340","targetHints":{"allow":["GET"]}}],"collection":[{"href":"https:\/\/www.fedaiisf.it\/en\/wp-json\/wp\/v2\/posts"}],"about":[{"href":"https:\/\/www.fedaiisf.it\/en\/wp-json\/wp\/v2\/types\/post"}],"author":[{"embeddable":true,"href":"https:\/\/www.fedaiisf.it\/en\/wp-json\/wp\/v2\/users\/4"}],"replies":[{"embeddable":true,"href":"https:\/\/www.fedaiisf.it\/en\/wp-json\/wp\/v2\/comments?post=85340"}],"version-history":[{"count":5,"href":"https:\/\/www.fedaiisf.it\/en\/wp-json\/wp\/v2\/posts\/85340\/revisions"}],"predecessor-version":[{"id":85349,"href":"https:\/\/www.fedaiisf.it\/en\/wp-json\/wp\/v2\/posts\/85340\/revisions\/85349"}],"wp:featuredmedia":[{"embeddable":true,"href":"https:\/\/www.fedaiisf.it\/en\/wp-json\/wp\/v2\/media\/85343"}],"wp:attachment":[{"href":"https:\/\/www.fedaiisf.it\/en\/wp-json\/wp\/v2\/media?parent=85340"}],"wp:term":[{"taxonomy":"category","embeddable":true,"href":"https:\/\/www.fedaiisf.it\/en\/wp-json\/wp\/v2\/categories?post=85340"},{"taxonomy":"post_tag","embeddable":true,"href":"https:\/\/www.fedaiisf.it\/en\/wp-json\/wp\/v2\/tags?post=85340"}],"curies":[{"name":"wp","href":"https:\/\/api.w.org\/{rel}","templated":true}]}}