{"id":85366,"date":"2025-12-12T10:57:17","date_gmt":"2025-12-12T09:57:17","guid":{"rendered":"https:\/\/www.fedaiisf.it\/?p=85366"},"modified":"2025-12-13T19:27:42","modified_gmt":"2025-12-13T18:27:42","slug":"esame-filtro-a-medicina-anche-il-secondo-appello-sembrerebbe-essere-andato-malissimo","status":"publish","type":"post","link":"https:\/\/www.fedaiisf.it\/en\/esame-filtro-a-medicina-anche-il-secondo-appello-sembrerebbe-essere-andato-malissimo\/","title":{"rendered":"Esame filtro a medicina. Anche il secondo appello sembrerebbe essere andato malissimo"},"content":{"rendered":"<p><a href=\"https:\/\/media2-col.corriereobjects.it\/pdf\/2025\/cultura\/12\/Prova_Alpha1.pdf\" target=\"_blank\" rel=\"noopener\"><img loading=\"lazy\" decoding=\"async\" class=\"wp-image-85367 alignright\" src=\"https:\/\/www.fedaiisf.it\/wp-content\/uploads\/2025\/12\/test-medicina-2-sessione.png\" alt=\"\" width=\"280\" height=\"390\" srcset=\"https:\/\/www.fedaiisf.it\/wp-content\/uploads\/2025\/12\/test-medicina-2-sessione.png 571w, https:\/\/www.fedaiisf.it\/wp-content\/uploads\/2025\/12\/test-medicina-2-sessione-215x300.png 215w, https:\/\/www.fedaiisf.it\/wp-content\/uploads\/2025\/12\/test-medicina-2-sessione-9x12.png 9w\" sizes=\"auto, (max-width: 280px) 100vw, 280px\" \/><\/a><a href=\"https:\/\/iscrizioni-semestre-aperto.mur.gov.it\/files\/esami_2\/biologia2.pdf\" target=\"_blank\" rel=\"noopener\">Biologia<\/a><\/p>\n<p><a href=\"https:\/\/iscrizioni-semestre-aperto.mur.gov.it\/files\/esami_2\/chimica2.pdf\" target=\"_blank\" rel=\"noopener\"><span style=\"font-size: 14pt;\">Chimica<\/span><\/a><\/p>\n<p><a href=\"https:\/\/iscrizioni-semestre-aperto.mur.gov.it\/files\/esami_2\/fisica2.pdf\" target=\"_blank\" rel=\"noopener\"><span style=\"font-size: 14pt;\">Fisica<\/span><\/a><\/p>\n<h4><a href=\"https:\/\/media2-col.corriereobjects.it\/pdf\/2025\/cultura\/12\/Prova_Alpha1.pdf\" target=\"_blank\" rel=\"noopener\">Test e soluzioni<\/a> <a href=\"https:\/\/media2-col.corriereobjects.it\/pdf\/2025\/cultura\/12\/Prova_Alpha1.pdf\" target=\"_blank\" rel=\"noopener\">seconda sessione<\/a><\/h4>\n<hr \/>\n<p>La seconda prova del test di accesso a Medicina 2025 si \u00e8 svolta il 10 dicembre dalle 11 alle 14. Tre esami &#8211; biologia, chimica e fisica &#8211; che valgono sia per il libretto universitario che per la graduatoria nazionale che divider\u00e0 gli studenti tra i vari atenei.<\/p>\n<p>Nella prima prova circa il 10 per cento degli studenti aveva superato l&#8217;asticella del 18, rispondendo alle 31 domande per ogni materia, preparate da una commissione di esperti in pensione la scorsa estate.<\/p>\n<p>Dopo il record di bocciature e di voti bassi del primo appello, quasi tutti &#8211; poco meno di 50 mila studenti &#8211; hanno ritentato uno, due o tutti e tre gli esami del semestre filtro varato dalla riforma <a title=\"Bernini contestata dagli studenti di Medicina: \u00abNon ce la facciamo pi\u00f9\u00bb. Lei replica: \u00abSiete dei poveri comunisti\u00bb ma poi ci parla\" href=\"https:\/\/video.corriere.it\/politica\/bernini-contestata-dagli-studenti-di-medicina-non-ce-la-facciamo-piu-lei-replica-siete-dei-poveri-comunisti-ma-poi-ci-parla\/0b9749a8-9ec7-429f-be23-030cd1f3fxlk\" target=\"_blank\" rel=\"noopener\">Bernini<\/a>. <b>L\u2019esito di questa seconda e ultima prova si sapr\u00e0 marted\u00ec 23 dicembre<\/b>. In teoria solo chi ha preso almeno 18 in tutte le materie &#8211; chimica, fisica e biologia &#8211; pu\u00f2 entrare in graduatoria.<\/p>\n<p>Ma ora il ministero, temendo un altro flop e un gran numero di posti vuoti (<a href=\"https:\/\/www.corriere.it\/scuola\/universita\/25_dicembre_05\/test-medicina-flop-graduatoria-c50403f6-f17c-4003-8dcc-30a4975dbxlk.shtml\" target=\"_blank\" rel=\"noopener\">al primo tentativo solo il 10 per cento era riuscito a superarle tutte e tre<\/a>), sta valutando una sanatoria. La graduatoria verr\u00e0 aperta a tutti, anche a chi ha un \u00abdebito formativo\u00bb o due. (Fonte Corriere della Sera)<\/p>\n<p>Anche la seconda prova del \u201csemestre filtro\u201d \u2013 effettuata il 10 dicembre 2025 \u2013 \u00e8 terminata, lasciandosi dietro lo stesso carico di incertezze, contestazioni e disfunzioni che aveva gi\u00e0 segnato la prima tornata, confermando purtroppo come la sperimentazione si sia rivelata una \u201c<strong><a href=\"https:\/\/www.salvisjuribus.it\/semestre-filtro-medicina-irregolarita-ricorso-collettivo\/\" target=\"_blank\" rel=\"noopener\">farsa<\/a><\/strong>\u201d.<\/p>\n<p class=\"post_title entry-title\">Dalle segnalazioni raccolte emerge che fin dalle prime ore si sono verificati episodi che, per diffusione e gravit\u00e0, non possono essere liquidati come semplici disfunzioni locali. In numerose sedi: \u2013 <strong>telefoni cellulari hanno squillato ripetutamente durante la prova<\/strong>, senza che fossero adottati provvedimenti; \u2013 <strong>candidati consultavano <em>smartwatch<\/em> e altri dispositivi elettronici <\/strong>sotto gli occhi di tutti; \u2013 <strong>foto e video dei <em>test<\/em> a risposta multipla circolavano <em>online<\/em> prima della conclusione dell\u2019esame<\/strong>; \u2013 sono stati segnalati <strong>elaborati gi\u00e0 completati quando il tempo ufficiale non era ancora scaduto<\/strong>.<\/p>\n<p>In alcune aule si \u00e8 potuto parlare liberamente, chiedere e ricevere suggerimenti; in altre \u00e8 stato addirittura rinvenuto un <strong><em>walkie-talkie<\/em> nascosto sotto una sciarpa<\/strong>. Mentre qualcuno copiava, chattava, fotografava, altri \u2013 la maggioranza silenziosa \u2013 sudavano su ogni singola domanda, nel rispetto delle regole.<\/p>\n<p class=\"post_title entry-title\">Al ministero stanno prendendo in considerazione l\u2019ipotesi di una cosiddetta <em data-start=\"75\" data-end=\"88\">\u201csanatoria\u201d<\/em> per gli studenti che <img loading=\"lazy\" decoding=\"async\" class=\"wp-image-85374 alignleft\" src=\"https:\/\/www.fedaiisf.it\/wp-content\/uploads\/2025\/12\/Quiz-Zattera-di-legno.png\" alt=\"\" width=\"542\" height=\"129\" srcset=\"https:\/\/www.fedaiisf.it\/wp-content\/uploads\/2025\/12\/Quiz-Zattera-di-legno.png 1610w, https:\/\/www.fedaiisf.it\/wp-content\/uploads\/2025\/12\/Quiz-Zattera-di-legno-300x71.png 300w, https:\/\/www.fedaiisf.it\/wp-content\/uploads\/2025\/12\/Quiz-Zattera-di-legno-1024x243.png 1024w, https:\/\/www.fedaiisf.it\/wp-content\/uploads\/2025\/12\/Quiz-Zattera-di-legno-768x182.png 768w, https:\/\/www.fedaiisf.it\/wp-content\/uploads\/2025\/12\/Quiz-Zattera-di-legno-1536x364.png 1536w, https:\/\/www.fedaiisf.it\/wp-content\/uploads\/2025\/12\/Quiz-Zattera-di-legno-18x4.png 18w\" sizes=\"auto, (max-width: 542px) 100vw, 542px\" \/>non avranno raggiunto il <strong data-start=\"135\" data-end=\"141\">18<\/strong> in tutte e tre le prove, ma che potrebbero comunque essere ammessi al prosieguo del percorso formativo. La \u201cmediazione\u201d prospettata dal Governo, presentata come rimedio per arginare il contenzioso, rischia in realt\u00e0 di trasformarsi nell\u2019<strong data-start=\"379\" data-end=\"451\">ennesima violazione dei principi che regolano le selezioni pubbliche<\/strong>, poich\u00e9 altererebbe <em data-start=\"467\" data-end=\"476\">ex post<\/em> le condizioni della competizione, modificando criteri e soglie di valutazione quando la procedura \u00e8 gi\u00e0 conclusa.<\/p>\n<p data-start=\"594\" data-end=\"1022\">Un intervento correttivo a valle delle prove, privo di una base normativa chiara e non comunicato ai candidati prima dell\u2019inizio del semestre filtro, infatti, <strong data-start=\"744\" data-end=\"792\">lede il principio dell\u2019affidamento legittimo<\/strong>, compromette la <strong data-start=\"809\" data-end=\"834\">parit\u00e0 di trattamento<\/strong> tra chi ha superato regolarmente gli esami e chi non lo ha fatto, e scardina l\u2019idea stessa di una selezione meritocratica fondata su criteri certi, generali e non modificabili in corsa.<\/p>\n<p data-start=\"1024\" data-end=\"1247\">In altre parole, una sanatoria generalizzata non rappresenta una soluzione, ma un ulteriore elemento di <strong data-start=\"1128\" data-end=\"1161\">irragionevolezza e incoerenza<\/strong> che rischia di aggravare \u2013 pi\u00f9 che attenuare \u2013 i profili di illegittimit\u00e0 gi\u00e0 emersi. (Fonte:<a href=\"https:\/\/www.salvisjuribus.it\/semestre-filtro-medicina-ricorso-collettivo-sanatoria\/\" target=\"_blank\" rel=\"noopener\"> Avv. Romano<\/a>)<\/p>\n<p data-start=\"440\" data-end=\"760\">In questa prospettiva, l\u2019<strong><a href=\"http:\/\/www.salvisjuribus.it\/avvocato-giacomo-romano\/\" target=\"_blank\" rel=\"noopener\">avv. Giacomo Romano<\/a><\/strong> sta promuovendo con determinazione un ricorso collettivo innanzi al T.A.R. competente, volto a chiedere\u00a0l<strong>&#039;<\/strong><strong><a href=\"https:\/\/www.salvisjuribus.it\/semestre-filtro-medicina-ricorso-collettivo\/\" target=\"_blank\" rel=\"noopener\">immatricolazione in sovrannumero dei ricorrenti<\/a><\/strong>\u00a0quale rimedio proporzionato alle irregolarit\u00e0 denunciate e idoneo a ristabilire condizioni di equit\u00e0 nella procedura.<\/p>\n<p>Anche il secondo appello quindi sembrerebbe essere andato malissimo con proteste, denunce di presunti brogli e probabili ricorsi. Anche stavolta i ragazzi hanno definito i quesiti \u201cestremamente complessi\u201d e la prova di fisica ritenuta \u201cimpossibile\u201d. Molti hanno chiesto un terzo appello, qualcuno propone, invece, di togliere il &#8217;18&#8217; almeno in fisica.<\/p>\n<p><img loading=\"lazy\" decoding=\"async\" class=\"wp-image-85373 alignleft\" src=\"https:\/\/www.fedaiisf.it\/wp-content\/uploads\/2025\/12\/Bernini-Atreju.png\" alt=\"\" width=\"257\" height=\"222\" srcset=\"https:\/\/www.fedaiisf.it\/wp-content\/uploads\/2025\/12\/Bernini-Atreju.png 562w, https:\/\/www.fedaiisf.it\/wp-content\/uploads\/2025\/12\/Bernini-Atreju-300x258.png 300w, https:\/\/www.fedaiisf.it\/wp-content\/uploads\/2025\/12\/Bernini-Atreju-14x12.png 14w\" sizes=\"auto, (max-width: 257px) 100vw, 257px\" \/>Alcuni studenti si sono alzati durante l&#8217;intervento del ministro dell&#8217;Universit\u00e0 e della Ricerca <strong>Anna Maria Bernini <\/strong>to <strong>Atreju<\/strong>. E mentre gli <strong>studenti hanno urlato al ministro <\/strong>&#8221;<i>non ce la facciamo pi\u00f9, con il semestre filtro rischiamo di perdere un anno<\/i>&#8221;, Bernini ha risposto: &#8221;<i>Sapete come diceva il presidente Berlusconi? Siete sempre dei poveri comunisti. Prima di contestare fatemi parlare. Questo dimostra la vostra inutilit\u00e0<\/i>&#8221;.<\/p>\n<p>Secondo l&#8217;ipotesi sanatoria presa in considerazione dal MUR, i primi a \u201cpassare\u201d saranno gli studenti che avranno conseguito almeno tre 18, a seguire ci sar\u00e0 chi ha ottenuto due sufficienze, a scalare tutti gli altri. Chi non ha ottenuto almeno 18 nelle tre materie si vedr\u00e0 comunque assegnata la sede e in quell&#8217;ateneo dovr\u00e0 recuperare i crediti formativi mancanti.<\/p>\n<p>Related news: <a href=\"https:\/\/www.ilfattoquotidiano.it\/2025\/12\/13\/esami-filtro-medicina-fallimento-notizie\/8223842\/\" target=\"_blank\" rel=\"noopener\">Cos\u00ec si \u00e8 costruita la tempesta perfetta per la catastrofe degli esami filtro a Medicina<\/a><\/p>\n<p>Studio. <a href=\"https:\/\/static2.corriereobjects.it\/pdf\/2025\/scuola\/studio.pdf\" target=\"_blank\" rel=\"noopener\">Test di ammissione al corso di laurea in Medicina e chirurgia e carriera universitaria: l\u2019esperienza nelle sedi piemontesi.<\/a> Gli studenti con punteggi bassi hanno maggiori difficolt\u00e0 a superare entro i termini gli esami previsti. Confronto tra le performance universitarie degli studenti ammessi regolarmente e quelle degli studenti ricorsisti, sottolineando le differenze statisticamente significative, che risultano a favore degli studenti regolari.<\/p>","protected":false},"excerpt":{"rendered":"<p>Biologia Chimica Fisica Test e soluzioni seconda sessione La seconda prova del test di accesso a Medicina 2025 si \u00e8 svolta il 10 dicembre dalle 11 alle 14. Tre esami &#8211; biologia, chimica e fisica &#8211; che valgono sia per il libretto universitario che per la graduatoria nazionale che divider\u00e0 gli studenti tra i vari &hellip;<\/p>","protected":false},"author":4,"featured_media":85376,"comment_status":"closed","ping_status":"closed","sticky":false,"template":"","format":"standard","meta":{"footnotes":""},"categories":[1],"tags":[79],"class_list":["post-85366","post","type-post","status-publish","format-standard","has-post-thumbnail","hentry","category-notizie","tag-ssn"],"amp_enabled":true,"_links":{"self":[{"href":"https:\/\/www.fedaiisf.it\/en\/wp-json\/wp\/v2\/posts\/85366","targetHints":{"allow":["GET"]}}],"collection":[{"href":"https:\/\/www.fedaiisf.it\/en\/wp-json\/wp\/v2\/posts"}],"about":[{"href":"https:\/\/www.fedaiisf.it\/en\/wp-json\/wp\/v2\/types\/post"}],"author":[{"embeddable":true,"href":"https:\/\/www.fedaiisf.it\/en\/wp-json\/wp\/v2\/users\/4"}],"replies":[{"embeddable":true,"href":"https:\/\/www.fedaiisf.it\/en\/wp-json\/wp\/v2\/comments?post=85366"}],"version-history":[{"count":13,"href":"https:\/\/www.fedaiisf.it\/en\/wp-json\/wp\/v2\/posts\/85366\/revisions"}],"predecessor-version":[{"id":85387,"href":"https:\/\/www.fedaiisf.it\/en\/wp-json\/wp\/v2\/posts\/85366\/revisions\/85387"}],"wp:featuredmedia":[{"embeddable":true,"href":"https:\/\/www.fedaiisf.it\/en\/wp-json\/wp\/v2\/media\/85376"}],"wp:attachment":[{"href":"https:\/\/www.fedaiisf.it\/en\/wp-json\/wp\/v2\/media?parent=85366"}],"wp:term":[{"taxonomy":"category","embeddable":true,"href":"https:\/\/www.fedaiisf.it\/en\/wp-json\/wp\/v2\/categories?post=85366"},{"taxonomy":"post_tag","embeddable":true,"href":"https:\/\/www.fedaiisf.it\/en\/wp-json\/wp\/v2\/tags?post=85366"}],"curies":[{"name":"wp","href":"https:\/\/api.w.org\/{rel}","templated":true}]}}