{"id":85408,"date":"2025-12-15T11:07:46","date_gmt":"2025-12-15T10:07:46","guid":{"rendered":"https:\/\/www.fedaiisf.it\/?p=85408"},"modified":"2025-12-15T11:37:41","modified_gmt":"2025-12-15T10:37:41","slug":"sez-interprovinciale-aiisf-piacenza-parma-a-sostegno-del-progetto-ceramica-laboratorio-autism-frendly","status":"publish","type":"post","link":"https:\/\/www.fedaiisf.it\/en\/sez-interprovinciale-aiisf-piacenza-parma-a-sostegno-del-progetto-ceramica-laboratorio-autism-frendly\/","title":{"rendered":"Sez. interprovinciale AIISF Piacenza Parma a sostegno del progetto &#8220;CerAmica&#8221;, laboratorio &#8220;autism friendly&#8221;"},"content":{"rendered":"<p style=\"font-weight: 400;\"><span style=\"color: #000000;\">Federico Mistretta, Vicepresidente della sez. interprovinciale di Parma e Piacenza dell\u2019Associazione Informatori Scientifici del Farmaco e del Parafarmaco, esprime profondo orgoglio nel sostenere il progetto CerAmica, un laboratorio sociale di ceramica &#8220;autism friendly&#8221;, promosso dall\u2019associazione Generazione Parma in collaborazione con Parma Aut.<\/span><\/p>\n<p style=\"font-weight: 400;\"><span style=\"color: #000000;\"><img loading=\"lazy\" decoding=\"async\" class=\"wp-image-85410 alignright\" src=\"https:\/\/www.fedaiisf.it\/wp-content\/uploads\/2025\/12\/Progetto-CerAmica-partecipanti.png\" alt=\"\" width=\"454\" height=\"317\" srcset=\"https:\/\/www.fedaiisf.it\/wp-content\/uploads\/2025\/12\/Progetto-CerAmica-partecipanti.png 1706w, https:\/\/www.fedaiisf.it\/wp-content\/uploads\/2025\/12\/Progetto-CerAmica-partecipanti-300x210.png 300w, https:\/\/www.fedaiisf.it\/wp-content\/uploads\/2025\/12\/Progetto-CerAmica-partecipanti-1024x715.png 1024w, https:\/\/www.fedaiisf.it\/wp-content\/uploads\/2025\/12\/Progetto-CerAmica-partecipanti-768x537.png 768w, https:\/\/www.fedaiisf.it\/wp-content\/uploads\/2025\/12\/Progetto-CerAmica-partecipanti-1536x1073.png 1536w, https:\/\/www.fedaiisf.it\/wp-content\/uploads\/2025\/12\/Progetto-CerAmica-partecipanti-18x12.png 18w\" sizes=\"auto, (max-width: 454px) 100vw, 454px\" \/>Il progetto nasce con l\u2019obiettivo di condividere un momento di creativit\u00e0 senza barriere, offrendo ai bambini uno spazio accogliente e inclusivo in cui poter sperimentare liberamente. Attraverso la manipolazione dell\u2019argilla, i partecipanti possono creare con le proprie mani, realizzando manufatti frutto della loro fantasia, in un\u2019esperienza che valorizza l\u2019espressione personale e le potenzialit\u00e0 di ciascuno.<\/span><\/p>\n<p style=\"font-weight: 400;\"><span style=\"color: #000000;\">\u00abL\u2019autismo \u00e8 un tema di cui purtroppo si parla ancora troppo poco \u2013 sottolinea Mistretta \u2013 ed \u00e8 per questo che riteniamo fondamentale dare voce e visibilit\u00e0 a questi bambini, soprattutto in una giornata simbolica come quella di Santa Lucia, il 13 dicembre, tradizionalmente dedicata alla gioia dei pi\u00f9 piccoli. Abbiamo subito sposato il progetto illustrato dall\u2019associazione Generazione Parma, riconoscendone il valore educativo e inclusivo. La nostra donazione vuole essere un gesto concreto di vicinanza alle famiglie e un contributo alla costruzione di una comunit\u00e0 pi\u00f9 attenta, inclusiva e capace di valorizzare le potenzialit\u00e0 di ogni bambino\u00bb.<\/span><\/p>\n<p style=\"font-weight: 400;\"><span style=\"color: #000000;\">A sottolineare ulteriormente l\u2019importanza dell\u2019iniziativa \u00e8 intervenuta anche Silvia Brega, Vicepresidente nazionale di AIISF e del Coordinamento regionale FedAIISF dell\u2019Emilia-Romagna:<\/span><\/p>\n<p style=\"font-weight: 400;\"><span style=\"color: #000000;\">\u00abDesidero esprimere il pieno apprezzamento per questa iniziativa. Riteniamo prioritario sostenere percorsi che affrontano con competenza e responsabilit\u00e0 un tema di grande rilevanza sociale quale l\u2019autismo. Il progetto CerAmica rappresenta un modello virtuoso di inclusione e partecipazione, che merita attenzione e valorizzazione. Auspichiamo che esperienze di questa natura possano essere promosse anche in altre realt\u00e0 della nostra regione e, pi\u00f9 in generale, estese ad ulteriori province italiane, affinch\u00e9 si diffonda una cultura sempre pi\u00f9 attenta ai bisogni e alle potenzialit\u00e0 di ogni bambino\u00bb.<\/span><\/p>\n<p><a href=\"https:\/\/www.instagram.com\/reel\/DSQE_QCiL1-\/?igsh=c2M1cTNwbWY2NHF4\" target=\"_blank\" rel=\"noopener\">Video Instagram<\/a><\/p>\n<p>Comunicato Sez. Interprovinciale AIISF Piacenza Parma<br \/>\n&#8211; Federata Fedaiisf &#8211;<\/p>\n<p>&nbsp;<\/p>","protected":false},"excerpt":{"rendered":"<p>Federico Mistretta, Vicepresidente della sez. interprovinciale di Parma e Piacenza dell\u2019Associazione Informatori Scientifici del Farmaco e del Parafarmaco, esprime profondo orgoglio nel sostenere il progetto CerAmica, un laboratorio sociale di ceramica &#8220;autism friendly&#8221;, promosso dall\u2019associazione Generazione Parma in collaborazione con Parma Aut. Il progetto nasce con l\u2019obiettivo di condividere un momento di creativit\u00e0 senza barriere, &hellip;<\/p>","protected":false},"author":4,"featured_media":85412,"comment_status":"closed","ping_status":"closed","sticky":false,"template":"","format":"standard","meta":{"footnotes":""},"categories":[1,14],"tags":[45],"class_list":["post-85408","post","type-post","status-publish","format-standard","has-post-thumbnail","hentry","category-notizie","category-news-fedaiisf","tag-fedaiisf"],"amp_enabled":true,"_links":{"self":[{"href":"https:\/\/www.fedaiisf.it\/en\/wp-json\/wp\/v2\/posts\/85408","targetHints":{"allow":["GET"]}}],"collection":[{"href":"https:\/\/www.fedaiisf.it\/en\/wp-json\/wp\/v2\/posts"}],"about":[{"href":"https:\/\/www.fedaiisf.it\/en\/wp-json\/wp\/v2\/types\/post"}],"author":[{"embeddable":true,"href":"https:\/\/www.fedaiisf.it\/en\/wp-json\/wp\/v2\/users\/4"}],"replies":[{"embeddable":true,"href":"https:\/\/www.fedaiisf.it\/en\/wp-json\/wp\/v2\/comments?post=85408"}],"version-history":[{"count":6,"href":"https:\/\/www.fedaiisf.it\/en\/wp-json\/wp\/v2\/posts\/85408\/revisions"}],"predecessor-version":[{"id":85416,"href":"https:\/\/www.fedaiisf.it\/en\/wp-json\/wp\/v2\/posts\/85408\/revisions\/85416"}],"wp:featuredmedia":[{"embeddable":true,"href":"https:\/\/www.fedaiisf.it\/en\/wp-json\/wp\/v2\/media\/85412"}],"wp:attachment":[{"href":"https:\/\/www.fedaiisf.it\/en\/wp-json\/wp\/v2\/media?parent=85408"}],"wp:term":[{"taxonomy":"category","embeddable":true,"href":"https:\/\/www.fedaiisf.it\/en\/wp-json\/wp\/v2\/categories?post=85408"},{"taxonomy":"post_tag","embeddable":true,"href":"https:\/\/www.fedaiisf.it\/en\/wp-json\/wp\/v2\/tags?post=85408"}],"curies":[{"name":"wp","href":"https:\/\/api.w.org\/{rel}","templated":true}]}}