{"id":85519,"date":"2025-12-20T12:06:16","date_gmt":"2025-12-20T11:06:16","guid":{"rendered":"https:\/\/www.fedaiisf.it\/?p=85519"},"modified":"2025-12-22T17:23:10","modified_gmt":"2025-12-22T16:23:10","slug":"la-sez-aiisf-di-messina-intitolata-ad-angelo-passini","status":"publish","type":"post","link":"https:\/\/www.fedaiisf.it\/en\/la-sez-aiisf-di-messina-intitolata-ad-angelo-passini\/","title":{"rendered":"La Sez. AIISF di Messina intitolata ad Angelo Passini"},"content":{"rendered":"<p><span style=\"font-size: 18pt; color: #000000;\">Nella riunione provinciale degli iscritti del 29 ottobre 2025 svoltasi a Messina <img loading=\"lazy\" decoding=\"async\" class=\"wp-image-19944 alignright\" src=\"https:\/\/www.fedaiisf.it\/wp-content\/uploads\/2015\/06\/Passini-Angelo-d..jpg\" alt=\"\" width=\"190\" height=\"201\" srcset=\"https:\/\/www.fedaiisf.it\/wp-content\/uploads\/2015\/06\/Passini-Angelo-d..jpg 751w, https:\/\/www.fedaiisf.it\/wp-content\/uploads\/2015\/06\/Passini-Angelo-d.-283x300.jpg 283w\" sizes=\"auto, (max-width: 190px) 100vw, 190px\" \/>presso la sala riunioni del caf\/patronato 50&amp;Pi\u00f9, \u00e8 stata votata all&#8217;unanimit\u00e0 la proposta di intitolazione della sezione Aiisf di Messina ad Angelo Passini. <\/span><\/p>\n<p><span style=\"font-size: 18pt; color: #000000;\">La proposta era stata preventivamente comunicata ai familiari i quali avevano accettato con enorme felicit\u00e0 inviandoci la liberatoria con il loro consenso.<\/span><\/p>\n<p>Comunicato Sez. AIISF Messina<br \/>\n&#8211; Federata Fedaiisf &#8211;<\/p>","protected":false},"excerpt":{"rendered":"<p>Nella riunione provinciale degli iscritti del 29 ottobre 2025 svoltasi a Messina presso la sala riunioni del caf\/patronato 50&amp;Pi\u00f9, \u00e8 stata votata all&#8217;unanimit\u00e0 la proposta di intitolazione della sezione Aiisf di Messina ad Angelo Passini. La proposta era stata preventivamente comunicata ai familiari i quali avevano accettato con enorme felicit\u00e0 inviandoci la liberatoria con il &hellip;<\/p>","protected":false},"author":4,"featured_media":81440,"comment_status":"closed","ping_status":"closed","sticky":false,"template":"","format":"standard","meta":{"footnotes":""},"categories":[14],"tags":[45],"class_list":["post-85519","post","type-post","status-publish","format-standard","has-post-thumbnail","hentry","category-news-fedaiisf","tag-fedaiisf"],"amp_enabled":true,"_links":{"self":[{"href":"https:\/\/www.fedaiisf.it\/en\/wp-json\/wp\/v2\/posts\/85519","targetHints":{"allow":["GET"]}}],"collection":[{"href":"https:\/\/www.fedaiisf.it\/en\/wp-json\/wp\/v2\/posts"}],"about":[{"href":"https:\/\/www.fedaiisf.it\/en\/wp-json\/wp\/v2\/types\/post"}],"author":[{"embeddable":true,"href":"https:\/\/www.fedaiisf.it\/en\/wp-json\/wp\/v2\/users\/4"}],"replies":[{"embeddable":true,"href":"https:\/\/www.fedaiisf.it\/en\/wp-json\/wp\/v2\/comments?post=85519"}],"version-history":[{"count":3,"href":"https:\/\/www.fedaiisf.it\/en\/wp-json\/wp\/v2\/posts\/85519\/revisions"}],"predecessor-version":[{"id":85522,"href":"https:\/\/www.fedaiisf.it\/en\/wp-json\/wp\/v2\/posts\/85519\/revisions\/85522"}],"wp:featuredmedia":[{"embeddable":true,"href":"https:\/\/www.fedaiisf.it\/en\/wp-json\/wp\/v2\/media\/81440"}],"wp:attachment":[{"href":"https:\/\/www.fedaiisf.it\/en\/wp-json\/wp\/v2\/media?parent=85519"}],"wp:term":[{"taxonomy":"category","embeddable":true,"href":"https:\/\/www.fedaiisf.it\/en\/wp-json\/wp\/v2\/categories?post=85519"},{"taxonomy":"post_tag","embeddable":true,"href":"https:\/\/www.fedaiisf.it\/en\/wp-json\/wp\/v2\/tags?post=85519"}],"curies":[{"name":"wp","href":"https:\/\/api.w.org\/{rel}","templated":true}]}}