{"id":85569,"date":"2025-12-23T06:32:04","date_gmt":"2025-12-23T05:32:04","guid":{"rendered":"https:\/\/www.fedaiisf.it\/?p=85569"},"modified":"2025-12-28T19:08:50","modified_gmt":"2025-12-28T18:08:50","slug":"pensioni-lemendamento-e-il-sub-emendamento-allemendamento-alla-legge-di-bilancio-rivisto","status":"publish","type":"post","link":"https:\/\/www.fedaiisf.it\/en\/pensioni-lemendamento-e-il-sub-emendamento-allemendamento-alla-legge-di-bilancio-rivisto\/","title":{"rendered":"Pensioni. L&#8217;emendamento e il sub-emendamento all&#8217;emendamento alla legge di bilancio rivisto"},"content":{"rendered":"<p style=\"font-weight: 400;\">Dal 1\u00b0 luglio 2026 scatta l&#8217;introduzione di un meccanismo di adesione automatica alla previdenza complementare, con facolt\u00e0 di rinuncia entro sessanta giorni, per i lavoratori dipendenti del settore privato di prima assunzione, secondo quanto prevede la nuova versione del maxi-emendamento del governo. La disposizione determina effetti finanziari connessi al prevedibile aumento delle adesioni alla previdenza complementare, che stima la relazione tecnica, &#8220;si manifester\u00e0 in maniera graduale e stratificata nel tempo <img loading=\"lazy\" decoding=\"async\" class=\"wp-image-18437 alignright\" src=\"https:\/\/www.fedaiisf.it\/wp-content\/uploads\/2015\/04\/fondi-pensione-scaled.jpg\" alt=\"\" width=\"322\" height=\"180\" srcset=\"https:\/\/www.fedaiisf.it\/wp-content\/uploads\/2015\/04\/fondi-pensione-scaled.jpg 2560w, https:\/\/www.fedaiisf.it\/wp-content\/uploads\/2015\/04\/fondi-pensione-300x168.jpg 300w, https:\/\/www.fedaiisf.it\/wp-content\/uploads\/2015\/04\/fondi-pensione-1024x572.jpg 1024w, https:\/\/www.fedaiisf.it\/wp-content\/uploads\/2015\/04\/fondi-pensione-768x429.jpg 768w, https:\/\/www.fedaiisf.it\/wp-content\/uploads\/2015\/04\/fondi-pensione-1536x858.jpg 1536w, https:\/\/www.fedaiisf.it\/wp-content\/uploads\/2015\/04\/fondi-pensione-2048x1144.jpg 2048w\" sizes=\"auto, (max-width: 322px) 100vw, 322px\" \/>riguardando i lavoratori di prima assunzione&#8221;. Il provvedimento TFR era stato accantonato in un primo momento, ma poi un ulteriore emendamento lo ha reintrodotto.<\/p>\n<p style=\"font-weight: 400;\">Rimane quindi <strong>il meccanismo del silenzio-assenso, che scatter\u00e0 dal prossimo primo luglio, per facilitare il conferimento ai fondi di previdenza integrativa del Tfr dei neoassunti <\/strong>verso la forma pensionistica collettiva prevista dagli accordi o dai contratti collettivi, anche territoriali o aziendali.<\/p>\n<p style=\"font-weight: 400;\">Arrivano poi alcune modifiche sulla dimensione delle aziende obbligate a traferire il Tfr non dirottato alla previdenza integrativa al Fondo presso l\u2019Inps (anzich\u00e9 tenerlo in azienda).<\/p>\n<p style=\"font-weight: 400;\">L&#8217;emendamento cancella per\u00f2 la possibilit\u00e0, in vigore dal 2025, di computare (cumulare), su richiesta, anche il valore di una o pi\u00f9 rendite di forme pensionistiche di previdenza complementare ai soli fini del raggiungimento degli importi mensili richiesti per accedere alla pensione di vecchiaia con almeno 20 anni di contributi e se si \u00e8 pienamente nel regime contributivo.<\/p>\n<p style=\"font-weight: 400;\">L\u2019abrogazione del comma 7-bis dell\u2019articolo 24 del decreto-legge n. 201 del 2011, introdotto solo di recente con la legge di bilancio 2025, avrebbe consentito ai fini del raggiungimento degli importi soglia necessari per l\u2019accesso alla pensione contributiva, di sommare all\u2019assegno pubblico anche il valore teorico della rendita derivante dalla previdenza complementare. Una possibilit\u00e0 pensata soprattutto per i lavoratori pi\u00f9 giovani, interamente nel sistema contributivo, e per chi ha carriere discontinue e redditi medio-bassi.<\/p>\n<p style=\"font-weight: 400;\">L\u2019emendamento del governo alla manovra prevede anche un\u00a0taglio di 40 milioni annui dal 2033 al Fondo per il pensionamento anticipato dei lavoratori impegnati in mansioni usuranti. L&#8217;emendamento, di fatto, riduce la dotazione del fondo da 233 a 194 milioni annui.<\/p>\n<p style=\"font-weight: 400;\">Come prevede l\u2019emendamento del governo, per interventi normativi in materia di\u00a0mobilit\u00e0\u00a0\u00e8 autorizzata la spesa di\u00a0200 milioni di euro per l&#8217;anno 2026 e di 150 milioni di euro per l&#8217;anno 2027.<\/p>\n<p style=\"font-weight: 400;\"><img loading=\"lazy\" decoding=\"async\" class=\"wp-image-43528 alignleft\" src=\"https:\/\/www.fedaiisf.it\/wp-content\/uploads\/2019\/06\/commissione-bilancio-camera.jpg\" alt=\"\" width=\"328\" height=\"215\" srcset=\"https:\/\/www.fedaiisf.it\/wp-content\/uploads\/2019\/06\/commissione-bilancio-camera.jpg 2429w, https:\/\/www.fedaiisf.it\/wp-content\/uploads\/2019\/06\/commissione-bilancio-camera-300x196.jpg 300w, https:\/\/www.fedaiisf.it\/wp-content\/uploads\/2019\/06\/commissione-bilancio-camera-1024x669.jpg 1024w, https:\/\/www.fedaiisf.it\/wp-content\/uploads\/2019\/06\/commissione-bilancio-camera-768x502.jpg 768w, https:\/\/www.fedaiisf.it\/wp-content\/uploads\/2019\/06\/commissione-bilancio-camera-1536x1004.jpg 1536w, https:\/\/www.fedaiisf.it\/wp-content\/uploads\/2019\/06\/commissione-bilancio-camera-2048x1339.jpg 2048w, https:\/\/www.fedaiisf.it\/wp-content\/uploads\/2019\/06\/commissione-bilancio-camera-85x57.jpg 85w, https:\/\/www.fedaiisf.it\/wp-content\/uploads\/2019\/06\/commissione-bilancio-camera-165x109.jpg 165w, https:\/\/www.fedaiisf.it\/wp-content\/uploads\/2019\/06\/commissione-bilancio-camera-179x116.jpg 179w\" sizes=\"auto, (max-width: 328px) 100vw, 328px\" \/>La commissione bilancio del Senato ha approvato il sub-emendamento di FdI-Lega che estende anche ai contratti rinnovati nel 2024 i benefici della tassazione agevolata al 5% sugli incrementi retribuitivi corrisposti dal 1\u00b0 gennaio 2026. La modifica amplia anche la platea dei beneficiari, alzando il tetto di reddito da 28mila euro a 33mila euro.<\/p>\n<p style=\"font-weight: 400;\">il testo approder\u00e0 in Aula luned\u00ec 22 per la discussione generale, per poi essere votato marted\u00ec 23.<\/p>\n<p style=\"font-weight: 400;\">Per ora sono spariti sia l\u2019allungamento progressivo delle finestre mobili per l\u2019accesso alla pensione anticipata, sia la norma che avrebbe abbassato il valore del riscatto della laurea. \u00c8 stata ritirata anche la riformulazione dell\u2019emendamento che rintroduceva il condono dal 2003. La progressione dell&#8217;et\u00e0 pensionabile prevista dalla Fornero rimane. Il testo della manovra 2026 modificato dal Senato non contiene le proroghe di Quota 103 e Opzione donna, due misure che permettevano di anticipare l&#8217;erogazione del primo assegno previdenziale. La legge di bilancio prevede poi la proroga fino alla fine del 2026 dell\u2019Ape sociale e del cosiddetto &#8220;bonus Giorgetti&#8221; (NdR: <em>The <strong class=\"Yjhzub\">Bonus Giorgetti<\/strong> \u00e8 un incentivo introdotto dalla Legge di Bilancio 2025 che premia i lavoratori, pubblici e privati, che raggiungono i requisiti per la pensione anticipata ma scelgono di <strong class=\"Yjhzub\">continuare a lavorare<\/strong>, ricevendo direttamente in busta paga la propria quota di contributi previdenziali (circa 9,19%) come somma esentasse, aumentando subito il netto in busta paga senza tassazione IRPEF, ma riducendo il montante contributivo futuro<\/em>).<span class=\"uJ19be notranslate\" data-wiz-uids=\"qmTFPc_a,qmTFPc_b,qmTFPc_c\"><span class=\"vKEkVd\" data-animation-atomic=\"\" data-wiz-attrbind=\"class=qmTFPc_a\/TKHnVd;\">\u00a0<\/span><\/span><\/p>\n<hr \/>\n<p style=\"font-weight: 400;\">Per la Cgil: &#8220;L\u2019esecutivo ha fatto solo una retromarcia tattica, e non ha modificato, in alcun modo, l\u2019impianto di una legge di bilancio che peggiora la legge Fornero&#8221;.<\/p>\n<p style=\"font-weight: 400;\">Nonostante lo stralcio dell\u2019ultimo minuto dell\u2019emendamento sulla previdenza, il quadro \u00e8 segnato da un peggioramento strutturale. Secondo le previsioni della Ragioneria Generale dello Stato i requisiti per la pensione sono destinati a salire costantemente. Secondo la Cgil, gi\u00e0 dal 2028 la soglia per l\u2019anticipata toccher\u00e0 i 43 anni e un mese di contributi, per arrivare nel 2035 alla cifra record di 43 anni e 8 mesi, con la vecchiaia fissata a quasi 68 anni. \u00c8 il fallimento della narrazione sui \u00ab41 anni per tutti\u00bb, che lascia giovani e carriere discontinue in un limbo.<\/p>\n<p style=\"font-weight: 400;\">La prospettiva, a medio termine, \u00e8 arrivare a 70 anni per andare in pensione. Per chi non ha buchi contributivi e precariato di lungo periodo. In tali casi, invece, non ci sar\u00e0 fine alla pena<\/p>\n<p style=\"font-weight: 400;\"><img loading=\"lazy\" decoding=\"async\" class=\"wp-image-85571 alignright\" src=\"https:\/\/www.fedaiisf.it\/wp-content\/uploads\/2025\/12\/CISL-Fumarola.png\" alt=\"\" width=\"200\" height=\"183\" srcset=\"https:\/\/www.fedaiisf.it\/wp-content\/uploads\/2025\/12\/CISL-Fumarola.png 414w, https:\/\/www.fedaiisf.it\/wp-content\/uploads\/2025\/12\/CISL-Fumarola-300x274.png 300w, https:\/\/www.fedaiisf.it\/wp-content\/uploads\/2025\/12\/CISL-Fumarola-13x12.png 13w\" sizes=\"auto, (max-width: 200px) 100vw, 200px\" \/>Per Daniela Fumarola della CISL bisogna dare certezza e stabilit\u00e0 al sistema previdenziale, e questo non si fa con interventi unilaterali, che creano incertezza nei percorsi lavorativi e di vita di milioni di persone.<\/p>\n<p style=\"font-weight: 400;\">Ecco perch\u00e9 <strong>sollecitiamo il Governo ad aprire un tavolo serio e complessivo sulla riforma del sistema pensionistico<\/strong>, puntando su un confronto costruttivo per dare stabilit\u00e0 al sistema pensionistico con elementi di equit\u00e0 e flessibilit\u00e0 in uscita che a nostro avviso continuano a mancare, in particolare rispetto alla previdenza delle donne e dei giovani, rafforzando la previdenza complementare ed accompagnando realmente l\u2019invecchiamento attivo\u201d \u2013 conclude la numero uno Cisl.<\/p>\n<hr \/>\n<p>Related news:<a href=\"http:\/\/www.anaao.it\/public\/aaa_3840823_cs_manovra_approvata_22dic25.pdf\" target=\"_blank\" rel=\"noopener\"><strong> I Sindacati dei medici e dirigenti sanitari bocciano la manovra: un disastro per il Ssn e per i professionisti<\/strong><\/a><\/p>\n<p class=\"mt-md-4 mt-3 mb-3 fw-800 fs-28 lh-35 article-title\"><a href=\"https:\/\/www.quotidianosanita.it\/governo-e-parlamento\/manovra-ok-dalla-commissione-bilancio-del-senato-testo-in-aula-ecco-le-novit-per-la-sanit\/\" target=\"_blank\" rel=\"noopener\">Manovra. Ok dalla Commissione Bilancio del Senato. Testo in aula: ecco le novit\u00e0 per la sanit\u00e0<\/a><\/p>\n<hr \/>\n<p>Note:<\/p>\n<p>Per i neoassunti viene introdotto per il TFR il meccanismo del &#8220;Life cycle&#8221; che prevede che inizialmente i soldi siano investiti in attivit\u00e0 a maggior rendimento e a maggior rischio. Questo metodo si invertir\u00e0 man mano che il lavoratore si avvicina alla fine dell&#8217;et\u00e0 lavorativa con investimenti meno rischiosi e a rendimento pi\u00f9 bassi.<\/p>\n<p data-subtree=\"aimfl\"><em>La pensione contributiva \u00e8 il trattamento economico calcolato in base all&#8217;<strong class=\"Yjhzub\">ammontare totale dei contributi versati<\/strong> durante l&#8217;intera vita lavorativa, non sulle ultime retribuzioni, e il suo calcolo dipende dal montante contributivo rivalutato e dai coefficienti di trasformazione legati all&#8217;et\u00e0 di pensionamento. Riguarda principalmente chi ha iniziato a lavorare dopo il 1995 e si differenzia dal retributivo (basato sulle ultime retribuzioni) e misto (combinazione dei due), con requisiti di accesso che includono et\u00e0 anagrafica (spesso 67 anni per la vecchiaia) e contributiva (minimo 20 anni).<span class=\"uJ19be notranslate\" data-wiz-uids=\"Ig5nQc_a,Ig5nQc_b,Ig5nQc_c\"><span class=\"vKEkVd\" data-animation-atomic=\"\" data-wiz-attrbind=\"class=Ig5nQc_a\/TKHnVd;\"><br \/>\n(<a href=\"https:\/\/www.inps.it\/it\/it\/dettaglio-approfondimento.schede-informative.49949.il-calcolo-della-pensione.html\" target=\"_blank\" rel=\"noopener\">INPS &#8211; Il calcolo della pensione<\/a>)<\/span><\/span><\/em><\/p>\n<hr \/>\n<p data-subtree=\"aimfl\">Related news: <a href=\"https:\/\/www.lav.it\/news\/emendamento-legge-bilancio-2023-caccia\/20221220-114144\" target=\"_blank\" rel=\"noopener\">Legge di Bilancio: approvato emendamento caccia selvaggia<\/a>, proposto da FDI. La norma consentir\u00e0 la caccia selvaggia in parchi, aree protette e zone urbane. Un atto scellerato che mette a rischio animali e cittadini e che va contro articolo 9 Costituzione.<\/p>\n<div dir=\"auto\">Mentre i cittadini fanno i conti con i tagli alla sanit\u00e0 e al sociale, i senatori Garavaglia (Lega) e il veneto De Carlo (FdI) trovano il tempo di fare l\u2019ennesimo regalo agli amici delle lobby venatorie.<\/div>\n<div class=\"x14z9mp xat24cr x1lziwak x1vvkbs xtlvy1s x126k92a\">\n<p dir=\"auto\">Dopo quasi 50 anni, con un emendamento-blitz approvato in commissione bilancio, vogliono riportare in Italia le RISERVE DI CACCIA A PAGAMENTO. Avete capito bene: la fauna selvatica, che \u00e8 patrimonio di TUTTI noi, sta per essere trasformata in merce da svendere al miglior offerente. Si apprende che l\u2019emendamento sia stato approvato ieri sera in Commissione bilancio del Senato. L&#8217;emendamento non c&#8217;entra niente con la legge di bilancio, ma sono riusciti ad inserirlo lo stesso. (NdR: <a href=\"https:\/\/www.senato.it\/leg\/19\/BGT\/Testi\/Emendc\/01477272\/\/01482455.akn\" target=\"_blank\" rel=\"noopener\">Emendamento Garavaglia<\/a>)<\/p>\n<p dir=\"auto\">Inoltre c&#8217;\u00e8 il Disegno di Legge ispirato dal Ministro Lollobrigida e che riprender\u00e0 l\u2019esame in gennaio nelle Commissioni Ambiente e Agricoltura del Senato con l\u2019aumento delle specie cacciabili, i richiami vivi, la caccia in primavera ecc..<\/p>\n<\/div>\n<div dir=\"auto\">\n<hr \/>\n<p><strong>Aggiornamento:<\/strong><em> Il Senato ha approvato la legge di Bilancio 2026, dando il via libera dell\u2019Aula di Palazzo Madama alla manovra: il provvedimento ha ottenuto 110 voti favorevoli, 66 contrari e due astenuti,<\/em><\/p>\n<\/div>\n<div dir=\"auto\"><em><a href=\"https:\/\/storagehub.homnya.net\/cmsimage\/2025\/12\/relddl-1689-a__1_445919_vers2.pdf\" target=\"_blank\" rel=\"noopener\"><strong>Il testo<\/strong><\/a> \u00e8 atteso all\u2019esame della Camera dei deputati, dove i tempi saranno contingentati. La discussione generale inizier\u00e0 il 28 dicembre, il giorno dopo il governo porr\u00e0 la questione di fiducia sul testo<\/em><\/div>\n<div dir=\"auto\">\n<hr \/>\n<\/div>\n<div dir=\"auto\"><\/div>\n<p dir=\"auto\">Related news:<a href=\"https:\/\/www.collettiva.it\/copertine\/welfare\/il-pacco-nella-manovra-ecco-cosa-serve-per-andare-in-pensione-r10odccd\" target=\"_blank\" rel=\"noopener\"> <span style=\"font-size: 12pt; font-weight: bold;\">Il \u201cpacco\u201d nella manovra: ecco cosa serve per andare in pensione<\/span><\/a><\/p>\n<div dir=\"auto\"><\/div>","protected":false},"excerpt":{"rendered":"<p>Dal 1\u00b0 luglio 2026 scatta l&#8217;introduzione di un meccanismo di adesione automatica alla previdenza complementare, con facolt\u00e0 di rinuncia entro sessanta giorni, per i lavoratori dipendenti del settore privato di prima assunzione, secondo quanto prevede la nuova versione del maxi-emendamento del governo. La disposizione determina effetti finanziari connessi al prevedibile aumento delle adesioni alla previdenza &hellip;<\/p>","protected":false},"author":4,"featured_media":85572,"comment_status":"closed","ping_status":"closed","sticky":false,"template":"","format":"standard","meta":{"footnotes":""},"categories":[1],"tags":[41],"class_list":["post-85569","post","type-post","status-publish","format-standard","has-post-thumbnail","hentry","category-notizie","tag-leggisentenze"],"amp_enabled":true,"_links":{"self":[{"href":"https:\/\/www.fedaiisf.it\/en\/wp-json\/wp\/v2\/posts\/85569","targetHints":{"allow":["GET"]}}],"collection":[{"href":"https:\/\/www.fedaiisf.it\/en\/wp-json\/wp\/v2\/posts"}],"about":[{"href":"https:\/\/www.fedaiisf.it\/en\/wp-json\/wp\/v2\/types\/post"}],"author":[{"embeddable":true,"href":"https:\/\/www.fedaiisf.it\/en\/wp-json\/wp\/v2\/users\/4"}],"replies":[{"embeddable":true,"href":"https:\/\/www.fedaiisf.it\/en\/wp-json\/wp\/v2\/comments?post=85569"}],"version-history":[{"count":20,"href":"https:\/\/www.fedaiisf.it\/en\/wp-json\/wp\/v2\/posts\/85569\/revisions"}],"predecessor-version":[{"id":85668,"href":"https:\/\/www.fedaiisf.it\/en\/wp-json\/wp\/v2\/posts\/85569\/revisions\/85668"}],"wp:featuredmedia":[{"embeddable":true,"href":"https:\/\/www.fedaiisf.it\/en\/wp-json\/wp\/v2\/media\/85572"}],"wp:attachment":[{"href":"https:\/\/www.fedaiisf.it\/en\/wp-json\/wp\/v2\/media?parent=85569"}],"wp:term":[{"taxonomy":"category","embeddable":true,"href":"https:\/\/www.fedaiisf.it\/en\/wp-json\/wp\/v2\/categories?post=85569"},{"taxonomy":"post_tag","embeddable":true,"href":"https:\/\/www.fedaiisf.it\/en\/wp-json\/wp\/v2\/tags?post=85569"}],"curies":[{"name":"wp","href":"https:\/\/api.w.org\/{rel}","templated":true}]}}