{"id":85616,"date":"2025-12-29T10:50:16","date_gmt":"2025-12-29T09:50:16","guid":{"rendered":"https:\/\/www.fedaiisf.it\/?p=85616"},"modified":"2025-12-29T11:03:36","modified_gmt":"2025-12-29T10:03:36","slug":"messina-in-scena-il-teatro-del-gusto-con-il-supporto-fondamentale-della-sez-aiisf-angelo-passini-di-messina","status":"publish","type":"post","link":"https:\/\/www.fedaiisf.it\/en\/messina-in-scena-il-teatro-del-gusto-con-il-supporto-fondamentale-della-sez-aiisf-angelo-passini-di-messina\/","title":{"rendered":"Messina. In scena il &#8220;Teatro del Gusto&#8221; con il supporto fondamentale della Sez. AIISF Angelo Passini"},"content":{"rendered":"<h4 style=\"font-weight: 400; text-align: center;\"><strong>TEATRO DEL GUSTO 2025<\/strong><\/h4>\n<p style=\"font-weight: 400; text-align: center;\"><strong>Sala Book Shop del Teatro Vittorio Emanuele<\/strong><\/p>\n<p style=\"font-weight: 400; text-align: justify;\"><span style=\"color: #000000;\">Al Teatro Vittorio Emanuele di Messina dal 9 al 23 dicembre 2025 \u00e8 stata realizzata la terza edizione del <img loading=\"lazy\" decoding=\"async\" class=\"wp-image-85675 alignright\" src=\"https:\/\/www.fedaiisf.it\/wp-content\/uploads\/2025\/12\/Gugliotta-Bagnara.png\" alt=\"\" width=\"320\" height=\"384\" srcset=\"https:\/\/www.fedaiisf.it\/wp-content\/uploads\/2025\/12\/Gugliotta-Bagnara.png 626w, https:\/\/www.fedaiisf.it\/wp-content\/uploads\/2025\/12\/Gugliotta-Bagnara-250x300.png 250w, https:\/\/www.fedaiisf.it\/wp-content\/uploads\/2025\/12\/Gugliotta-Bagnara-10x12.png 10w\" sizes=\"auto, (max-width: 320px) 100vw, 320px\" \/>Teatro del Gusto, un\u2019esperienza formidabile, dove di teatrale c&#8217;\u00e8 stato il magnifico contesto del pi\u00f9 importante Teatro messinese, ma in scena \u00e8 andata l\u2019informazione che con il supporto fondamentale della sezione AIISF Angelo Passini di Messina, che grazie al suo vice presidente, Saro Gugliotta e a tutto il direttivo, ha raccontato il cibo vero, con i suoi valori territoriali, nel rispetto dell&#8217;ambiente e della stagionalit\u00e0 e soprattutto un cibo sostenibile e strettamente correlato alla nostra salute, con prodotti fatti da artigiani del cibo, che scelgono quotidianamente di trasmettere i loro saperi al pari di noi informatori scientifici nel rispetto delle regole e del buon vivere.<\/span><\/p>\n<p style=\"font-weight: 400; text-align: justify;\"><span style=\"color: #000000;\">Diversi i temi trattati nelle varie serate fra cui i legumi e i frutti a guscio, con le loro propriet\u00e0 organolettiche e salutistiche. Una serata \u00e8 stata dedicata al progetto Oncook &#8220;il cibo vero adatto anche ai pazienti fragili&#8221;, nella sua versione talk, in collaborazione con l&#8217;ordine dei biologi siciliani, che ha proposto una versione salutare di dolci tradizionali natalizi, un\u2019altra serata alla Malvasia delle Lipari, proposta in tre declinazioni con tre esperienze sensoriali diverse, degustate con adeguati abbinamenti e infine due serate dedicate al programma televisivo della RTP Messin\u2026 Tavola, in cui i vincitori delle due edizioni hanno proposto alcune specialit\u00e0 locali rivisitate e ispirate ai prodotti di qualit\u00e0 del nostro territorio, stagionali e sostenibili.<\/span><\/p>\n<p style=\"text-align: center;\"><span style=\"color: #000000;\">Comunicato Sez. AIISF Angelo Passini di Messina<\/span><br \/>\n<span style=\"color: #000000;\">&#8211; Federata Fedaiisf &#8211;<\/span><\/p>\n<hr \/>\n<p><em>La stampa ne parla:<\/em><\/p>\n<h3 class=\"post-article__title h1\">Nuovo omaggio a Messintavola per il gran finale del Teatro del Gusto<\/h3>\n<p>L\u2019ultima serata prima delle festivit\u00e0 ha visto protagonista il vincitore della prima edizione del format televisivo di RTP, Roberto Antonuccio, con una proposta gastronomica ispirata alla Sicilia autentica, tra materie prime locali, stagionalit\u00e0 e narrazione culturale<\/p>\n<p><a href=\"https:\/\/messina.gazzettadelsud.it\/articoli\/cucina\/2025\/12\/26\/nuovo-omaggio-a-messintavola-per-il-gran-finale-del-teatro-del-gusto-455b48f4-899a-4dce-b5c2-936e3d8750e0\/\" target=\"_blank\" rel=\"noopener\">Gazzetta del Sud &#8211; 26 dicembre 2025<\/a><\/p>\n<p>Si \u00e8 conclusa alla vigilia di Natale la terza stagione del <strong data-start=\"59\" data-end=\"79\">Teatro del Gusto<\/strong>, rassegna che ha saputo ancora una volta intrecciare cultura, gastronomia e racconto del territorio, rinnovando l\u2019omaggio a <strong data-start=\"204\" data-end=\"220\">Messintavola<\/strong>, the <img loading=\"lazy\" decoding=\"async\" class=\"wp-image-85624 alignleft\" src=\"https:\/\/www.fedaiisf.it\/wp-content\/uploads\/2025\/12\/Messintavola-1-Gugliotta.png\" alt=\"\" width=\"357\" height=\"310\" srcset=\"https:\/\/www.fedaiisf.it\/wp-content\/uploads\/2025\/12\/Messintavola-1-Gugliotta.png 966w, https:\/\/www.fedaiisf.it\/wp-content\/uploads\/2025\/12\/Messintavola-1-Gugliotta-300x260.png 300w, https:\/\/www.fedaiisf.it\/wp-content\/uploads\/2025\/12\/Messintavola-1-Gugliotta-768x666.png 768w, https:\/\/www.fedaiisf.it\/wp-content\/uploads\/2025\/12\/Messintavola-1-Gugliotta-14x12.png 14w\" sizes=\"auto, (max-width: 357px) 100vw, 357px\" \/>fortunata trasmissione televisiva di RTP giunta alla sua seconda edizione.<\/p>\n<p>Dopo l\u2019incontro dedicato all\u2019ultimo vincitore del programma, <strong data-start=\"362\" data-end=\"379\">Paolo Locurto<\/strong>, protagonista di una delle serate promosse dal presidente di Associbo <strong data-start=\"450\" data-end=\"468\">Saro Gugliotta<\/strong>, Vicepresidente della Sez. AIISF Angelo Passini di Messina, il palcoscenico del gusto ha accolto <strong data-start=\"507\" data-end=\"529\">Roberto Antonuccio<\/strong>, vincitore della prima edizione di <em data-start=\"565\" data-end=\"579\">Messintavola<\/em>. A lui \u00e8 stato affidato il compito di chiudere simbolicamente il cerchio di questa stagione, riportando al centro i valori che hanno decretato il successo della trasmissione e della rassegna: <strong>identit\u00e0, stagionalit\u00e0 e qualit\u00e0 delle materie prime<\/strong>.<\/p>\n<p>Nel corso dell\u2019ultima serata, Antonuccio ha proposto una pietanza fortemente ispirata al territorio siciliano e al periodo dell\u2019anno: una <strong data-start=\"965\" data-end=\"997\">caponata di capone (lampuga)<\/strong>, riletta in chiave stagionale attraverso la sostituzione della melanzana con il <strong data-start=\"1078\" data-end=\"1092\">cavolfiore<\/strong>. Per ottenere il tradizionale equilibrio agrodolce, lo chef ha scelto un <strong data-start=\"1166\" data-end=\"1210\">miele millefiori di montagna dei Nebrodi<\/strong>, prodotto da <strong data-start=\"1224\" data-end=\"1243\">ape nera sicula<\/strong>, esaltando cos\u00ec un ingrediente identitario e ricco di valenze nutrizionali.<\/p>\n<p>La caponata \u00e8 stata accompagnata da un <strong data-start=\"1360\" data-end=\"1416\">crostino di pane di grani antichi siciliani Russello<\/strong>, servito insieme a un <strong data-start=\"1439\" data-end=\"1503\">pur\u00e8 di patate di Siracusa aromatizzate allo zafferano etneo<\/strong>, il tutto condito con un <strong data-start=\"1529\" data-end=\"1581\">olio extravergine ottenuto da cultivar di Cesar\u00f2<\/strong>. Un piatto che ha raccontato la Sicilia attraverso consistenze, profumi e sapori, mantenendo una forte coerenza narrativa.<\/p>\n<p><img loading=\"lazy\" decoding=\"async\" class=\"wp-image-85625 alignright\" src=\"https:\/\/www.fedaiisf.it\/wp-content\/uploads\/2025\/12\/Saro-Gugliotta.png\" alt=\"\" width=\"294\" height=\"312\" srcset=\"https:\/\/www.fedaiisf.it\/wp-content\/uploads\/2025\/12\/Saro-Gugliotta.png 868w, https:\/\/www.fedaiisf.it\/wp-content\/uploads\/2025\/12\/Saro-Gugliotta-282x300.png 282w, https:\/\/www.fedaiisf.it\/wp-content\/uploads\/2025\/12\/Saro-Gugliotta-768x816.png 768w, https:\/\/www.fedaiisf.it\/wp-content\/uploads\/2025\/12\/Saro-Gugliotta-11x12.png 11w\" sizes=\"auto, (max-width: 294px) 100vw, 294px\" \/>A completare la proposta gastronomica, un <strong data-start=\"1748\" data-end=\"1779\">panettone all\u2019olio di oliva<\/strong>, realizzato con <strong data-start=\"1796\" data-end=\"1827\">cultivar Minuta dei Nebrodi<\/strong> And <strong data-start=\"1830\" data-end=\"1845\">pasta madre<\/strong>, ulteriore esempio di come tradizione e innovazione possano dialogare nel rispetto delle materie prime e dei tempi naturali.<\/p>\n<p>Tutte le proposte della serata, cos\u00ec come l\u2019intera rassegna, hanno ribadito l\u2019attenzione alla <strong data-start=\"2066\" data-end=\"2082\">stagionalit\u00e0<\/strong>and to <strong data-start=\"2090\" data-end=\"2123\">provenienza degli ingredienti<\/strong>, elementi centrali di ogni appuntamento del Teatro del Gusto, arricchiti da approfondimenti sulle origini delle materie prime e sulle loro <strong data-start=\"2263\" data-end=\"2291\">peculiarit\u00e0 salutistiche<\/strong>.<\/p>\n<p>Condotte\u00a0 da <strong data-start=\"2318\" data-end=\"2336\">Saro Gugliotta<\/strong>, le serate del Teatro del Gusto si sono svolte nell\u2019ambito del <strong data-start=\"2400\" data-end=\"2420\">Natale in Teatro<\/strong>, con l\u2019ospitalit\u00e0 del <strong data-start=\"2443\" data-end=\"2471\">Teatro Vittorio Emanuele<\/strong>, The <strong><span style=\"font-size: 14pt;\">supporto fondamentale della Sezione Angelo Passini di Messina dell\u2019Associazione degli informatori scientific<\/span>i, AIISF,<\/strong> e la collaborazione dell\u2019<strong data-start=\"2587\" data-end=\"2623\">associazione Assocea Messina Aps<\/strong>. Una chiusura di stagione che conferma il Teatro del Gusto come uno spazio di incontro e narrazione, capace di valorizzare il patrimonio enogastronomico siciliano attraverso il racconto, la conoscenza e il gusto.<\/p>\n<p><img loading=\"lazy\" decoding=\"async\" class=\"wp-image-85627 aligncenter\" src=\"https:\/\/www.fedaiisf.it\/wp-content\/uploads\/2025\/12\/Gugliotta-Bagnara-Messintavola-2.png\" alt=\"\" width=\"635\" height=\"767\" srcset=\"https:\/\/www.fedaiisf.it\/wp-content\/uploads\/2025\/12\/Gugliotta-Bagnara-Messintavola-2.png 856w, https:\/\/www.fedaiisf.it\/wp-content\/uploads\/2025\/12\/Gugliotta-Bagnara-Messintavola-2-248x300.png 248w, https:\/\/www.fedaiisf.it\/wp-content\/uploads\/2025\/12\/Gugliotta-Bagnara-Messintavola-2-848x1024.png 848w, https:\/\/www.fedaiisf.it\/wp-content\/uploads\/2025\/12\/Gugliotta-Bagnara-Messintavola-2-768x928.png 768w, https:\/\/www.fedaiisf.it\/wp-content\/uploads\/2025\/12\/Gugliotta-Bagnara-Messintavola-2-10x12.png 10w\" sizes=\"auto, (max-width: 635px) 100vw, 635px\" \/><\/p>\n<hr \/>\n<p>Nota: Da anni Gugliotta \u00e8 impegnato nella difesa e nella promozione del meglio delle tradizioni agricole ed enogastronomiche in Sicilia, con un impegno riconosciuto volto a ridare il giusto valore al cibo, nel rispetto di chi produce, in armonia con ambiente ed ecosistemi, grazie ai saperi di cui sono custodi territori e tradizioni locali.<\/p>\n<p><img loading=\"lazy\" decoding=\"async\" class=\"wp-image-85676 aligncenter\" src=\"https:\/\/www.fedaiisf.it\/wp-content\/uploads\/2025\/12\/collage-mesintavola.png\" alt=\"\" width=\"592\" height=\"592\" srcset=\"https:\/\/www.fedaiisf.it\/wp-content\/uploads\/2025\/12\/collage-mesintavola.png 800w, https:\/\/www.fedaiisf.it\/wp-content\/uploads\/2025\/12\/collage-mesintavola-300x300.png 300w, https:\/\/www.fedaiisf.it\/wp-content\/uploads\/2025\/12\/collage-mesintavola-150x150.png 150w, https:\/\/www.fedaiisf.it\/wp-content\/uploads\/2025\/12\/collage-mesintavola-768x768.png 768w, https:\/\/www.fedaiisf.it\/wp-content\/uploads\/2025\/12\/collage-mesintavola-12x12.png 12w\" sizes=\"auto, (max-width: 592px) 100vw, 592px\" \/><\/p>","protected":false},"excerpt":{"rendered":"<p>TEATRO DEL GUSTO 2025 Sala Book Shop del Teatro Vittorio Emanuele Al Teatro Vittorio Emanuele di Messina dal 9 al 23 dicembre 2025 \u00e8 stata realizzata la terza edizione del Teatro del Gusto, un\u2019esperienza formidabile, dove di teatrale c&#8217;\u00e8 stato il magnifico contesto del pi\u00f9 importante Teatro messinese, ma in scena \u00e8 andata l\u2019informazione che &hellip;<\/p>","protected":false},"author":4,"featured_media":85672,"comment_status":"closed","ping_status":"closed","sticky":false,"template":"","format":"standard","meta":{"footnotes":""},"categories":[1,14],"tags":[45],"class_list":["post-85616","post","type-post","status-publish","format-standard","has-post-thumbnail","hentry","category-notizie","category-news-fedaiisf","tag-fedaiisf"],"amp_enabled":true,"_links":{"self":[{"href":"https:\/\/www.fedaiisf.it\/en\/wp-json\/wp\/v2\/posts\/85616","targetHints":{"allow":["GET"]}}],"collection":[{"href":"https:\/\/www.fedaiisf.it\/en\/wp-json\/wp\/v2\/posts"}],"about":[{"href":"https:\/\/www.fedaiisf.it\/en\/wp-json\/wp\/v2\/types\/post"}],"author":[{"embeddable":true,"href":"https:\/\/www.fedaiisf.it\/en\/wp-json\/wp\/v2\/users\/4"}],"replies":[{"embeddable":true,"href":"https:\/\/www.fedaiisf.it\/en\/wp-json\/wp\/v2\/comments?post=85616"}],"version-history":[{"count":11,"href":"https:\/\/www.fedaiisf.it\/en\/wp-json\/wp\/v2\/posts\/85616\/revisions"}],"predecessor-version":[{"id":85681,"href":"https:\/\/www.fedaiisf.it\/en\/wp-json\/wp\/v2\/posts\/85616\/revisions\/85681"}],"wp:featuredmedia":[{"embeddable":true,"href":"https:\/\/www.fedaiisf.it\/en\/wp-json\/wp\/v2\/media\/85672"}],"wp:attachment":[{"href":"https:\/\/www.fedaiisf.it\/en\/wp-json\/wp\/v2\/media?parent=85616"}],"wp:term":[{"taxonomy":"category","embeddable":true,"href":"https:\/\/www.fedaiisf.it\/en\/wp-json\/wp\/v2\/categories?post=85616"},{"taxonomy":"post_tag","embeddable":true,"href":"https:\/\/www.fedaiisf.it\/en\/wp-json\/wp\/v2\/tags?post=85616"}],"curies":[{"name":"wp","href":"https:\/\/api.w.org\/{rel}","templated":true}]}}