{"id":8595,"date":"2015-03-04T13:09:42","date_gmt":"2015-03-04T12:09:42","guid":{"rendered":"http:\/\/www.fedaiisf.it\/?p=8595"},"modified":"2015-03-04T13:09:42","modified_gmt":"2015-03-04T12:09:42","slug":"mylan-completa-acquisizione-generici-branded-di-abbott","status":"publish","type":"post","link":"https:\/\/www.fedaiisf.it\/en\/mylan-completa-acquisizione-generici-branded-di-abbott\/","title":{"rendered":"Mylan Completes Acquisition of Abbott&#039;s &#039;Branded&#039; Generics"},"content":{"rendered":"<p>Nei mercati a economia matura, a esclusione degli Stati Uniti.\u00a0Grazie a questa acquisizione, Mylan ha ora quasi 30.000 dipendenti nel mondo.<\/p>\n<p><a href=\"http:\/\/streamer.adnkronos.com\/Salute\/Newsletter\/data\/Pk38e15.pdf\" target=\"_blank\" rel=\"noopener\">B.D.C. &#8211; 4 marzo 2015- Pharma<i>Kronos<\/i><\/a><\/p>\n<p><img loading=\"lazy\" decoding=\"async\" class=\"alignleft\" alt=\"Risultati immagini per mylan abbott\" src=\"https:\/\/encrypted-tbn0.gstatic.com\/images?q=tbn:ANd9GcQjBrl9CUaH4tU3MCpIEs3vkFQA6WVfnYLA9FWZjbWSsR-Wedm3Jg\" width=\"300\" height=\"168\" \/>Mylan annuncia il completamento dell&#8217;acquisizione da Abbott Laboratories della divisione dedicata ai farmaci equivalenti a marchio (i cosiddetti &#8216;branded generics&#8217;) nei mercati a economia matura, a esclusione degli Stati Uniti. Grazie a questa acquisizione, Mylan ha ora quasi 30.000 dipendenti nel mondo.<\/p>\n<p>L&#8217;accordo con Abbott aggiunge altri 100 farmaci agli oltre 1.300 prodotti Mylan, molti dei quali nuovi e\/o difficili da produrre, sottolinea una nota. Si tratta di farmaci equivalenti a marchio, specialistici e da banco, che si collocano all&#8217;interno delle seguenti aree terapeutiche: cardio\/metabolica; gastrointestinale; antinfettiva\/respiratoria; sistema nervoso centrale\/dolore; salute femminile e maschile.<\/p>\n<p>L&#8217;acquisizione di Abbott estende inoltre la copertura geografica nei mercati pi\u00f9 importanti al di fuori degli Usa. La transazione raddoppia approssimativamente il fatturato di Mylan in Europa, rafforzando la presenza in Italia, Regno Unito, Germania, Francia, Spagna e Portogallo. Verranno pi\u00f9 che raddoppiati anche i ricavi di Mylan in Canada e Giappone, con un incremento del business in Australia e Nuova Zelanda.<\/p>\n<p>Una presenza significativa nel mercato dei farmaci equivalenti a marchio si avr\u00e0 anche nell&#8217;Europa Centrale e Orientale. Questo accordo aggiunge inoltre due siti produttivi. Per il presidente esecutivo, Robert Coury, \u00e8 &#8220;l&#8217;inizio del prossimo entusiasmante capitolo di crescita per Mylan. Con il completamento di questa transazione beneficeremo di una flessibilit\u00e0 finanziaria significativamente maggiore, una struttura fiscale globale ottimizzata e una maggiore capacit\u00e0 di bilancio, cose che ci posizionano eccezionalmente bene per future opportunit\u00e0&#8221;.<\/p>\n<p>&nbsp;<\/p>","protected":false},"excerpt":{"rendered":"<p>Nei mercati a economia matura, a esclusione degli Stati Uniti.\u00a0Grazie a questa acquisizione, Mylan ha ora quasi 30.000 dipendenti nel mondo. B.D.C. &#8211; 4 marzo 2015- PharmaKronos Mylan annuncia il completamento dell&#8217;acquisizione da Abbott Laboratories della divisione dedicata ai farmaci equivalenti a marchio (i cosiddetti &#8216;branded generics&#8217;) nei mercati a economia matura, a esclusione degli &hellip;<\/p>","protected":false},"author":4,"featured_media":8598,"comment_status":"closed","ping_status":"closed","sticky":false,"template":"","format":"standard","meta":{"footnotes":""},"categories":[1],"tags":[53],"class_list":["post-8595","post","type-post","status-publish","format-standard","has-post-thumbnail","hentry","category-notizie","tag-fusioniacquisizioni"],"amp_enabled":true,"_links":{"self":[{"href":"https:\/\/www.fedaiisf.it\/en\/wp-json\/wp\/v2\/posts\/8595","targetHints":{"allow":["GET"]}}],"collection":[{"href":"https:\/\/www.fedaiisf.it\/en\/wp-json\/wp\/v2\/posts"}],"about":[{"href":"https:\/\/www.fedaiisf.it\/en\/wp-json\/wp\/v2\/types\/post"}],"author":[{"embeddable":true,"href":"https:\/\/www.fedaiisf.it\/en\/wp-json\/wp\/v2\/users\/4"}],"replies":[{"embeddable":true,"href":"https:\/\/www.fedaiisf.it\/en\/wp-json\/wp\/v2\/comments?post=8595"}],"version-history":[{"count":0,"href":"https:\/\/www.fedaiisf.it\/en\/wp-json\/wp\/v2\/posts\/8595\/revisions"}],"wp:featuredmedia":[{"embeddable":true,"href":"https:\/\/www.fedaiisf.it\/en\/wp-json\/wp\/v2\/media\/8598"}],"wp:attachment":[{"href":"https:\/\/www.fedaiisf.it\/en\/wp-json\/wp\/v2\/media?parent=8595"}],"wp:term":[{"taxonomy":"category","embeddable":true,"href":"https:\/\/www.fedaiisf.it\/en\/wp-json\/wp\/v2\/categories?post=8595"},{"taxonomy":"post_tag","embeddable":true,"href":"https:\/\/www.fedaiisf.it\/en\/wp-json\/wp\/v2\/tags?post=8595"}],"curies":[{"name":"wp","href":"https:\/\/api.w.org\/{rel}","templated":true}]}}