{"id":8599,"date":"2015-03-04T13:23:18","date_gmt":"2015-03-04T12:23:18","guid":{"rendered":"http:\/\/www.fedaiisf.it\/?p=8599"},"modified":"2015-03-04T13:38:03","modified_gmt":"2015-03-04T12:38:03","slug":"assogenerici-se-tagli-si-applicano-meccanicamente-e-inutile-parlare-di-tavoli-di-settore","status":"publish","type":"post","link":"https:\/\/www.fedaiisf.it\/en\/assogenerici-se-tagli-si-applicano-meccanicamente-e-inutile-parlare-di-tavoli-di-settore\/","title":{"rendered":"Assogenerics. If the cuts are applied mechanically, it is useless to talk about sector tables"},"content":{"rendered":"<p><img loading=\"lazy\" decoding=\"async\" class=\"alignleft\" alt=\"\" src=\"http:\/\/static.tumblr.com\/c32fb11a23724f560550b0b079a9351e\/mca5htn\/vcpmpthop\/tumblr_static_assogenerici_header.jpg\" width=\"403\" height=\"104\" \/>Roma, 2 marzo 2015 &#8211; E\u2019 sempre meno comprensibile quale principio guidi la gestione della spesa sanitaria, e su quali obiettivi si orientino i diversi tavoli istituiti tra Stato e Regioni, a cominciare da quello sulla farmaceutica\u201d dice il presidente di AssoGenerici, Enrique H\u00e4usermann, a commento dell\u2019intesa sui tagli lineari alla Sanit\u00e0 \u2013 circa due miliardi \u2013 raggiunta in seno alla Conferenza Stato-Regioni. \u201cE\u2019 facile prevedere che ancora una volta, nell\u2019impossibilit\u00e0 o incapacit\u00e0 di individuare vie alternative, si agir\u00e0 pesantemente sulla farmaceutica. Qui occorre parlare molto chiaramente: la spesa sanitaria nazionale \u00e8 in discesa costante da anni e, al suo interno, il capitolo della farmaceutica territoriale guida questa discesa. E\u2019 il caso di far presente all\u2019opinione pubblica che oggi farmaci salvavita per milioni di pazienti \u2013 nel vero senso della parola \u2013 come la metformina, caposaldo del trattamento del diabete, costano a confezione poco pi\u00f9 di un euro: meno di un singolo ghiacciolo, poco pi\u00f9 di un solo caff\u00e8. Quindi, se vogliamo ridurre la spesa dobbiamo ridurre i malati in trattamento. E\u2019 questo che si vuole?\u201d prosegue H\u00e4usermann. La regionalizzazione della sanit\u00e0 non sembra aver prodotto il principale risultato atteso, \u201ccio\u00e8 la programmazione della spesa in base alle effettive necessit\u00e0 del territorio amministrato, anche intervenendo sulle risorse destinate ad altri settori. Qui invece \u00e8 stato fatto esattamente l\u2019opposto. A questo punto, se tutto si limita a contrattare tagli lineari che vengono poi applicati meccanicamente, assistiamo al fallimento della devolution. Bene ha fatto il Ministro Lorenzin a stigmatizzare in queste settimane scelte senza logica come quelle che erano state riportate sulla stampa, tuttavia non basta. Diviene opportuno un ripensamento di tutto l\u2019assetto: forse l\u2019unica riforma davvero non ritardabile\u201d.<\/p>\n<p>Related news: <a href=\"http:\/\/www.fedaiisf.it\/en\/farmindustria-patto-tradito-chiediamo-incontro-renzi\/\" target=\"_blank\">Farmindustria, pact betrayed; we ask for a meeting with Renzi<\/a><\/p>\n<p><a href=\"http:\/\/pepe.blogautore.repubblica.it\/2015\/03\/03\/tagli-alla-sanita-solita-minestra\/\" target=\"_blank\" rel=\"noopener\">Tagli alla sanit\u00e0, solita minestra<\/a><\/p>\n<p><a href=\"http:\/\/www.strill.it\/calabria\/2015\/03\/sanita-torluccio-uil-fpl-bene-stabilizzazione-precari-ma-basta-tagli\/\" target=\"_blank\" rel=\"noopener\">Torluccio (Uil Fpl): \u201cBene stabilizzazione precari, ma basta tagli\u201d<\/a><\/p>\n<p><a href=\"http:\/\/www.superando.it\/2015\/03\/04\/e-dunque-la-salute-il-bancomat-della-finanza-pubblica\/\" target=\"_blank\" rel=\"noopener\">\u00c8 dunque la Salute il \u201cbancomat\u201d della finanza pubblica?<\/a><\/p>\n<p><a href=\"http:\/\/www.quotidianosanita.it\/governo-e-parlamento\/articolo.php?articolo_id=26252\" target=\"_blank\" rel=\"noopener\">Stabilit\u00e0. Via libera all\u2019Intesa Stato Regioni. Per la sanit\u00e0 sforbiciata da 2,637 mld. Ma spese da tagliare saranno decise entro marzo<\/a>\u00a0\u00a0\u00a0 <b><i><a href=\"http:\/\/www.quotidianosanita.it\/allegati\/create_pdf.php?all=662137.pdf\" target=\"_blank\" rel=\"noopener\">L\u2019INTESA<\/a><\/i><\/b><b><\/b><\/p>\n<p>&nbsp;<\/p>\n<p><a href=\"http:\/\/www.assogenerici.org\/articolihome\/cs_02_03_Se_i_tagli_si_applicano_meccanicamente_inutile_parlare_di_tavoli_di_settore.pdf\" target=\"_blank\" rel=\"noopener\">Press release<\/a><\/p>","protected":false},"excerpt":{"rendered":"<p>Roma, 2 marzo 2015 &#8211; E\u2019 sempre meno comprensibile quale principio guidi la gestione della spesa sanitaria, e su quali obiettivi si orientino i diversi tavoli istituiti tra Stato e Regioni, a cominciare da quello sulla farmaceutica\u201d dice il presidente di AssoGenerici, Enrique H\u00e4usermann, a commento dell\u2019intesa sui tagli lineari alla Sanit\u00e0 \u2013 circa due &hellip;<\/p>","protected":false},"author":4,"featured_media":5809,"comment_status":"closed","ping_status":"closed","sticky":false,"template":"","format":"standard","meta":{"footnotes":""},"categories":[1],"tags":[79],"class_list":["post-8599","post","type-post","status-publish","format-standard","has-post-thumbnail","hentry","category-notizie","tag-ssn"],"amp_enabled":true,"_links":{"self":[{"href":"https:\/\/www.fedaiisf.it\/en\/wp-json\/wp\/v2\/posts\/8599","targetHints":{"allow":["GET"]}}],"collection":[{"href":"https:\/\/www.fedaiisf.it\/en\/wp-json\/wp\/v2\/posts"}],"about":[{"href":"https:\/\/www.fedaiisf.it\/en\/wp-json\/wp\/v2\/types\/post"}],"author":[{"embeddable":true,"href":"https:\/\/www.fedaiisf.it\/en\/wp-json\/wp\/v2\/users\/4"}],"replies":[{"embeddable":true,"href":"https:\/\/www.fedaiisf.it\/en\/wp-json\/wp\/v2\/comments?post=8599"}],"version-history":[{"count":0,"href":"https:\/\/www.fedaiisf.it\/en\/wp-json\/wp\/v2\/posts\/8599\/revisions"}],"wp:featuredmedia":[{"embeddable":true,"href":"https:\/\/www.fedaiisf.it\/en\/wp-json\/wp\/v2\/media\/5809"}],"wp:attachment":[{"href":"https:\/\/www.fedaiisf.it\/en\/wp-json\/wp\/v2\/media?parent=8599"}],"wp:term":[{"taxonomy":"category","embeddable":true,"href":"https:\/\/www.fedaiisf.it\/en\/wp-json\/wp\/v2\/categories?post=8599"},{"taxonomy":"post_tag","embeddable":true,"href":"https:\/\/www.fedaiisf.it\/en\/wp-json\/wp\/v2\/tags?post=8599"}],"curies":[{"name":"wp","href":"https:\/\/api.w.org\/{rel}","templated":true}]}}