{"id":86103,"date":"2026-01-26T19:35:38","date_gmt":"2026-01-26T18:35:38","guid":{"rendered":"https:\/\/www.fedaiisf.it\/?p=86103"},"modified":"2026-01-29T19:12:52","modified_gmt":"2026-01-29T18:12:52","slug":"mobilitazione-in-alfasigma-altissima-ladesione-allo-sciopero-e-alle-manifestazioni","status":"publish","type":"post","link":"https:\/\/www.fedaiisf.it\/en\/mobilitazione-in-alfasigma-altissima-ladesione-allo-sciopero-e-alle-manifestazioni\/","title":{"rendered":"Mobilitazione in Alfasigma: altissima l&#8217;adesione allo sciopero e alle manifestazioni"},"content":{"rendered":"<h3 class=\"article-title\"><a title=\"Mobilitazione in Alfasigma: altissima l&#039;adesione allo sciopero e alle manifestazioni\" href=\"https:\/\/www.filctemcgil.it\/index.php\/notiziario\/news\/mobilitazione-in-alfasigma-altissima-l-adesione-allo-sciopero-e-alle-manifestazioni\" target=\"_blank\" rel=\"noopener\">Mobilitazione in Alfasigma: altissima l&#8217;adesione allo sciopero e alle manifestazioni<\/a><\/h3>\n<p><a href=\"https:\/\/www.filctemcgil.it\/images\/comunicati_stampa\/260126_CS_Sciopero_Alfasigma.pdf\" target=\"_blank\" rel=\"noopener\">Comunicato stampa &#8211; 26 gennaio 2026<\/a><\/p>\n<p><strong>26 gennaio 2026. Alfasigma, riuscito lo sciopero nazionale di 8 ore proclamato per oggi: attivit\u00e0 fermate e forte partecipazione alle manifestazioni<\/strong><\/p>\n<p>Si \u00e8 svolto con un\u2019ampia adesione lo sciopero nazionale di 8 ore proclamato in Alfasigma, che ha portato al blocco delle attivit\u00e0 del gruppo e a una partecipata manifestazione nazionale alla presenza delle segreterie <img loading=\"lazy\" decoding=\"async\" class=\"wp-image-86107 alignright\" src=\"https:\/\/www.fedaiisf.it\/wp-content\/uploads\/2026\/01\/sciopero-alfasigma-1.png\" alt=\"\" width=\"338\" height=\"257\" srcset=\"https:\/\/www.fedaiisf.it\/wp-content\/uploads\/2026\/01\/sciopero-alfasigma-1.png 540w, https:\/\/www.fedaiisf.it\/wp-content\/uploads\/2026\/01\/sciopero-alfasigma-1-300x228.png 300w, https:\/\/www.fedaiisf.it\/wp-content\/uploads\/2026\/01\/sciopero-alfasigma-1-16x12.png 16w\" sizes=\"auto, (max-width: 338px) 100vw, 338px\" \/>nazionali di Filctem Cgil, Femca Cisl e Uiltec Uil.<\/p>\n<p>La mobilitazione ha determinato il <strong>fermo dei siti produttivi di Bologna, Milano, Alanno e Pomezia<\/strong>, confermando un livello di partecipazione significativo e una forte condivisione delle ragioni dello sciopero da parte delle lavoratrici e dei lavoratori.<\/p>\n<p>Contestualmente si sono svolti pres\u00ecdi anche davanti alla sede di Milano, in via Filzi, dove era presente una delegazione dello stabilimento ex Sofar di Trezzano Rosa, a testimonianza del carattere unitario e nazionale della protesta.<\/p>\n<p>Alla manifestazione sotto la sede principale di Alfasigma a\u00a0 Bologna hanno preso parte <strong>Aldo Zago<\/strong> per Filctem Cgil, <strong>Lorenzo Zoli<\/strong> per Femca Cisl e <strong>Daniele Bailo<\/strong> per Uiltec Uil, ribadendo un messaggio chiaro e diretto alla propriet\u00e0 e al management del gruppo: il clima che si \u00e8 determinato nelle relazioni industriali non \u00e8 accettabile e richiede un cambio di passo immediato.<\/p>\n<p>Le organizzazioni sindacali confermano che, in assenza di segnali concreti di discontinuit\u00e0 e di risposte adeguate alle richieste avanzate, la mobilitazione proseguir\u00e0. Lo stato di agitazione resta confermato con il blocco degli straordinari e ore supplementari e il rispetto assoluto dell\u2019orario ordinario per gli informatori scientifici, a tutela dell\u2019occupazione, delle condizioni di lavoro e della dignit\u00e0 delle lavoratrici e dei lavoratori di Alfasigma.<\/p>\n<p><img loading=\"lazy\" decoding=\"async\" class=\"wp-image-86106 aligncenter\" src=\"https:\/\/www.fedaiisf.it\/wp-content\/uploads\/2026\/01\/collage-sciopero-alfasigma.png\" alt=\"\" width=\"763\" height=\"763\" srcset=\"https:\/\/www.fedaiisf.it\/wp-content\/uploads\/2026\/01\/collage-sciopero-alfasigma.png 800w, https:\/\/www.fedaiisf.it\/wp-content\/uploads\/2026\/01\/collage-sciopero-alfasigma-300x300.png 300w, https:\/\/www.fedaiisf.it\/wp-content\/uploads\/2026\/01\/collage-sciopero-alfasigma-150x150.png 150w, https:\/\/www.fedaiisf.it\/wp-content\/uploads\/2026\/01\/collage-sciopero-alfasigma-768x768.png 768w, https:\/\/www.fedaiisf.it\/wp-content\/uploads\/2026\/01\/collage-sciopero-alfasigma-12x12.png 12w\" sizes=\"auto, (max-width: 763px) 100vw, 763px\" \/><\/p>","protected":false},"excerpt":{"rendered":"<p>Mobilitazione in Alfasigma: altissima l&#8217;adesione allo sciopero e alle manifestazioni Comunicato stampa &#8211; 26 gennaio 2026 26 gennaio 2026. Alfasigma, riuscito lo sciopero nazionale di 8 ore proclamato per oggi: attivit\u00e0 fermate e forte partecipazione alle manifestazioni Si \u00e8 svolto con un\u2019ampia adesione lo sciopero nazionale di 8 ore proclamato in Alfasigma, che ha portato &hellip;<\/p>","protected":false},"author":4,"featured_media":86109,"comment_status":"closed","ping_status":"closed","sticky":false,"template":"","format":"standard","meta":{"footnotes":""},"categories":[16],"tags":[21,44],"class_list":["post-86103","post","type-post","status-publish","format-standard","has-post-thumbnail","hentry","category-primo-piano","tag-informatori-scientifici","tag-sindacati"],"amp_enabled":true,"_links":{"self":[{"href":"https:\/\/www.fedaiisf.it\/en\/wp-json\/wp\/v2\/posts\/86103","targetHints":{"allow":["GET"]}}],"collection":[{"href":"https:\/\/www.fedaiisf.it\/en\/wp-json\/wp\/v2\/posts"}],"about":[{"href":"https:\/\/www.fedaiisf.it\/en\/wp-json\/wp\/v2\/types\/post"}],"author":[{"embeddable":true,"href":"https:\/\/www.fedaiisf.it\/en\/wp-json\/wp\/v2\/users\/4"}],"replies":[{"embeddable":true,"href":"https:\/\/www.fedaiisf.it\/en\/wp-json\/wp\/v2\/comments?post=86103"}],"version-history":[{"count":3,"href":"https:\/\/www.fedaiisf.it\/en\/wp-json\/wp\/v2\/posts\/86103\/revisions"}],"predecessor-version":[{"id":86108,"href":"https:\/\/www.fedaiisf.it\/en\/wp-json\/wp\/v2\/posts\/86103\/revisions\/86108"}],"wp:featuredmedia":[{"embeddable":true,"href":"https:\/\/www.fedaiisf.it\/en\/wp-json\/wp\/v2\/media\/86109"}],"wp:attachment":[{"href":"https:\/\/www.fedaiisf.it\/en\/wp-json\/wp\/v2\/media?parent=86103"}],"wp:term":[{"taxonomy":"category","embeddable":true,"href":"https:\/\/www.fedaiisf.it\/en\/wp-json\/wp\/v2\/categories?post=86103"},{"taxonomy":"post_tag","embeddable":true,"href":"https:\/\/www.fedaiisf.it\/en\/wp-json\/wp\/v2\/tags?post=86103"}],"curies":[{"name":"wp","href":"https:\/\/api.w.org\/{rel}","templated":true}]}}