{"id":86150,"date":"2026-01-30T19:11:29","date_gmt":"2026-01-30T18:11:29","guid":{"rendered":"https:\/\/www.fedaiisf.it\/?p=86150"},"modified":"2026-02-04T18:46:24","modified_gmt":"2026-02-04T17:46:24","slug":"il-consiglio-dei-ministri-approva-il-decreto-legge-che-estende-la-validita-della-ricetta-per-12-mesi","status":"publish","type":"post","link":"https:\/\/www.fedaiisf.it\/en\/il-consiglio-dei-ministri-approva-il-decreto-legge-che-estende-la-validita-della-ricetta-per-12-mesi\/","title":{"rendered":"IL Consiglio dei Ministri approva il Decreto Legge che estende la validit\u00e0 della ricetta per 12 mesi"},"content":{"rendered":"<p>Il Consiglio dei ministri si \u00e8 riunito gioved\u00ec 29 gennaio 2026, alle ore 17.26 a Palazzo Chigi, sotto la presidenza del Presidente Giorgia Meloni. Segretario, il Sottosegretario alla Presidenza Alfredo Mantovano.<\/p>\n<p><img loading=\"lazy\" decoding=\"async\" class=\"wp-image-85917 alignleft\" src=\"https:\/\/www.fedaiisf.it\/wp-content\/uploads\/2026\/01\/consiglio-dei-ministri-2.png\" alt=\"\" width=\"373\" height=\"208\" srcset=\"https:\/\/www.fedaiisf.it\/wp-content\/uploads\/2026\/01\/consiglio-dei-ministri-2.png 1874w, https:\/\/www.fedaiisf.it\/wp-content\/uploads\/2026\/01\/consiglio-dei-ministri-2-300x167.png 300w, https:\/\/www.fedaiisf.it\/wp-content\/uploads\/2026\/01\/consiglio-dei-ministri-2-1024x572.png 1024w, https:\/\/www.fedaiisf.it\/wp-content\/uploads\/2026\/01\/consiglio-dei-ministri-2-768x429.png 768w, https:\/\/www.fedaiisf.it\/wp-content\/uploads\/2026\/01\/consiglio-dei-ministri-2-1536x857.png 1536w, https:\/\/www.fedaiisf.it\/wp-content\/uploads\/2026\/01\/consiglio-dei-ministri-2-18x10.png 18w\" sizes=\"auto, (max-width: 373px) 100vw, 373px\" \/>Il Consiglio dei ministri, su proposta del Presidente Giorgia Meloni e del Ministro per gli affari europei, il PNRR e le politiche di coesione Tommaso Foti, ha approvato un decreto-legge che introduce ulteriori disposizioni urgenti per l\u2019attuazione del Piano nazionale di ripresa e resilienza (PNRR) e in materia di politiche di coesione.<\/p>\n<p>Il decreto interviene per facilitare l\u2019accesso ai servizi essenziali, con un\u2019attenzione particolare alle fasce pi\u00f9 vulnerabili.<\/p>\n<p><span style=\"font-size: 14pt;\"><strong>Tutela della salute<\/strong>: (Art. 15) per i pazienti affetti da patologie croniche o rare, viene esteso il limite massimo di confezioni prescrivibili con una singola ricetta medica, passando dalle attuali 3 fino a un massimo di 6 confezioni per ricetta. Inoltre, le ricetta medica per la prescrizione delle terapie avr\u00e0 una validit\u00e0 temporale estesa fino a 12 mesi, consentendo al paziente di ritirare i farmaci in farmacia in modo frazionato in base alle proprie necessit\u00e0, senza dover tornare dal medico per ogni rinnovo. La semplificazione passa per l\u2019alimentazione automatica del Fascicolo Sanitario Elettronico, che elimina l\u2019onere per il paziente di dover produrre e consegnare certificazioni cartacee per accedere a benefici e assistenza domiciliare.<\/span><\/p>\n<p>Nello stesso Decreto:<\/p>\n<ul>\n<li><strong><img loading=\"lazy\" decoding=\"async\" class=\"wp-image-86152 alignright\" src=\"https:\/\/www.fedaiisf.it\/wp-content\/uploads\/2026\/01\/CIE-Ultrasettantenni.png\" alt=\"\" width=\"307\" height=\"231\" srcset=\"https:\/\/www.fedaiisf.it\/wp-content\/uploads\/2026\/01\/CIE-Ultrasettantenni.png 383w, https:\/\/www.fedaiisf.it\/wp-content\/uploads\/2026\/01\/CIE-Ultrasettantenni-300x226.png 300w, https:\/\/www.fedaiisf.it\/wp-content\/uploads\/2026\/01\/CIE-Ultrasettantenni-16x12.png 16w\" sizes=\"auto, (max-width: 307px) 100vw, 307px\" \/>Carta d\u2019identit\u00e0 a validit\u00e0 illimitata per gli ultrasettantenni<\/strong>: per i cittadini che hanno compiuto il settantesimo anno di et\u00e0, dal momento del rilascio o del rinnovo, la carta d\u2019identit\u00e0 avr\u00e0 validit\u00e0 illimitata<\/li>\n<li><strong>Tessera elettorale\u00a0digitale: <\/strong>attraverso il rafforzamento dell&#8217;Anagrafe Nazionale della Popolazione Residente (ANPR), sar\u00e0 attivato un servizio per la consultazione dei propri dati elettorali e per la richiesta di certificati di iscrizione alle liste elettorali in modalit\u00e0 telematica<\/li>\n<li><strong>Certifi<\/strong><strong>cati anagrafici e di stato civile<\/strong>: viene estesa la gratuit\u00e0 e la modalit\u00e0 di rilascio immediato tramite ANPR;<\/li>\n<li><strong>Accessibilit\u00e0 ai dati per i familiari (Deleghe Digitali)<\/strong>: viene semplificato il sistema delle deleghe per l&#8217;accesso ai servizi online (come INPS o ANPR). Sar\u00e0 possibile per un cittadino delegare un familiare o un convivente alla gestione dei propri servizi digitali direttamente tramite l&#8217;app IO o i portali istituzionali;<\/li>\n<li><strong>Disabilit\u00e0 e fragilit\u00e0<\/strong>: si accelera l\u2019attuazione della riforma sulla disabilit\u00e0 attraverso l\u2019attivazione della Piattaforma Unica gestita dall&#8217;INPS. Per la definizione del &#8220;Progetto di vita&#8221; individuale, vengono introdotti meccanismi di sussidiariet\u00e0 che impediscono i blocchi amministrativi, garantendo al cittadino una risposta certa in tempi brevi;<\/li>\n<li><strong>ISEE precompilato e automatico<\/strong>: viene potenziata la modalit\u00e0 di rilascio dell&#8217;ISEE attraverso l&#8217;integrazione e l&#8217;interoperabilit\u00e0 delle banche dati tra l&#8217;INPS e l&#8217;Agenzia delle entrate;<\/li>\n<li><strong>Ricevute da conservare ai fini fiscali<\/strong>: si abolisce l&#8217;obbligo di conservazione cartacea delle ricevute per i pagamenti effettuati verso la Pubblica Amministrazione attraverso canali elettronici (come il sistema pagoPA). L&#8217;amministrazione \u00e8 tenuta a verificare l&#8217;avvenuto pagamento consultando i propri flussi informatici o quelli della piattaforma nazionale, senza poter richiedere al cittadino l&#8217;esibizione della ricevuta, anche a fini fiscali e di detrazione;<\/li>\n<li><strong>Patenti di guida e circolazione stradale<\/strong>: si rende pi\u00f9 efficiente e sicuro il processo di rilascio delle patenti. Si autorizza l&#8217;uso di tecnologie per il rilevamento e l&#8217;inibizione di segnali radio (jammer) durante le prove teoriche per il conseguimento della patente di guida<\/li>\n<\/ul>\n<p>Estratto dal<a href=\"https:\/\/www.governo.it\/it\/articolo\/comunicato-stampa-del-consiglio-dei-ministri-n-158\/30990\" target=\"_blank\" rel=\"noopener\"> Comunicato stampa del Consiglio dei Ministri n. 158<\/a><\/p>\n<p>&nbsp;<\/p>\n<p>Note: <em>Nei prossimi mesi saranno decisivi gli <strong>decreti\u00a0attuativi<\/strong>. Da un lato l\u2019accordo Stato-Regioni per la telecertificazione, dall\u2019altro il decreto ministeriale sulle ricette annuali (90 giorni). Le disposizioni per gli altri articoli del nuovo decreto PNRR 2026 diventeranno efficaci il <b data-path-to-node=\"1\" data-index-in-node=\"95\">giorno successivo alla pubblicazione del testo nella Gazzetta Ufficiale<\/b>.<\/em><\/p>\n<p>&nbsp;<\/p>","protected":false},"excerpt":{"rendered":"<p>Il Consiglio dei ministri si \u00e8 riunito gioved\u00ec 29 gennaio 2026, alle ore 17.26 a Palazzo Chigi, sotto la presidenza del Presidente Giorgia Meloni. Segretario, il Sottosegretario alla Presidenza Alfredo Mantovano. Il Consiglio dei ministri, su proposta del Presidente Giorgia Meloni e del Ministro per gli affari europei, il PNRR e le politiche di coesione &hellip;<\/p>","protected":false},"author":4,"featured_media":71709,"comment_status":"closed","ping_status":"closed","sticky":false,"template":"","format":"standard","meta":{"footnotes":""},"categories":[16],"tags":[41,79],"class_list":["post-86150","post","type-post","status-publish","format-standard","has-post-thumbnail","hentry","category-primo-piano","tag-leggisentenze","tag-ssn"],"amp_enabled":true,"_links":{"self":[{"href":"https:\/\/www.fedaiisf.it\/en\/wp-json\/wp\/v2\/posts\/86150","targetHints":{"allow":["GET"]}}],"collection":[{"href":"https:\/\/www.fedaiisf.it\/en\/wp-json\/wp\/v2\/posts"}],"about":[{"href":"https:\/\/www.fedaiisf.it\/en\/wp-json\/wp\/v2\/types\/post"}],"author":[{"embeddable":true,"href":"https:\/\/www.fedaiisf.it\/en\/wp-json\/wp\/v2\/users\/4"}],"replies":[{"embeddable":true,"href":"https:\/\/www.fedaiisf.it\/en\/wp-json\/wp\/v2\/comments?post=86150"}],"version-history":[{"count":4,"href":"https:\/\/www.fedaiisf.it\/en\/wp-json\/wp\/v2\/posts\/86150\/revisions"}],"predecessor-version":[{"id":86157,"href":"https:\/\/www.fedaiisf.it\/en\/wp-json\/wp\/v2\/posts\/86150\/revisions\/86157"}],"wp:featuredmedia":[{"embeddable":true,"href":"https:\/\/www.fedaiisf.it\/en\/wp-json\/wp\/v2\/media\/71709"}],"wp:attachment":[{"href":"https:\/\/www.fedaiisf.it\/en\/wp-json\/wp\/v2\/media?parent=86150"}],"wp:term":[{"taxonomy":"category","embeddable":true,"href":"https:\/\/www.fedaiisf.it\/en\/wp-json\/wp\/v2\/categories?post=86150"},{"taxonomy":"post_tag","embeddable":true,"href":"https:\/\/www.fedaiisf.it\/en\/wp-json\/wp\/v2\/tags?post=86150"}],"curies":[{"name":"wp","href":"https:\/\/api.w.org\/{rel}","templated":true}]}}