{"id":8634,"date":"2015-03-06T08:22:42","date_gmt":"2015-03-06T07:22:42","guid":{"rendered":"http:\/\/www.fedaiisf.it\/?p=8634"},"modified":"2015-03-07T12:13:44","modified_gmt":"2015-03-07T11:13:44","slug":"convenzione-trovato-laccordo-ma-non-tutti-sono-contenti-punti-principali-del-testo","status":"publish","type":"post","link":"https:\/\/www.fedaiisf.it\/en\/convenzione-trovato-laccordo-ma-non-tutti-sono-contenti-punti-principali-del-testo\/","title":{"rendered":"Agreement reached, but not everyone is happy. The main points of the text"},"content":{"rendered":"<p><img loading=\"lazy\" decoding=\"async\" class=\"alignleft\" alt=\"Convenzione, trovato l\u2019accordo ma non tutti sono contenti. I punti principali del testo \" src=\"http:\/\/www.doctor33.it\/cont\/files\/FORMATO%20DN\/firma.jpg\" width=\"155\" height=\"189\" \/>Governo e regioni rubano la scena ai tecnici della Sisac e riprendono in mano le redini della trattativa per le convenzioni di medici di famiglia, pediatri e specialisti Asl. Il sottosegretario alla Salute Vito De Filippo, le regioni con l&#8217;assessore\u00a0<b>Claudio Montaldo<\/b>\u00a0e i principali sindacati hanno firmato un <a href=\"http:\/\/www.snami.org\/wp-content\/uploads\/clicca-qui-per-leggere-DOCUMENTO-TRA-COMITATO-DI-SETTORE-E-SINDACATI.pdf\" target=\"_blank\" rel=\"noopener\">document<\/a>, integrativo dell&#8217;atto di indirizzo, per sgombrare il campo in particolare dal timore che gli incentivi fin qui dati a medici e pediatri pi\u00f9 intraprendenti fossero tolti e destinati alle nuove aggregazioni. \u00abC&#8217;\u00e8 sempre scritto che le quote pagate al medico e riferite al finanziamento di standard organizzativi complessi gi\u00e0 esistenti saranno riutilizzate per realizzare le aggregazioni funzionali territoriali (Aft) &#8211; osserva il portavoce Fimmg\u00a0<b>Florence Corti<\/b>\u00a0&#8211; ma la norma va letta con quella che disciplina gli studi. Questi ultimi potranno essere single e disseminati ovvero sedi uniche &#8220;tenendo conto delle esperienze preesistenti e delle esigenze del territorio&#8221;, mentre nel patto salute c&#8217;era scritto &#8220;tenendo conto dei servizi offerti&#8221;: non si pu\u00f2 togliere a chi aveva investito nel rinnovamento assumendo infermieri, o acquistando sedi grandi. Salvaguardiamo le situazioni economiche preesistenti, fermo restando che il pensionamento di molti medici di famiglia nei prossimi anni consentir\u00e0 di ridisegnare molte attivit\u00e0, e ammettendo che pur essendo le sedi uniche sono indicate per le grandi citt\u00e0, se ci sono servizi efficaci gi\u00e0 a disposizione anche la metropoli potrebbe in teoria derogare da un modello pi\u00f9 adatto\u00bb. Altre previsioni nel testo:<\/p>\n<p><img loading=\"lazy\" decoding=\"async\" class=\"alignright\" alt=\"\" src=\"http:\/\/images.slideplayer.it\/2\/582356\/slides\/slide_6.jpg\" width=\"461\" height=\"346\" \/>\u2022 solo l&#8217;Aft resta &#8220;unit\u00e0 funzionale fondamentale della medicina generale&#8221; mentre la realizzazione dell&#8217;Unit\u00e0 di cure primarie-Uccp \u00e8 devoluta a disposizioni regionali,<br \/>\n\u2022 il coordinatore Aft diventa figura con competenze ad hoc con la quale l&#8217;Asl assicura la governance dei comportamenti dei mmg e la loro interazione con altri professionisti<br \/>\n\u2022 \u00e8 l&#8217;Aft (e non il medico nell&#8217;Aft) a erogare le attivit\u00e0 in convenzione. \u00abNon si perde il rapporto fiduciario ma si introduce una novit\u00e0 strutturale &#8211; sottolinea Corti &#8211; accanto all&#8217;attivit\u00e0 del suo medico il paziente si ritrova disponibili processi di presa in carico che da solo il curante non potrebbe assicurare, ad esempio la somministrazione di anticoagulanti\u00bb.<\/p>\n<p>For\u00a0<b>Giampietro Chiamenti<\/b>\u00a0leader Fimp \u00abil documento \u00e8 una base dalla quale iniziare finalmente il confronto con Sisac e contiene vari punti coerenti con quanto da noi chiesto\u00bb. Oltre al passo indietro sull&#8217;uso delle risorse destinate alle Aft, con cui si mantiene &#8220;inalterato l&#8217;attuale livello retributivo del pediatra&#8221;, Chiamenti plaude alla valorizzazione delle Aft come livello organizzativo di base, alla possibilit\u00e0 per i pediatri di parteciparvi in forma sia singola sia associata, alla qualificazione di pediatri e mmg come liberi professionisti in rapporto convenzionale con il Ssn, alla conferma della capillarit\u00e0 dell&#8217;assistenza pediatrica e dei suoi livelli organizzativi, alla \u00abrealizzazione in subordine delle Uccp demandata a Regioni ed Asl prevedendo apposito finanziamento\u00bb. Tutti contenti? No, per la medicina generale non firma Snami,\u00a0mentre\u00a0dallo\u00a0Smi arriva una \u00abfirma fortemente critica\u00bb.<\/p>\n<p><a href=\"http:\/\/www.doctor33.it\/convenzione-trovato-laccordo-ma-non-tutti-sono-contenti-i-punti-principali-del-testo-\/politica-e-sanita\/news--27740.html?xrtd=RSXRXTYVPAPRRTSTRRLXPL\" target=\"_blank\" rel=\"noopener\">Mauro Miserendino &#8211;\u00a0Venerd\u00ec, 06 Marzo 2015 &#8211; Doctor33<\/a><\/p>\n<h2><a href=\"http:\/\/www.fimmg.org\/index.php?action=pages&amp;m=view&amp;p=3084&amp;lang=it\" target=\"_blank\" rel=\"noopener\"><span style=\"color: #0000ff;\"><em><span style=\"color: #0000ff;\">THE DOCUMENT<\/span><\/em><\/span><\/a><\/h2>\n<p>Related news:<\/p>\n<p><a href=\"http:\/\/www.snami.org\/wp-content\/uploads\/clicca-qui-per-leggere-COMUNICATO-STAMPA-6-Marzo-20154.pdf\" target=\"_blank\" rel=\"noopener\">Testa (Snami): &#8220;Non firmare \u00e8 stato un <em>dovere morale<\/em> verso i colleghi&#8221;<\/a>. La madre di tutti gli errori a catena rimane la<a href=\"http:\/\/www.federsanita.it\/public\/legge-novembre--x21635allp1.pdf\" target=\"_blank\" rel=\"noopener\"> Balduzzi law<\/a>. Un passo verso il baratro che attende la figura del medico di famiglia.<\/p>\n<p><img loading=\"lazy\" decoding=\"async\" alt=\"spacer\" src=\"http:\/\/www.quotidianosanita.it\/impaginazione_n\/quadratino.png\" width=\"10\" height=\"10\" \/>\u00a0<a href=\"http:\/\/www.quotidianosanita.it\/lavoro-e-professioni\/articolo.php?approfondimento_id=5951\" target=\"_blank\" rel=\"noopener\"><strong>De Filippo<\/strong>: \u201cCon questo documento si d\u00e0 corpo alla nuova sanit\u00e0 territoriale\u201d<\/a><br \/>\n<img loading=\"lazy\" decoding=\"async\" alt=\"spacer\" src=\"http:\/\/www.quotidianosanita.it\/impaginazione_n\/quadratino.png\" width=\"10\" height=\"10\" \/>\u00a0<a href=\"http:\/\/www.quotidianosanita.it\/lavoro-e-professioni\/articolo.php?approfondimento_id=5952\" target=\"_blank\" rel=\"noopener\"><strong>Fimp<\/strong>: \u201cDocumento va nella giusta direzione\u201d<\/a><br \/>\n<img loading=\"lazy\" decoding=\"async\" alt=\"spacer\" src=\"http:\/\/www.quotidianosanita.it\/impaginazione_n\/quadratino.png\" width=\"10\" height=\"10\" \/>\u00a0<a href=\"http:\/\/www.quotidianosanita.it\/lavoro-e-professioni\/articolo.php?approfondimento_id=5953\" target=\"_blank\" rel=\"noopener\"><strong>Fespa<\/strong>: \u201cUn piccolo passo avanti\u201d<\/a><br \/>\n<img loading=\"lazy\" decoding=\"async\" alt=\"spacer\" src=\"http:\/\/www.quotidianosanita.it\/impaginazione_n\/quadratino.png\" width=\"10\" height=\"10\" \/>\u00a0<a href=\"http:\/\/www.quotidianosanita.it\/lavoro-e-professioni\/articolo.php?approfondimento_id=5954\" target=\"_blank\" rel=\"noopener\"><strong>Sumai<\/strong>: \u201cOk a intesa con Governo e Regioni. Ora si riapra il tavolo di trattativa\u201d<\/a><br \/>\n<img loading=\"lazy\" decoding=\"async\" alt=\"spacer\" src=\"http:\/\/www.quotidianosanita.it\/impaginazione_n\/quadratino.png\" width=\"10\" height=\"10\" \/>\u00a0<a href=\"http:\/\/www.quotidianosanita.it\/lavoro-e-professioni\/articolo.php?approfondimento_id=5955\" target=\"_blank\" rel=\"noopener\"><strong>Montaldo<\/strong>: \u201cCon questa intesa si creano le premesse per il riavvio del confronto tra le parti in sede Sisac\u201d<\/a><br \/>\n<img loading=\"lazy\" decoding=\"async\" alt=\"spacer\" src=\"http:\/\/www.quotidianosanita.it\/impaginazione_n\/quadratino.png\" width=\"10\" height=\"10\" \/>\u00a0<a href=\"http:\/\/www.quotidianosanita.it\/lavoro-e-professioni\/articolo.php?approfondimento_id=5956\" target=\"_blank\" rel=\"noopener\"><strong>Fimmg<\/strong>: \u201cSuperato lo stallo. Primo passo nella giusta direzione\u201d<\/a><br \/>\n<img loading=\"lazy\" decoding=\"async\" alt=\"spacer\" src=\"http:\/\/www.quotidianosanita.it\/impaginazione_n\/quadratino.png\" width=\"10\" height=\"10\" \/>\u00a0<a href=\"http:\/\/www.quotidianosanita.it\/lavoro-e-professioni\/articolo.php?approfondimento_id=5958\" target=\"_blank\" rel=\"noopener\"><strong>Smi<\/strong>: \u201cFirmiamo ma siamo critici sulla medicina generale\u201d<\/a><br \/>\n<img loading=\"lazy\" decoding=\"async\" alt=\"spacer\" src=\"http:\/\/www.quotidianosanita.it\/impaginazione_n\/quadratino.png\" width=\"10\" height=\"10\" \/>\u00a0<a href=\"http:\/\/www.quotidianosanita.it\/lavoro-e-professioni\/articolo.php?approfondimento_id=5959\" target=\"_blank\" rel=\"noopener\"><strong>Cgil Medici:<\/strong>\u00a0\u201cTrattative sblccate, ma serve ben altro per riformare le cure territiorali\u201d<\/a><\/p>\n<p><a href=\"http:\/\/www.federsanita.it\/public\/legge-novembre--x21635allp1.pdf\" target=\"_blank\" rel=\"noopener\">Legge 8 novembre 2012, n. 189<\/a><\/p>\n<h2><img loading=\"lazy\" decoding=\"async\" class=\"alignleft\" alt=\"Risultati immagini per aft medicina generale\" src=\"https:\/\/encrypted-tbn3.gstatic.com\/images?q=tbn:ANd9GcS0tWJTtRJFweaEaW1vNgSNs8XkAAMFTQLSU8rwUSxYCUwk4IIT\" width=\"259\" height=\"194\" \/><\/h2>\n<h2><span style=\"color: #ff0000;\">La Medicina generale si spacca sull&#8217;atto d&#8217;indirizzo: Snami dice no, Smi critico<\/span><\/h2>\n<p>Strada in discesa ma non del tutto per la convenzione di medicina generale. Se la Fimmg (con Intesa Sindacale) ha firmato con governo e regioni il documento integrativo dell&#8217;atto d&#8217;indirizzo che mitiga l&#8217;impatto economico sui medici della costituzione delle nuove aggregazioni funzionali-Aft, il sindacato Snami ha detto no, mentre lo Smi ha apposto una &#8220;firma critica&#8221;. Entrambi i sindacati contano di proseguire le loro battaglie in Sisac. Per\u00a0<b>Angel Head<\/b>, presidente Snami non \u00e8 vero che il documento non danneggi i medici organizzati in rete e in gruppo o con personale e percettori dei relativi incentivi. \u00abPermane il nefasto intento di finanziare Aft e Unit\u00e0 complesse di cure primarie-Uccp con le indennit\u00e0 oggi percepite da chi, anticipando i tempi, si \u00e8 gi\u00e0 di fatto organizzato investendo e migliorando il servizio\u00bb. Per il vice\u00a0<b>Francesco D&#8217;Accardi<\/b>, \u00abl&#8217;accenno alla quota da riferire ai fattori di produzione appare vago e non dirimente e sul ruolo unico assistenza primaria-continuit\u00e0 assistenziale restano le criticit\u00e0 attuative che lo Snami da tempo espone. La madre di tutti gli errori a catena rimane la legge Balduzzi\u00bb. Il vicesegretario Salvatore Santacroce punta il dito contro la spersonalizzazione del servizio che si realizza nell&#8217;Aft. \u00abCome pensare che un medico sottopagato e forzato a lavorare con modalit\u00e0 che non condivide si faccia carico di tutte le conseguenze etiche e medico-legali inerenti la gestione di un paziente che non conosce e che preferisce recarsi in Pronto soccorso, dove riceve un trattamento &#8220;completo&#8221;, pagando un unico ticket molto inferiore a quanto pagherebbe seguendo il percorso normale?\u00bb L&#8217;altro vicesegretario<b>Nino Grillo<\/b>\u00a0rileva infine che nel documento, \u00abemergenza territoriale e medicina dei servizi sono stati di fatto stralciati. Si toglie un&#8217;ulteriore possibilit\u00e0 di coordinamento\u00bb e si resta in balia di regioni ed Asl.<br \/>\n<b>Pina Onotri<\/b>, segretario generale dello Smi, ammette che ci sono \u00abmodifiche importanti all&#8217;atto d&#8217;indirizzo per la specialistica ambulatoriale e per la pediatria, ma per la medicina generale restano importanti punti controversi. Tra le noti dolenti il nodo del finanziamento delle Aft e le modalit\u00e0 di costituzione e governance delle stesse. Va poi respinto il riferimento alle &#8220;sperimentazioni in atto in alcune Regioni&#8221;, viste le storture a danno di continuit\u00e0 assistenziale e 118 fatto in alcune realt\u00e0 come la Toscana\u00bb. Restano irrisolti nodi quali l&#8217;uso delle risorse grazie alle buone pratiche in medicina generale \u00abe si elude il nodo dell&#8217;assenza di fondi adeguati a finanziare la riorganizzazione del territorio; infine si disciplinano a livello generale solo le Aft, mentre le Uccp (multi professionali, ndr) sono demandate alle regioni con un finanziamento interno al Ssn e non a carico della convenzione\u00bb. Alla Sisac Smi avanzer\u00e0 delle proposte, \u00aba partire dalla necessit\u00e0 di prendere a modello realt\u00e0 regionali virtuose come quella veneta, dove \u00e8 stato recentemente firmato un accordo, con risorse adeguate, per la medicina di gruppo funzionale, con una grande centralit\u00e0 dei Mmg\u00bb. Nel quadro parzialmente negativo, c&#8217;\u00e8 spazio per il commento positivo di Cosimo Trovato leader degli specialisti ambulatoriali di Smi-Fespa: \u00abL&#8217;accordo riconosce la nostra specificit\u00e0 di settore nelle Aft dedicate, il rapporto di parasubordinazione , lo spostamento parziale dei fondi regionali stanziati per l&#8217;ospedale a finanziare il territorio\u00bb.<\/p>\n<p><a href=\"http:\/\/www.doctor33.it\/la-medicina-generale-si-spacca-sullatto-dindirizzo-snami-dice-no-smi-critico\/politica-e-sanita\/news--27770.html?xrtd=YLTRSXSRXRLPSXPAATATT\" target=\"_blank\" rel=\"noopener\">Mauro Miserendino &#8211;\u00a0Sabato, 07 Marzo 2015 &#8211; Doctor33<\/a><\/p>","protected":false},"excerpt":{"rendered":"<p>Governo e regioni rubano la scena ai tecnici della Sisac e riprendono in mano le redini della trattativa per le convenzioni di medici di famiglia, pediatri e specialisti Asl. Il sottosegretario alla Salute Vito De Filippo, le regioni con l&#8217;assessore\u00a0Claudio Montaldo\u00a0e i principali sindacati hanno firmato un documento, integrativo dell&#8217;atto di indirizzo, per sgombrare il &hellip;<\/p>","protected":false},"author":4,"featured_media":2981,"comment_status":"closed","ping_status":"closed","sticky":false,"template":"","format":"standard","meta":{"footnotes":""},"categories":[1],"tags":[79],"class_list":["post-8634","post","type-post","status-publish","format-standard","has-post-thumbnail","hentry","category-notizie","tag-ssn"],"amp_enabled":true,"_links":{"self":[{"href":"https:\/\/www.fedaiisf.it\/en\/wp-json\/wp\/v2\/posts\/8634","targetHints":{"allow":["GET"]}}],"collection":[{"href":"https:\/\/www.fedaiisf.it\/en\/wp-json\/wp\/v2\/posts"}],"about":[{"href":"https:\/\/www.fedaiisf.it\/en\/wp-json\/wp\/v2\/types\/post"}],"author":[{"embeddable":true,"href":"https:\/\/www.fedaiisf.it\/en\/wp-json\/wp\/v2\/users\/4"}],"replies":[{"embeddable":true,"href":"https:\/\/www.fedaiisf.it\/en\/wp-json\/wp\/v2\/comments?post=8634"}],"version-history":[{"count":0,"href":"https:\/\/www.fedaiisf.it\/en\/wp-json\/wp\/v2\/posts\/8634\/revisions"}],"wp:featuredmedia":[{"embeddable":true,"href":"https:\/\/www.fedaiisf.it\/en\/wp-json\/wp\/v2\/media\/2981"}],"wp:attachment":[{"href":"https:\/\/www.fedaiisf.it\/en\/wp-json\/wp\/v2\/media?parent=8634"}],"wp:term":[{"taxonomy":"category","embeddable":true,"href":"https:\/\/www.fedaiisf.it\/en\/wp-json\/wp\/v2\/categories?post=8634"},{"taxonomy":"post_tag","embeddable":true,"href":"https:\/\/www.fedaiisf.it\/en\/wp-json\/wp\/v2\/tags?post=8634"}],"curies":[{"name":"wp","href":"https:\/\/api.w.org\/{rel}","templated":true}]}}