{"id":86839,"date":"2026-03-05T18:42:42","date_gmt":"2026-03-05T17:42:42","guid":{"rendered":"https:\/\/www.fedaiisf.it\/?p=86839"},"modified":"2026-03-09T10:42:03","modified_gmt":"2026-03-09T09:42:03","slug":"anniversari-trentanni-fa-la-fusione-sandoz-e-ciba-geigy-nasceva-novartis-dodicimila-persone-persero-il-posto-di-lavoro","status":"publish","type":"post","link":"https:\/\/www.fedaiisf.it\/en\/anniversari-trentanni-fa-la-fusione-sandoz-e-ciba-geigy-nasceva-novartis-dodicimila-persone-persero-il-posto-di-lavoro\/","title":{"rendered":"Anniversari. Trent&#8217;anni fa la fusione Sandoz e Ciba-Geigy. Nasceva Novartis. Dodicimila persone persero il posto di lavoro"},"content":{"rendered":"<p>Il 7 marzo 1996 una notizia colse di sorpresa Basilea: Sandoz e Ciba-Geigy, colossi dell&#8217;industria farmaceutica, annunciarono il loro matrimonio, che diede vita a Novartis. Ciba-Geigy a sua volta \u00e8 frutto di un&#8217;altra fusione, nel 1970, tra <i id=\"mwUA\">J. R. Geigy<\/i> (societ\u00e0 di Basilea nata nel 1758) e <i id=\"mwUg\">Feed<\/i> (anch&#8217;essa di Basilea, sorta nel 1859)<\/p>\n<p><a href=\"https:\/\/www.bluewin.ch\/it\/attualita\/borsa-economia\/trent-anni-or-sono-nacque-novartis-fu-un-matrimonio-fra-giganti-3128041.html\" target=\"_blank\" rel=\"noopener\">bluewin &#8211; 5 marzo 2026<\/a><\/p>\n<p class=\"a-paragraph\" data-t-name=\"Paragraph\">Fu la pi\u00f9 grande fusione nella storia economica svizzera, fino a quel momento, e comport\u00f2 la soppressione di circa 12.000 posti di lavoro in tutto il mondo. Ma per la regione renana il bilancio viene visto oggi in un&#8217;ottica positiva.<\/p>\n<p class=\"a-paragraph\" data-t-name=\"Paragraph\"><img loading=\"lazy\" decoding=\"async\" class=\"wp-image-86842 alignright\" src=\"https:\/\/www.fedaiisf.it\/wp-content\/uploads\/2026\/03\/Novartis-Vasella.png\" alt=\"\" width=\"495\" height=\"309\" srcset=\"https:\/\/www.fedaiisf.it\/wp-content\/uploads\/2026\/03\/Novartis-Vasella.png 1168w, https:\/\/www.fedaiisf.it\/wp-content\/uploads\/2026\/03\/Novartis-Vasella-300x187.png 300w, https:\/\/www.fedaiisf.it\/wp-content\/uploads\/2026\/03\/Novartis-Vasella-1024x638.png 1024w, https:\/\/www.fedaiisf.it\/wp-content\/uploads\/2026\/03\/Novartis-Vasella-768x479.png 768w, https:\/\/www.fedaiisf.it\/wp-content\/uploads\/2026\/03\/Novartis-Vasella-18x12.png 18w\" sizes=\"auto, (max-width: 495px) 100vw, 495px\" \/>Hans Sch\u00e4ppi, all&#8217;epoca vicepresidente del Sindacato edilizia e industria (SEI, confluito nel 2004 in Unia) ricorda con Keystone-Ats quel giorno fatidico per la piazza economica di Basilea.<\/p>\n<p class=\"a-paragraph\" data-t-name=\"Paragraph\">Alle 6 del mattino il responsabile del personale di Ciba-Geigy lo chiam\u00f2 personalmente. Circa quattro ore dopo, secondo la notizia diffusa nelle prime ore del mattino, si sarebbe tenuta una conferenza stampa sulla fusione all&#8217;aeroporto. \u00ab\u00c8 incredibile quanto a lungo siano riusciti a mantenere segreto questo piano\u00bb, dichiara Sch\u00e4ppi.<\/p>\n<p class=\"a-paragraph\" data-t-name=\"Paragraph\">Davanti ai media si presentarono i due presidenti del consiglio di amministrazione Alex Krauer e Marc Moret, come pure Daniel Vasella, allora 42enne, quale numero uno operativo del nuovo gruppo, un manager che negli anni seguenti avrebbe fatto molto discutere di s\u00e9 per i suoi compensi stratosferici. Venne annunciato che Novartis si sarebbe concentrata sui settori chiave della salute, dell&#8217;alimentazione e dell&#8217;agrochimico e che sarebbe diventata la seconda azienda farmaceutica pi\u00f9 grande al mondo.<\/p>\n<p class=\"a-paragraph\" data-t-name=\"Paragraph\">La nuova dirigenza annunci\u00f2 una riduzione dell&#8217;organico del 10% a livello mondiale, con 3000 posti tagliati in Svizzera. Prima della fusione, Ciba e Sandoz impiegavano complessivamente oltre 144.000 persone (NdR: <em>oggi sono 75.267).<\/em> Durante la conferenza stampa, i sindacati esposero uno striscione per protestare contro i licenziamenti. \u00abAndr\u00e0 tutto bene\u00bb, disse Vasella, stando a quanto ricorda Sch\u00e4ppi.<\/p>\n<p class=\"a-paragraph\" data-t-name=\"Paragraph\">I rappresentanti dei lavoratori elaborarono un piano per ridurre il personale senza ricorrere, per quanto possibile, ai licenziamenti. Alla fine, in Svizzera vi furono 140 rescissioni del contratto di lavoro. Guardando indietro, la fusione interess\u00f2 i sindacati meno di quanto inizialmente previsto, spiega Sch\u00e4ppi. Una grande sfida furono comunque le numerose esternalizzazioni conseguenti al matrimonio aziendale.<\/p>\n<p class=\"a-paragraph\" data-t-name=\"Paragraph\">Hans-Peter Platz, allora caporedattore della Basler Zeitung, comment\u00f2 il giorno dopo l&#8217;annuncio: \u00abL&#8217;addio di Basilea alla chimica, avviato gi\u00e0 da tempo, \u00e8 finalmente compiuto\u00bb, la localit\u00e0 renana sarebbe diventata la nuova citt\u00e0 della farmaceutica. La previsione si \u00e8 rivelata corretta: negli ultimi tre decenni, l&#8217;ex citt\u00e0 industriale di Basilea si \u00e8 trasformata in un polo delle cosiddette scienze della vita. \u00abLaboratori al posto delle fabbriche, scienze al posto dell&#8217;industria, biotecnologia al posto della chimica\u00bb, riassume la pubblicazione \u00abStoria della citt\u00e0 di Basilea\u00bb del 2025.<\/p>\n<p class=\"a-paragraph\" data-t-name=\"Paragraph\">All&#8217;epoca, per\u00f2, lo shock per la perdita di posti di lavoro fu profondo nel mondo politico. Il gruppo parlamentare socialista invit\u00f2 i rappresentanti di Volkswagen a Basilea per discutere delle loro esperienze con le misure di licenziamento di massa e della gestione delle conseguenze di grandi ristrutturazioni.<\/p>\n<p class=\"a-paragraph\" data-t-name=\"Paragraph\"><img loading=\"lazy\" decoding=\"async\" class=\"wp-image-86845 alignleft\" src=\"https:\/\/www.fedaiisf.it\/wp-content\/uploads\/2026\/03\/CEO-Novartis.png\" alt=\"\" width=\"334\" height=\"310\" srcset=\"https:\/\/www.fedaiisf.it\/wp-content\/uploads\/2026\/03\/CEO-Novartis.png 750w, https:\/\/www.fedaiisf.it\/wp-content\/uploads\/2026\/03\/CEO-Novartis-300x278.png 300w, https:\/\/www.fedaiisf.it\/wp-content\/uploads\/2026\/03\/CEO-Novartis-13x12.png 13w\" sizes=\"auto, (max-width: 334px) 100vw, 334px\" \/>\u00abIl danno massimo temuto all&#8217;epoca non si \u00e8 affatto verificato\u00bb, afferma Rudolf Rechsteiner, allora consigliere nazionale (PS\/BS), a sua volta interpellato da Keystone-Ats. L&#8217;ex deputato cita il fondo creato dalla chimica renana per le start-up nel settore delle scienze della vita, che ha permesso la crescita di giovani aziende nel settore farmaceutico o in ambiti correlati. \u00abLa regione di Basilea ha registrato uno sviluppo economico eccellente, forse proprio grazie a questa fusione. Non si \u00e8 verificato alcun ridimensionamento\u00bb, aggiunge il 67enne. Al momento della fusione, molti avevano in mente uno scenario di declino, anche perch\u00e9 le casse di Basilea Citt\u00e0 erano afflitte da deficit finanziari. \u00ab\u00c8 successo invece il contrario\u00bb, conclude.<\/p>\n<p class=\"a-paragraph\" data-t-name=\"Paragraph\">La produzione di sostanze chimiche industriali non compatibile con la nuova strategia era gi\u00e0 stata scorporata nel 1997 con la creazione della Ciba Spezialit\u00e4tenchemie, ricorda il Dizionario storico della Svizzera. Nel 2000 segu\u00ec il distacco del settore agrochimico, pari a circa un quinto dell&#8217;attivit\u00e0 complessiva: la sua fusione con il ramo agrochimico di AstraZeneca diede vita a Syngenta. Il comparto nutrizionale venne poi venduto in diverse tappe dal 2002, soprattutto a Nestl\u00e9. Nel 2003 Novartis riun\u00ec sotto il marchio Sandoz le sue aziende produttrici di farmaci generici: nel 2023 questa entit\u00e0 \u00e8 stata scorporata e quotata in borsa, riottenendo la sua indipendenza.<\/p>\n<p><a href=\"https:\/\/www.novartis.com\/sites\/novartis_com\/files\/q4-2025-media-release-en.pdf\" target=\"_blank\" rel=\"noopener\">Risultati finanziari 2025<\/a><\/p>\n<p><a href=\"https:\/\/www.novartis.com\/sites\/novartis_com\/files\/novartis-report-nonfinancial-matters-2025.pdf\" target=\"_blank\" rel=\"noopener\">Rapporto non finanziario 2025<\/a><\/p>\n<p>Note:<\/p>\n<p><em>Al 31 dicembre 2025 \u00a0Novartis impiegava 75.267 persone (a tempo pieno). I dipendenti in Italia (distribuiti tra la sede centrale di Origgio, gli uffici di Milano e Roma, gli stabilimenti di Torre Annunziata e Rovereto) sono 2.373. Valentino Confalone \u00e8 AD di Novartis Italia. Il nome Novartis, dal latino <strong>\u201cnovae artes\u201d<\/strong> ovvero nuove scienze, nuove tecniche, rispecchia gli obiettivi, la vocazione e lo spirito del Gruppo.<\/em><\/p>\n<p style=\"font-weight: 400;\"><em>Il CEO di Novartis Vas Narasimhan ha ricevuto un compenso totale di 24,9 milioni di franchi svizzeri (circa 32,4 milioni di dollari, 27,64 milioni di \u20ac) per l&#8217;anno finanziario 2025, un aumento del 30% rispetto all&#8217;anno precedente. Questa retribuzione elevata \u00e8 basata su risultati record che comprendono uno stipendio base di 1,9 milioni di CHF, un bonus di 5,1 milioni di CHF e 17,3 milioni di CHF in incentivi a lungo termine. Con 54,5 miliardi di dollari nel 2025, Novartis ha soddisfatto l&#8217;obiettivo di vendita che il consiglio di amministrazione ha fissato per la &#8220;scorecard&#8221; bonus annuale del CEO (Fonte: <a href=\"https:\/\/www.fiercepharma.com\/pharma\/novartis-ceo-pay-soars-30-32m-following-record-breaking-2025-performance\" target=\"_blank\" rel=\"noopener\">fiercepharma<\/a>)<\/em><\/p>\n<p>&nbsp;<\/p>","protected":false},"excerpt":{"rendered":"<p>Il 7 marzo 1996 una notizia colse di sorpresa Basilea: Sandoz e Ciba-Geigy, colossi dell&#8217;industria farmaceutica, annunciarono il loro matrimonio, che diede vita a Novartis. Ciba-Geigy a sua volta \u00e8 frutto di un&#8217;altra fusione, nel 1970, tra J. R. Geigy (societ\u00e0 di Basilea nata nel 1758) e Ciba (anch&#8217;essa di Basilea, sorta nel 1859) bluewin &hellip;<\/p>","protected":false},"author":4,"featured_media":86847,"comment_status":"closed","ping_status":"closed","sticky":false,"template":"","format":"standard","meta":{"footnotes":""},"categories":[1],"tags":[47,53,117],"class_list":["post-86839","post","type-post","status-publish","format-standard","has-post-thumbnail","hentry","category-notizie","tag-big-pharma","tag-fusioniacquisizioni","tag-svizzera"],"amp_enabled":true,"_links":{"self":[{"href":"https:\/\/www.fedaiisf.it\/en\/wp-json\/wp\/v2\/posts\/86839","targetHints":{"allow":["GET"]}}],"collection":[{"href":"https:\/\/www.fedaiisf.it\/en\/wp-json\/wp\/v2\/posts"}],"about":[{"href":"https:\/\/www.fedaiisf.it\/en\/wp-json\/wp\/v2\/types\/post"}],"author":[{"embeddable":true,"href":"https:\/\/www.fedaiisf.it\/en\/wp-json\/wp\/v2\/users\/4"}],"replies":[{"embeddable":true,"href":"https:\/\/www.fedaiisf.it\/en\/wp-json\/wp\/v2\/comments?post=86839"}],"version-history":[{"count":10,"href":"https:\/\/www.fedaiisf.it\/en\/wp-json\/wp\/v2\/posts\/86839\/revisions"}],"predecessor-version":[{"id":86898,"href":"https:\/\/www.fedaiisf.it\/en\/wp-json\/wp\/v2\/posts\/86839\/revisions\/86898"}],"wp:featuredmedia":[{"embeddable":true,"href":"https:\/\/www.fedaiisf.it\/en\/wp-json\/wp\/v2\/media\/86847"}],"wp:attachment":[{"href":"https:\/\/www.fedaiisf.it\/en\/wp-json\/wp\/v2\/media?parent=86839"}],"wp:term":[{"taxonomy":"category","embeddable":true,"href":"https:\/\/www.fedaiisf.it\/en\/wp-json\/wp\/v2\/categories?post=86839"},{"taxonomy":"post_tag","embeddable":true,"href":"https:\/\/www.fedaiisf.it\/en\/wp-json\/wp\/v2\/tags?post=86839"}],"curies":[{"name":"wp","href":"https:\/\/api.w.org\/{rel}","templated":true}]}}