{"id":86856,"date":"2026-03-08T06:45:13","date_gmt":"2026-03-08T05:45:13","guid":{"rendered":"https:\/\/www.fedaiisf.it\/?p=86856"},"modified":"2026-03-06T19:47:08","modified_gmt":"2026-03-06T18:47:08","slug":"8-marzo-lindustria-farmaceutica-e-donna","status":"publish","type":"post","link":"https:\/\/www.fedaiisf.it\/en\/8-marzo-lindustria-farmaceutica-e-donna\/","title":{"rendered":"8 Marzo. L&#8217;industria farmaceutica \u00e8 donna."},"content":{"rendered":"<p style=\"font-weight: 400;\">Donna. Nel 2024 nell\u2019industria farmaceutica sono occupate 71 mila persone, per il 90% laureate o diplomate. Tra il 2019 e il 2024 l\u2019occupazione ha registrato una crescita superiore alla media nazionale: +8% rispetto a +4% della media dell\u2019economia, soprattutto grazie alla crescita delle mansioni di R&amp;S, produzione e personale di sede (+13%). Molto significativa la crescita di under 35 (+21%) e donne (+13%).<\/p>\n<p style=\"font-weight: 400;\"><img loading=\"lazy\" decoding=\"async\" class=\"wp-image-86861 aligncenter\" src=\"https:\/\/www.fedaiisf.it\/wp-content\/uploads\/2026\/03\/addetti-az-farmaceutiche-per-generi.png\" alt=\"\" width=\"639\" height=\"262\" srcset=\"https:\/\/www.fedaiisf.it\/wp-content\/uploads\/2026\/03\/addetti-az-farmaceutiche-per-generi.png 1088w, https:\/\/www.fedaiisf.it\/wp-content\/uploads\/2026\/03\/addetti-az-farmaceutiche-per-generi-300x123.png 300w, https:\/\/www.fedaiisf.it\/wp-content\/uploads\/2026\/03\/addetti-az-farmaceutiche-per-generi-1024x420.png 1024w, https:\/\/www.fedaiisf.it\/wp-content\/uploads\/2026\/03\/addetti-az-farmaceutiche-per-generi-768x315.png 768w, https:\/\/www.fedaiisf.it\/wp-content\/uploads\/2026\/03\/addetti-az-farmaceutiche-per-generi-18x7.png 18w\" sizes=\"auto, (max-width: 639px) 100vw, 639px\" \/>Nel 2024 la somma dell\u2019occupazione diretta e dell\u2019indotto a monte raggiunge poco pi\u00f9 di 155 mila unit\u00e0,<\/p>\n<p style=\"font-weight: 400;\">Nella farmaceutica le pari opportunit\u00e0 sono gi\u00e0 da anni una realt\u00e0. Le donne rappresentano il 45% degli addetti (29% negli altri settori manifatturieri), spesso con ruoli apicali \u2013 tra dirigenti e quadri la quota di donne \u00e8 addirittura superiore (47%); e nella R&amp;S le donne rappresentano il 53% degli addetti. La differenza di retribuzione fra uomini e donne, \u00e8 del -0,5%, praticamente inesistente.<\/p>\n<p style=\"font-weight: 400;\">Il 71% delle aziende farmaceutiche ha gi\u00e0 ottenuto la Certificazione della Parit\u00e0 di Genere, e un ulteriore 22% ha avviato o sta per avviare l\u2019iter. Sono i dati pubblicati da Farmindustria su &#8220;<a href=\"https:\/\/www.farmindustria.it\/app\/uploads\/2022\/03\/IndicatoriFarmaceutici2025_Def_23092025.pdf\" target=\"_blank\" rel=\"noopener\">Pharmaceutical indicators<\/a>&#8220;<\/p>\n<p style=\"font-weight: 400;\">Le aziende farmaceutiche prestano sempre maggiore attenzione alla medicina di genere, considerando le differenze di incidenza, sintomatologia e gravit\u00e0 delle malattie tra uomini e donne.\u201c<\/p>\n<p>&#8220;L\u20198 marzo \u2013 afferma Marcello Cattani, Presidente di Farmindustria \u2013 \u00e8 l\u2019occasione per ribadire il nostro impegno quotidiano, insieme alle aziende e in continuit\u00e0 con i progetti sviluppati da anni con il Ministero per la Famiglia, la Natalit\u00e0 e le Pari Opportunit\u00e0, con cui stiamo programmando a maggio un evento su donne, qualit\u00e0 delle cure, prevenzione e nuove tecnologie&#8221;.<\/p>\n<p style=\"font-weight: 400;\">Nel complesso della popolazione, la prevalenza d\u2019uso di farmaci \u00e8 stata del 57,5% negli uomini e del 64,6% nelle donne. Differenze nei consumi fra i generi si evidenziano nella fascia di et\u00e0 15-64 anni (prevalenza d\u2019uso maggiore del +10% nelle donne rispetto agli uomini). In generale, gli uomini mostrano una maggiore aderenza al trattamento rispetto alle donne.<\/p>\n<p><img loading=\"lazy\" decoding=\"async\" class=\"wp-image-75322 alignleft\" src=\"https:\/\/www.fedaiisf.it\/wp-content\/uploads\/2024\/02\/isf-propagandista-medico.png\" alt=\"\" width=\"421\" height=\"222\" srcset=\"https:\/\/www.fedaiisf.it\/wp-content\/uploads\/2024\/02\/isf-propagandista-medico.png 700w, https:\/\/www.fedaiisf.it\/wp-content\/uploads\/2024\/02\/isf-propagandista-medico-300x158.png 300w, https:\/\/www.fedaiisf.it\/wp-content\/uploads\/2024\/02\/isf-propagandista-medico-18x9.png 18w\" sizes=\"auto, (max-width: 421px) 100vw, 421px\" \/>Nonostante questi dati positivi, a livello di top management (vertici aziendali), la presenza femminile \u00e8 significativamente inferiore, attestandosi intorno al 18-20%.<\/p>\n<p>Anche la medicina \u00e8 sempre pi\u00f9 donna. <a href=\"https:\/\/portale.fnomceo.it\/8-marzo-tra-cinque-anni-sei-medici-in-attivita-su-dieci-saranno-donne-gia-oggi-sono-il-55-dei-medici-con-meno-di-70-anni-il-63-nella-fascia-tra-40-e-50-anni\/\" target=\"_blank\" rel=\"noopener\">Secondo FNOMCeO<\/a> (Ordine dei medici) tra cinque anni sei medici su dieci, tra quelli in attivit\u00e0, saranno donne.<\/p>\n<p><em>&#8220;Gi\u00e0 oggi &#8211; <\/em>dice Anelli, Presidente FNOMCeO<em> &#8211; tra i medici con meno di 65 anni, le colleghe costituiscono quasi il 59%. Se a questi dati aggiungiamo la considerazione che gli iscritti a medicina sono in maggioranza donne, possiamo prevedere, nei prossimi anni, una Professione medica sempre pi\u00f9 declinata al femminile&#8221;<\/em><\/p>\n<p><em>&#8220;Guardando al totale dei medici italiani<\/em> &#8211; prosegue Anelli &#8211; <strong>4<em>31150<\/em><\/strong><em>, sono ancora gli uomini la maggioranza, anche se si sta andando verso la parit\u00e0: costituiscono infatti il\u00a0<strong>52,5%,<\/strong>\u00a0mezzo punto percentuale in meno rispetto allo scorso anno. Se per\u00f2 guardiamo ai medici ancora sicuramente in attivit\u00e0, con\u00a0<strong>meno di 70 anni<\/strong>, sono le donne a detenere la maggioranza, con il\u00a0<strong>55%<\/strong>: solo lo scorso anno erano il\u00a0<strong>53%<\/strong>&#8220;.<\/em><\/p>\n<p><em>&#8220;Nella vita quotidiana &#8211; <\/em>conclude Anelli <em>&#8211; le donne continuano a incontrare ostacoli nel lavoro e, in molte famiglie, la cura dei figli e degli anziani resta un compito prevalentemente affidato a loro. La mentalit\u00e0 sta cambiando, ma una parit\u00e0 reale richiede un mutamento culturale profondo: tutti dobbiamo rivedere gli atteggiamenti, in particolare maschili, rispetto agli oneri familiari e alla divisione delle responsabilit\u00e0\u201d.\u00a0<\/em><\/p>\n<p>Secondo la ministra alle pari opportunit\u00e0, <a href=\"https:\/\/www.pariopportunita.gov.it\/it\/news-e-media\/news\/2026\/dipartimento-per-le-pari-opportunita-e-lega-calcio-serie-a-celebrano-insieme-la-giornata-internazionale-della-donna\/\" target=\"_blank\" rel=\"noopener\">Roccella<\/a>, &#8220;<em>Tanti passi avanti sono stati compiuti, ma la strada verso un pieno riconoscimento dell\u2019uguaglianza nei diritti e nelle possibilit\u00e0 presenta ancora ostacol<\/em>i&#8221;. \u00a0E lancia lo slogan:\u201c<strong>La parit\u00e0 \u00e8 una partita da vincere tutti insieme&#8221;.<\/strong><\/p>\n<p style=\"font-weight: 400;\"><img loading=\"lazy\" decoding=\"async\" class=\"wp-image-63188 aligncenter\" src=\"https:\/\/www.fedaiisf.it\/wp-content\/uploads\/2022\/03\/Borsa-ISF-mimosa_inPixio.png\" alt=\"\" width=\"354\" height=\"175\" srcset=\"https:\/\/www.fedaiisf.it\/wp-content\/uploads\/2022\/03\/Borsa-ISF-mimosa_inPixio.png 663w, https:\/\/www.fedaiisf.it\/wp-content\/uploads\/2022\/03\/Borsa-ISF-mimosa_inPixio-300x148.png 300w\" sizes=\"auto, (max-width: 354px) 100vw, 354px\" \/>N.d.R.: Un augurio speciale alle donne ISF in questo giorno dell&#8217;8 marzo, che a loro noi dedichiamo, e con l&#8217;augurio, anche, che non sia lontano quel giorno in cui a questo lavoro venga riconosciuto il valore che merita.<br \/>\nChe tutti i giorni siano I&#8217;8 marzo!<\/p>\n<p>&nbsp;<\/p>","protected":false},"excerpt":{"rendered":"<p>Donna. Nel 2024 nell\u2019industria farmaceutica sono occupate 71 mila persone, per il 90% laureate o diplomate. Tra il 2019 e il 2024 l\u2019occupazione ha registrato una crescita superiore alla media nazionale: +8% rispetto a +4% della media dell\u2019economia, soprattutto grazie alla crescita delle mansioni di R&amp;S, produzione e personale di sede (+13%). Molto significativa la &hellip;<\/p>","protected":false},"author":4,"featured_media":86877,"comment_status":"closed","ping_status":"closed","sticky":false,"template":"","format":"standard","meta":{"footnotes":""},"categories":[1],"tags":[21],"class_list":["post-86856","post","type-post","status-publish","format-standard","has-post-thumbnail","hentry","category-notizie","tag-informatori-scientifici"],"amp_enabled":true,"_links":{"self":[{"href":"https:\/\/www.fedaiisf.it\/en\/wp-json\/wp\/v2\/posts\/86856","targetHints":{"allow":["GET"]}}],"collection":[{"href":"https:\/\/www.fedaiisf.it\/en\/wp-json\/wp\/v2\/posts"}],"about":[{"href":"https:\/\/www.fedaiisf.it\/en\/wp-json\/wp\/v2\/types\/post"}],"author":[{"embeddable":true,"href":"https:\/\/www.fedaiisf.it\/en\/wp-json\/wp\/v2\/users\/4"}],"replies":[{"embeddable":true,"href":"https:\/\/www.fedaiisf.it\/en\/wp-json\/wp\/v2\/comments?post=86856"}],"version-history":[{"count":8,"href":"https:\/\/www.fedaiisf.it\/en\/wp-json\/wp\/v2\/posts\/86856\/revisions"}],"predecessor-version":[{"id":86878,"href":"https:\/\/www.fedaiisf.it\/en\/wp-json\/wp\/v2\/posts\/86856\/revisions\/86878"}],"wp:featuredmedia":[{"embeddable":true,"href":"https:\/\/www.fedaiisf.it\/en\/wp-json\/wp\/v2\/media\/86877"}],"wp:attachment":[{"href":"https:\/\/www.fedaiisf.it\/en\/wp-json\/wp\/v2\/media?parent=86856"}],"wp:term":[{"taxonomy":"category","embeddable":true,"href":"https:\/\/www.fedaiisf.it\/en\/wp-json\/wp\/v2\/categories?post=86856"},{"taxonomy":"post_tag","embeddable":true,"href":"https:\/\/www.fedaiisf.it\/en\/wp-json\/wp\/v2\/tags?post=86856"}],"curies":[{"name":"wp","href":"https:\/\/api.w.org\/{rel}","templated":true}]}}