{"id":86924,"date":"2026-03-10T18:29:27","date_gmt":"2026-03-10T17:29:27","guid":{"rendered":"https:\/\/www.fedaiisf.it\/?p=86924"},"modified":"2026-03-12T18:58:19","modified_gmt":"2026-03-12T17:58:19","slug":"licenziamenti-bayer-protesta-degli-informatori-con-contratto-in-somministrazione","status":"publish","type":"post","link":"https:\/\/www.fedaiisf.it\/en\/licenziamenti-bayer-protesta-degli-informatori-con-contratto-in-somministrazione\/","title":{"rendered":"Licenziamenti Bayer. Protesta degli informatori con contratto in somministrazione"},"content":{"rendered":"<h3>Bayer, Nidil Cgil e UilTemp: i lavoratori in somministrazione dicono basta!<\/h3>\n<p><a href=\"https:\/\/www.imprese-lavoro.com\/2026\/03\/05\/bayer-nidil-cgil-e-uiltemp-i-lavoratori-in-somministrazione-dicono-basta\/\" target=\"_blank\" rel=\"noopener\">imprese-lavoro &#8211; 5 marzo 2026<\/a><\/p>\n<p>Milano \u2013 La recente vicenda che ha coinvolto Bayer in Italia rappresenta un caso emblematico per comprendere la condizione dei lavoratori, diretti e indiretti, nei processi di ristrutturazione aziendale. In particolare, nella divisione Pharma Italia, l\u2019azienda ha annunciato la chiusura della linea cardiovascolare, <img loading=\"lazy\" decoding=\"async\" class=\"wp-image-86113 alignright\" src=\"https:\/\/www.fedaiisf.it\/wp-content\/uploads\/2026\/01\/stop-licenziamenti-Bayer.png\" alt=\"\" width=\"408\" height=\"224\" srcset=\"https:\/\/www.fedaiisf.it\/wp-content\/uploads\/2026\/01\/stop-licenziamenti-Bayer.png 868w, https:\/\/www.fedaiisf.it\/wp-content\/uploads\/2026\/01\/stop-licenziamenti-Bayer-300x165.png 300w, https:\/\/www.fedaiisf.it\/wp-content\/uploads\/2026\/01\/stop-licenziamenti-Bayer-768x421.png 768w, https:\/\/www.fedaiisf.it\/wp-content\/uploads\/2026\/01\/stop-licenziamenti-Bayer-18x10.png 18w\" sizes=\"auto, (max-width: 408px) 100vw, 408px\" \/>motivata con la riduzione dei profitti.<\/p>\n<p>Per la prima volta in 125 anni di presenza in Italia, l\u2019azienda ha aperto una procedura di licenziamento collettivo: 49 lavoratrici e lavoratori diretti coinvolti e altri <strong>22 con contratto di somministrazione<\/strong> tramite l\u2019agenzia IQVIA, in gran parte informatori scientifici del farmaco e personale della rete commerciale.<\/p>\n<p>Per i lavoratori diretti, la trattativa ha permesso di ridurre l\u2019impatto degli esuberi: ricollocazioni interne, incentivi all\u2019uscita volontaria, strumenti di accompagnamento. Per i lavoratori e le lavoratrici in somministrazione, invece, \u00e8 bastata la chiusura della missione. Nessun incentivo. Nessun riconoscimento. Solo la comunicazione che il lavoro finisce. Eppure i lavoratori somministrati non sono una presenza occasionale. Sono una parte strutturale dell\u2019organizzazione.<\/p>\n<p>Formalmente dipendenti di IQVIA, lavorano ogni giorno per Bayer, con le stesse responsabilit\u00e0 e gli stessi obiettivi dei colleghi diretti. La parit\u00e0 di trattamento esiste solo finch\u00e9 la missione \u00e8 attiva. Quando arrivano i licenziamenti collettivi, quella parit\u00e0 scompare e diventano invisibili. Il cuore della precariet\u00e0 \u00e8 proprio la <img loading=\"lazy\" decoding=\"async\" class=\"wp-image-85840 alignleft\" src=\"https:\/\/www.fedaiisf.it\/wp-content\/uploads\/2026\/01\/presidio-bayer-1.png\" alt=\"\" width=\"323\" height=\"182\" srcset=\"https:\/\/www.fedaiisf.it\/wp-content\/uploads\/2026\/01\/presidio-bayer-1.png 668w, https:\/\/www.fedaiisf.it\/wp-content\/uploads\/2026\/01\/presidio-bayer-1-300x169.png 300w, https:\/\/www.fedaiisf.it\/wp-content\/uploads\/2026\/01\/presidio-bayer-1-18x10.png 18w, https:\/\/www.fedaiisf.it\/wp-content\/uploads\/2026\/01\/presidio-bayer-1-390x220.png 390w\" sizes=\"auto, (max-width: 323px) 100vw, 323px\" \/>missione: pu\u00f2 finire per una riorganizzazione, per la chiusura di una linea, per una scelta commerciale. E quando finisce, finisce tutto. O quasi.<\/p>\n<p>Oggi questi lavoratori saranno collocati in disponibilit\u00e0, in attesa \u2013 per i pi\u00f9 fortunati \u2013 di una nuova ricollocazione. Riceveranno un\u2019indennit\u00e0 lorda di 1.150 euro per sei mesi. Poi, se non arriver\u00e0 un\u2019altra missione, il licenziamento.<\/p>\n<p>Non \u00e8 accettabile che chi ha contribuito ai risultati dell\u2019azienda venga trattato come un corpo estraneo all\u2019impresa. Non \u00e8 accettabile che a parit\u00e0 di lavoro non corrisponda parit\u00e0 di tutele. Non \u00e8 accettabile che l\u2019unica risposta sia un saluto e, quando va bene, un grazie. Con un grazie non si paga l\u2019affitto. Con un grazie non si fa la spesa. Con un grazie non si vive. Le lavoratrici e i lavoratori in somministrazione dicono basta. Ci siamo sentiti dire negli anni in cui abbiamo lavorato che eravamo tutti uguali, ora rivendichiamo l\u2019uguaglianza.<\/p>\n<hr \/>\n<p>Related news: <a href=\"https:\/\/www.fedaiisf.it\/en\/bayer-festeggiamenti-e-licenziamanti-di-45-informatori-scientifici\/\" target=\"_blank\" rel=\"noopener\">Bayer festeggiamenti e \u2026licenziamanti di 45 informatori scientifici<\/a><\/p>\n<p style=\"font-weight: 400;\"><a href=\"https:\/\/www.fedaiisf.it\/en\/accordo-alla-bayer-il-numero-degli-informatori-in-esubero-ridotto-del-45\/\" target=\"_blank\" rel=\"noopener\">Accordo alla Bayer. Il numero degli informatori in esubero ridotto del 45%<\/a><\/p>\n<p class=\"entry-title\"><a href=\"https:\/\/panoramadellasanita.it\/site\/bayer-in-italia-arianna-gregis-e-il-nuovo-ceo\/\" target=\"_blank\" rel=\"noopener\">Bayer in Italia:\u00a0Arianna Gregis \u00e8 il nuovo Ceo<\/a><\/p>\n<hr \/>\n<p>Not 1:\u00a0 <em>L<strong>a protesta, <\/strong>sollevata dai <strong>labor unions<\/strong> dei lavoratori precari Nidil Cgil e UilTemp, si inserisce nel processo di <strong>ristrutturazione aziendale<\/strong> in Italia del colosso tedesco del farmaco. L\u2019azienda, nella divisione Pharma, ha annunciato la chiusura della linea cardiovascolare, motivata con la riduzione dei profitti.<\/em><\/p>\n<p><em>The <a href=\"https:\/\/www.fedaiisf.it\/en\/accordo-alla-bayer-il-numero-degli-informatori-in-esubero-ridotto-del-45\/\" target=\"_blank\" rel=\"noopener\">trattative sindacali<\/a> hanno permesso di ridurre l\u2019impatto degli esuberi attraverso ricollocazioni interne, incentivi all\u2019uscita, accompagnamento alla pensione. Strumenti messi in campo, per\u00f2, solo per i dipendenti diretti, escludendo gli altri.<\/em><\/p>\n<hr \/>\n<p>Nota 2:<\/p>\n<p style=\"font-weight: 400;\"><em>Il contratto di somministrazione \u00e8 un rapporto trilaterale (disciplinato dal <a href=\"https:\/\/www.normattiva.it\/uri-res\/N2Ls?urn:nir:stato:decreto.legislativo:2015-06-15;81\" target=\"_blank\" rel=\"noopener\">D.Lgs. 81\/2015<\/a> derivante dal Jobs Act, ex lavoro interinale o in affitto) in cui un&#8217;agenzia per il lavoro autorizzata (somministratore) assume un lavoratore e lo invia a svolgere la propria attivit\u00e0 presso un&#8217;azienda terza (utilizzatore). Pu\u00f2 essere a tempo determinato o indeterminato (staff leasing). La somministrazione di lavoro (ex lavoro interinale) \u00e8 una particolare tipologia di impiego introdotta per legge nel 2003 con la <strong>Legge Biagi<\/strong>. Il rapporto che si determina tra lavoratore e Agenzia per il lavoro, Apl, \u00e8 di <strong>subordinate work<\/strong>.<\/em><\/p>\n<p><em>In Italia, ogni anno, circa 1 milione di persone lavora almeno un giorno con questo tipo di contratto.<\/em><\/p>\n<p style=\"font-weight: 400;\"><em>La normativa stabilisce che il limite massimo complessivo di durata, anche considerando pi\u00f9 contratti di somministrazione succedutisi nel tempo tra le stesse parti, non pu\u00f2 superare i 24 mesi<\/em><\/p>\n<p style=\"font-weight: 400;\"><em>La somministrazione a tempo indeterminato \u00e8 consentita per qualsiasi ambito di attivit\u00e0 e tipologia di lavoratori, ma nel limite del 20% rispetto al numero di lavoratori a tempo indeterminato in forza presso l&#8217;utilizzatore alla data del 1\u00b0 gennaio dell&#8217;anno in cui \u00e8 concluso il contratto (con arrotondamento del decimale all&#8217;unit\u00e0 superiore, qualora esso sia eguale o superiore a 0,5) .Nei periodi di non lavoro tra una missione e l\u2019altra il lavoratore assunto a tempo indeterminato resta a disposizione dell\u2019Agenzia: in questo periodo egli percepisce un\u2019indennit\u00e0 di disponibilit\u00e0. L\u2019importo di questa indennit\u00e0, per i lavoratori non in missione e fuori dalle procedure di ricollocazione, \u00e8 di 1.000 euro mensili ed \u00e8 erogata direttamente dall\u2019agenzia.\u00a0<\/em><\/p>\n<p style=\"font-weight: 400;\"><em>I lavoratori somministrati hanno pari tutele, retribuzione e benefit dei dipendenti diretti dell&#8217;azienda utilizzatrice.<\/em><\/p>\n<p style=\"font-weight: 400;\"><em>Il contratto \u00e8 utilizzato per esigenze produttive temporanee o specifiche. Il numero di lavoratori in somministrazione a tempo determinato \u00e8 generalmente limitato al 30% dei dipendenti a tempo indeterminato dell&#8217;azienda, salvo diversa disposizione dei contratti collettivi. (Fonte: <a href=\"https:\/\/www.lavoro.gov.it\/temi-e-priorita\/rapporti-di-lavoro-e-relazioni-industriali\/focus-on\/disciplina-rapporto-lavoro\/pagine\/contratto-di-somministrazione\" target=\"_blank\" rel=\"noopener\">Ministero del Lavoro<\/a>)<\/em><\/p>\n<p><a href=\"https:\/\/www.nidil.cgil.it\/wp-content\/uploads\/2020\/12\/Guida-somm-2020-DEF.pdf\" target=\"_blank\" rel=\"noopener\">Mini guida NIDIL al lavoro somministrato<\/a><\/p>","protected":false},"excerpt":{"rendered":"<p>Bayer, Nidil Cgil e UilTemp: i lavoratori in somministrazione dicono basta! imprese-lavoro &#8211; 5 marzo 2026 Milano \u2013 La recente vicenda che ha coinvolto Bayer in Italia rappresenta un caso emblematico per comprendere la condizione dei lavoratori, diretti e indiretti, nei processi di ristrutturazione aziendale. In particolare, nella divisione Pharma Italia, l\u2019azienda ha annunciato la &hellip;<\/p>","protected":false},"author":4,"featured_media":86930,"comment_status":"closed","ping_status":"closed","sticky":false,"template":"","format":"standard","meta":{"footnotes":""},"categories":[16],"tags":[21,27,44],"class_list":["post-86924","post","type-post","status-publish","format-standard","has-post-thumbnail","hentry","category-primo-piano","tag-informatori-scientifici","tag-licenziati","tag-sindacati"],"amp_enabled":true,"_links":{"self":[{"href":"https:\/\/www.fedaiisf.it\/en\/wp-json\/wp\/v2\/posts\/86924","targetHints":{"allow":["GET"]}}],"collection":[{"href":"https:\/\/www.fedaiisf.it\/en\/wp-json\/wp\/v2\/posts"}],"about":[{"href":"https:\/\/www.fedaiisf.it\/en\/wp-json\/wp\/v2\/types\/post"}],"author":[{"embeddable":true,"href":"https:\/\/www.fedaiisf.it\/en\/wp-json\/wp\/v2\/users\/4"}],"replies":[{"embeddable":true,"href":"https:\/\/www.fedaiisf.it\/en\/wp-json\/wp\/v2\/comments?post=86924"}],"version-history":[{"count":11,"href":"https:\/\/www.fedaiisf.it\/en\/wp-json\/wp\/v2\/posts\/86924\/revisions"}],"predecessor-version":[{"id":86957,"href":"https:\/\/www.fedaiisf.it\/en\/wp-json\/wp\/v2\/posts\/86924\/revisions\/86957"}],"wp:featuredmedia":[{"embeddable":true,"href":"https:\/\/www.fedaiisf.it\/en\/wp-json\/wp\/v2\/media\/86930"}],"wp:attachment":[{"href":"https:\/\/www.fedaiisf.it\/en\/wp-json\/wp\/v2\/media?parent=86924"}],"wp:term":[{"taxonomy":"category","embeddable":true,"href":"https:\/\/www.fedaiisf.it\/en\/wp-json\/wp\/v2\/categories?post=86924"},{"taxonomy":"post_tag","embeddable":true,"href":"https:\/\/www.fedaiisf.it\/en\/wp-json\/wp\/v2\/tags?post=86924"}],"curies":[{"name":"wp","href":"https:\/\/api.w.org\/{rel}","templated":true}]}}