{"id":86942,"date":"2026-03-12T06:47:15","date_gmt":"2026-03-12T05:47:15","guid":{"rendered":"https:\/\/www.fedaiisf.it\/?p=86942"},"modified":"2026-03-11T12:02:20","modified_gmt":"2026-03-11T11:02:20","slug":"comunicato-fis-al-fianco-di-zainab-dosso-campionessa-della-nazionale-italiana-di-atletica","status":"publish","type":"post","link":"https:\/\/www.fedaiisf.it\/en\/comunicato-fis-al-fianco-di-zainab-dosso-campionessa-della-nazionale-italiana-di-atletica\/","title":{"rendered":"Comunicato. FIS al fianco di Zainab Dosso, campionessa della nazionale italiana di atletica"},"content":{"rendered":"<p><em>We receive and publish<\/em><\/p>\n<hr \/>\n<p style=\"font-weight: 400;\"><strong><img loading=\"lazy\" decoding=\"async\" class=\"wp-image-86945 alignnone\" src=\"https:\/\/www.fedaiisf.it\/wp-content\/uploads\/2026\/03\/FIS-logo.png\" alt=\"\" width=\"73\" height=\"76\" srcset=\"https:\/\/www.fedaiisf.it\/wp-content\/uploads\/2026\/03\/FIS-logo.png 970w, https:\/\/www.fedaiisf.it\/wp-content\/uploads\/2026\/03\/FIS-logo-290x300.png 290w, https:\/\/www.fedaiisf.it\/wp-content\/uploads\/2026\/03\/FIS-logo-768x793.png 768w, https:\/\/www.fedaiisf.it\/wp-content\/uploads\/2026\/03\/FIS-logo-12x12.png 12w\" sizes=\"auto, (max-width: 73px) 100vw, 73px\" \/><\/strong><\/p>\n<p>&nbsp;<\/p>\n<p style=\"font-weight: 400; text-align: center;\"><strong>FIS AL FIANCO DI ZAYNAB DOSSO, CAMPIONESSA DELLA NAZIONALE ITALIANA DI ATLETICA<\/strong><\/p>\n<p style=\"font-weight: 400; text-align: justify;\"><em>La partnership nasce dalla profonda coerenza tra il percorso sportivo dell\u2019atleta e l\u2019approccio che guida l\u2019azienda: impegno, determinazione, orientamento al risultato e centralit\u00e0 del contributo individuale nel gioco di squadra<\/em><\/p>\n<p style=\"font-weight: 400; text-align: justify;\"><em>Montecchio Maggiore (VI), 11 marzo 2026<\/em>\u00a0\u2013 FIS, azienda italiana leader e uno dei principali operatori in Europa nello sviluppo e nella produzione di principi attivi (APIs) per l\u2019industria farmaceutica globale, avvia una collaborazione per il 2026 con Zaynab Dosso, velocista della Nazionale italiana di atletica.<\/p>\n<p style=\"font-weight: 400; text-align: justify;\"><img loading=\"lazy\" decoding=\"async\" class=\"wp-image-86949 alignright\" src=\"https:\/\/www.fedaiisf.it\/wp-content\/uploads\/2026\/03\/Zaynab-Dosso-FIS-1.png\" alt=\"\" width=\"275\" height=\"271\" srcset=\"https:\/\/www.fedaiisf.it\/wp-content\/uploads\/2026\/03\/Zaynab-Dosso-FIS-1.png 1376w, https:\/\/www.fedaiisf.it\/wp-content\/uploads\/2026\/03\/Zaynab-Dosso-FIS-1-300x295.png 300w, https:\/\/www.fedaiisf.it\/wp-content\/uploads\/2026\/03\/Zaynab-Dosso-FIS-1-1024x1008.png 1024w, https:\/\/www.fedaiisf.it\/wp-content\/uploads\/2026\/03\/Zaynab-Dosso-FIS-1-768x756.png 768w, https:\/\/www.fedaiisf.it\/wp-content\/uploads\/2026\/03\/Zaynab-Dosso-FIS-1-12x12.png 12w\" sizes=\"auto, (max-width: 275px) 100vw, 275px\" \/>Tra le atlete simbolo della nuova generazione azzurra e punto di riferimento per lo sport femminile, Zaynab Dosso si \u00e8 affermata ai vertici dell\u2019atletica leggera internazionale conquistando nel 2025 il titolo europeo indoor dei 60 metri e l\u2019argento mondiale nella stessa specialit\u00e0. Prima italiana a correre i 60 metri in meno di 7\u201d &#8211; traguardo raggiunto il 22 febbraio 2026 nell\u2019ultima tappa del World Indoor Tour a Torun, dove torner\u00e0 a fine marzo per i Campionati Mondiali &#8211; \u00e8 primatista nazionale dei 60 e dei 100 metri piani e parte della staffetta 4&#215;100. Domenica 1\u00b0 marzo ha confermato il titolo nazionale nei 60 metri ai Campionati Italiani Assoluti Indoor ad Ancona.<\/p>\n<p style=\"font-weight: 400; text-align: justify;\">Le ragioni della partnership nascono dalla condivisione di valori e comportamenti comuni al mondo di FIS e a quello dell\u2019atletica: combinazione di talento e competenze, preparazione rigorosa, coraggio nel raccogliere le sfide, chiarezza degli obiettivi e impegno verso l\u2019eccellenza. La sinergia tra abilit\u00e0 individuali e lavoro di squadra permette di alzare continuamente l\u2019asticella e di esprimere le proprie capacit\u00e0 trasformando l\u2019obiettivo in conquiste concrete. Elementi decisivi per competere ai massimi livelli, nello sport come nell\u2019impresa.<\/p>\n<p style=\"font-weight: 400; text-align: justify;\">\u00abSiamo orgogliosi di sostenere un\u2019atleta come Zaynab Dosso perch\u00e9 per noi significa affiancare un percorso costruito sull\u2019ambizione di superare i propri limiti avendo cura di ogni fase della preparazione. In FIS, affidabilit\u00e0, velocit\u00e0 e precisione sono al centro di ogni azione quotidiana: \u00e8 il\u00a0<em>Purpose\u00a0<\/em>che ci guida nel trasformare determinazione e competenze scientifiche e industriali in risultati di eccellenza\u00bb, ha dichiarato Daniele Piergentili, AD e Presidente di FIS.<\/p>\n<p style=\"font-weight: 400; text-align: justify;\">\u00abSono molto felice e profondamente grata per l\u2019inizio di questa collaborazione con FIS. \u00c8 un\u2019azienda con cui sento di condividere valori fondamentali come resilienza, dedizione e il costante desiderio di migliorarsi ogni giorno. Per me \u00e8 motivo di grande orgoglio poter associare il mio percorso sportivo a una realt\u00e0 che crede negli stessi principi che guidano il mio lavoro quotidiano\u00bb, ha commentato Zaynab Dosso.<\/p>\n<p style=\"font-weight: 400; text-align: justify;\">L\u2019iniziativa si inserisce nel pi\u00f9 ampio impegno con cui FIS affianca alla propria attivit\u00e0 industriale progetti a favore delle comunit\u00e0 in cui opera, promuovendo arte, cultura e sport come strumenti di crescita e inclusione. In questo contesto, la collaborazione con Zaynab Dosso testimonia l\u2019attenzione dell\u2019Azienda verso percorsi capaci di valorizzare il talento, affrontare contesti competitivi complessi e generare valore duraturo.<\/p>\n<p style=\"font-weight: 400; text-align: justify;\">&#8212;&#8212;&#8212;&#8212;&#8212;&#8212;&#8212;&#8212;&#8212;<\/p>\n<p style=\"font-weight: 400; text-align: justify;\"><strong>FIS<\/strong><\/p>\n<p style=\"font-weight: 400; text-align: justify;\"><span style=\"font-size: 10pt;\">FIS, fondata nel 1957 a Montecchio Maggiore (VI) e controllata da Bain Capital Private Equity, \u00e8 un\u2019azienda leader in Italia e tra le principali al mondo nello sviluppo e nella produzione di principi attivi (APIs, Active Pharmaceutical Ingredients) per l&#8217;industria farmaceutica globale, rappresentando un punto di riferimento a livello internazionale nel settore del Contract Development and Manufacturing (CDMO). FIS opera attraverso tre stabilimenti in Italia (Montecchio Maggiore, Termoli e Lonigo), uffici commerciali in Nord America e Giappone e una presenza operativa in Cina e in India e conta oggi oltre 2.300 dipendenti, di cui circa 270 dedicati all\u2019attivit\u00e0 di Ricerca e Sviluppo. Da aprile 2024, FIS \u00e8 guidata dall\u2019Amministratore Delegato e Presidente Daniele Piergentili.\u00a0<\/span><\/p>\n<hr \/>\n<p style=\"font-weight: 400; text-align: justify;\">","protected":false},"excerpt":{"rendered":"<p>Riceviamo e pubblichiamo &nbsp; FIS AL FIANCO DI ZAYNAB DOSSO, CAMPIONESSA DELLA NAZIONALE ITALIANA DI ATLETICA La partnership nasce dalla profonda coerenza tra il percorso sportivo dell\u2019atleta e l\u2019approccio che guida l\u2019azienda: impegno, determinazione, orientamento al risultato e centralit\u00e0 del contributo individuale nel gioco di squadra Montecchio Maggiore (VI), 11 marzo 2026\u00a0\u2013 FIS, azienda italiana &hellip;<\/p>","protected":false},"author":4,"featured_media":86948,"comment_status":"closed","ping_status":"closed","sticky":false,"template":"","format":"standard","meta":{"footnotes":""},"categories":[1],"tags":[227],"class_list":["post-86942","post","type-post","status-publish","format-standard","has-post-thumbnail","hentry","category-notizie","tag-comunicato"],"amp_enabled":true,"_links":{"self":[{"href":"https:\/\/www.fedaiisf.it\/en\/wp-json\/wp\/v2\/posts\/86942","targetHints":{"allow":["GET"]}}],"collection":[{"href":"https:\/\/www.fedaiisf.it\/en\/wp-json\/wp\/v2\/posts"}],"about":[{"href":"https:\/\/www.fedaiisf.it\/en\/wp-json\/wp\/v2\/types\/post"}],"author":[{"embeddable":true,"href":"https:\/\/www.fedaiisf.it\/en\/wp-json\/wp\/v2\/users\/4"}],"replies":[{"embeddable":true,"href":"https:\/\/www.fedaiisf.it\/en\/wp-json\/wp\/v2\/comments?post=86942"}],"version-history":[{"count":5,"href":"https:\/\/www.fedaiisf.it\/en\/wp-json\/wp\/v2\/posts\/86942\/revisions"}],"predecessor-version":[{"id":86950,"href":"https:\/\/www.fedaiisf.it\/en\/wp-json\/wp\/v2\/posts\/86942\/revisions\/86950"}],"wp:featuredmedia":[{"embeddable":true,"href":"https:\/\/www.fedaiisf.it\/en\/wp-json\/wp\/v2\/media\/86948"}],"wp:attachment":[{"href":"https:\/\/www.fedaiisf.it\/en\/wp-json\/wp\/v2\/media?parent=86942"}],"wp:term":[{"taxonomy":"category","embeddable":true,"href":"https:\/\/www.fedaiisf.it\/en\/wp-json\/wp\/v2\/categories?post=86942"},{"taxonomy":"post_tag","embeddable":true,"href":"https:\/\/www.fedaiisf.it\/en\/wp-json\/wp\/v2\/tags?post=86942"}],"curies":[{"name":"wp","href":"https:\/\/api.w.org\/{rel}","templated":true}]}}