{"id":86966,"date":"2026-03-12T17:20:40","date_gmt":"2026-03-12T16:20:40","guid":{"rendered":"https:\/\/www.fedaiisf.it\/?p=86966"},"modified":"2026-03-17T19:26:49","modified_gmt":"2026-03-17T18:26:49","slug":"gemmato-rilancia-a-breve-altri-farmaci-passeranno-dalla-distribuzione-diretta-alle-farmacie-territoriali","status":"publish","type":"post","link":"https:\/\/www.fedaiisf.it\/en\/gemmato-rilancia-a-breve-altri-farmaci-passeranno-dalla-distribuzione-diretta-alle-farmacie-territoriali\/","title":{"rendered":"Gemmato rilancia. A breve altri farmaci passeranno dalla distribuzione diretta alle farmacie territoriali."},"content":{"rendered":"<p style=\"font-weight: 400;\">&#8220;Oltre il 90% dei cittadini ritiene che il trasferimento di alcuni farmaci dalla distribuzione per conto gestita dalle ASL alla farmacia faccia risparmiare tempo e semplifichi la gestione delle terapie.<\/p>\n<p style=\"font-weight: 400;\">Per oltre il 90% degli italiani la farmacia rende la prevenzione pi\u00f9 accessibile.<\/p>\n<p style=\"font-weight: 400;\"><img loading=\"lazy\" decoding=\"async\" class=\"wp-image-86969 alignright\" src=\"https:\/\/www.fedaiisf.it\/wp-content\/uploads\/2026\/03\/Gemmato-Censis.png\" alt=\"\" width=\"329\" height=\"352\" srcset=\"https:\/\/www.fedaiisf.it\/wp-content\/uploads\/2026\/03\/Gemmato-Censis.png 864w, https:\/\/www.fedaiisf.it\/wp-content\/uploads\/2026\/03\/Gemmato-Censis-281x300.png 281w, https:\/\/www.fedaiisf.it\/wp-content\/uploads\/2026\/03\/Gemmato-Censis-768x821.png 768w, https:\/\/www.fedaiisf.it\/wp-content\/uploads\/2026\/03\/Gemmato-Censis-11x12.png 11w\" sizes=\"auto, (max-width: 329px) 100vw, 329px\" \/>Il 97,2% considera la farmacia un servizio essenziale per la comunit\u00e0.<\/p>\n<p style=\"font-weight: 400;\">\u00c8 quanto emerge dal Rapporto Federfarma-Censis 2026. Dati chiari che confermano come la direzione intrapresa dal Governo vada nell\u2019interesse dei cittadini&#8221;.<\/p>\n<p style=\"font-weight: 400;\">Cos\u00ec il sottosegretario alla Salute Marcello Gemmato \u00a0intervenuto in chiusura dell\u2019evento di presentazione del Rapporto Censis-Federfarma su <em>La farmacia nella sanit\u00e0 di prossimit\u00e0, La dispensazione del farmaco nel nuovo modello di assistenza territoriale,<\/em> tenutosi a Roma all\u2019Hotel Quirinale il 10 marzo.<\/p>\n<p><em><strong>\u201cEntro la fine di marzo, insieme ad Aifa, identificheremo nuove categorie\u201d<\/strong><\/em> ha affermato al riguardo l\u2019esponente di governo, insistendo su una linea d\u2019azione che \u2013 ha ribadito \u2013<em> \u201cpermetter\u00e0 un migliore accesso ai farmaci, una maggiore aderenza e compliance terapeutica, riducendo ospedalizzazioni e sintomi conclamati, con un effetto positivo anche sulla sostenibilit\u00e0 del sistema sanitario pubblico nazionale\u201d.<\/em><\/p>\n<p>Si riferisce alla riclassificazione della distribuzione di alcune categorie di farmaci, con lo spostamento dalla distribuzione diretta nelle strutture delle Asl a quella convenzionata in farmacia, sull\u2019esempio di quanto gi\u00e0 avvenuto per le gliptine e le glifozine<em>.<\/em><\/p>\n<p style=\"font-weight: 400;\">Il Rapporto Censis dimostra che \u00e8 apprezzato, quando possibile, lo <b>spostamento di farmaci dalla dispensazione ospedaliera a quella in farmacia<\/b>, che ha il vantaggio di far risparmiare tempo ai pazienti, ridurre spostamenti e tempi di attesa, rendere pi\u00f9 agili le procedure e avvicinare la sanit\u00e0 ai cittadini, oltre a <b>facilitare la continuit\u00e0 di rapporto<\/b> tra pazienti cronici e farmacisti, migliorando anche l\u2019aderenza <img loading=\"lazy\" decoding=\"async\" class=\"wp-image-86973 alignleft\" src=\"https:\/\/www.fedaiisf.it\/wp-content\/uploads\/2026\/03\/Gemmato-federfarma.png\" alt=\"\" width=\"203\" height=\"279\" srcset=\"https:\/\/www.fedaiisf.it\/wp-content\/uploads\/2026\/03\/Gemmato-federfarma.png 336w, https:\/\/www.fedaiisf.it\/wp-content\/uploads\/2026\/03\/Gemmato-federfarma-218x300.png 218w, https:\/\/www.fedaiisf.it\/wp-content\/uploads\/2026\/03\/Gemmato-federfarma-9x12.png 9w\" sizes=\"auto, (max-width: 203px) 100vw, 203px\" \/>terapeutica.<\/p>\n<div>Gemmato ha evidenziato come la sperimentazione della farmacia dei servizi abbia valorizzato il ruolo di questo presidio di prossimit\u00e0, \u201cper andare a colmare in modo strutturale, insieme ai medici di medicina generale e ai pediatri di libera scelta, <b>quel pezzo di sanit\u00e0 territoriale mancante<\/b>\u201d. E proprio in questa direzione andr\u00e0 l\u2019incontro, a fine marzo, con l\u2019Agenzia italiana del farmaco, \u201cper identificare una nuova categoria di farmaci da <b>spostare dalla distribuzione diretta a quella convenzionata\u00a0<\/b>nelle farmacie del territorio, per migliorare l\u2019accesso ai medicinali e, in ultimo, far risparmiare alle casse dello Stato\u201d.<\/div>\n<div><\/div>\n<div>Nel corso del suo intervento, Gemmato ha ringraziato anche i farmacisti e Federfarma che hanno dato il proprio contributo allo spostamento delle prime due classi di antidiabetici: \u201cBisogna <b>riportare i farmaci in farmacia<\/b> \u2013 ha concluso \u2013 e comunicare ai cittadini la possibilit\u00e0 che hanno di poter ritirare alcuni medicinali sotto casa\u201d.<\/div>\n<div><\/div>\n<p>(Source: <a href=\"https:\/\/www.federfarmanews.it\/news\/3845\/indagine-censis-gemmato-bisogna-riportare-i-farmaci-in-farmacia.html\" target=\"_blank\" rel=\"noopener\">Censis\/Federfarma<\/a>)<\/p>\n<p><a href=\"https:\/\/www.censis.it\/per-gli-italiani-la-farmacia-migliora-la-sanita\/\" target=\"_blank\" rel=\"noopener\">CENSIS press release<\/a><\/p>\n<p><a href=\"https:\/\/youtu.be\/a7QIJ5ydZ7U?si=IowpW5qMWNqozrQW\" target=\"_blank\" rel=\"noopener\">VIDEO<\/a><\/p>\n<hr \/>\n<p>Related news: <a href=\"https:\/\/www.aifa.gov.it\/-\/riclassificazione-gliflozine-data-check\" target=\"_blank\" rel=\"noopener\">Riclassificazione delle gliflozine: un&#8217;analisi tecnica (data check)<\/a><\/p>","protected":false},"excerpt":{"rendered":"<p>&#8220;Oltre il 90% dei cittadini ritiene che il trasferimento di alcuni farmaci dalla distribuzione per conto gestita dalle ASL alla farmacia faccia risparmiare tempo e semplifichi la gestione delle terapie. Per oltre il 90% degli italiani la farmacia rende la prevenzione pi\u00f9 accessibile. Il 97,2% considera la farmacia un servizio essenziale per la comunit\u00e0. \u00c8 &hellip;<\/p>","protected":false},"author":4,"featured_media":86970,"comment_status":"closed","ping_status":"closed","sticky":false,"template":"","format":"standard","meta":{"footnotes":""},"categories":[16],"tags":[49,79],"class_list":["post-86966","post","type-post","status-publish","format-standard","has-post-thumbnail","hentry","category-primo-piano","tag-aifa","tag-ssn"],"amp_enabled":true,"_links":{"self":[{"href":"https:\/\/www.fedaiisf.it\/en\/wp-json\/wp\/v2\/posts\/86966","targetHints":{"allow":["GET"]}}],"collection":[{"href":"https:\/\/www.fedaiisf.it\/en\/wp-json\/wp\/v2\/posts"}],"about":[{"href":"https:\/\/www.fedaiisf.it\/en\/wp-json\/wp\/v2\/types\/post"}],"author":[{"embeddable":true,"href":"https:\/\/www.fedaiisf.it\/en\/wp-json\/wp\/v2\/users\/4"}],"replies":[{"embeddable":true,"href":"https:\/\/www.fedaiisf.it\/en\/wp-json\/wp\/v2\/comments?post=86966"}],"version-history":[{"count":7,"href":"https:\/\/www.fedaiisf.it\/en\/wp-json\/wp\/v2\/posts\/86966\/revisions"}],"predecessor-version":[{"id":86976,"href":"https:\/\/www.fedaiisf.it\/en\/wp-json\/wp\/v2\/posts\/86966\/revisions\/86976"}],"wp:featuredmedia":[{"embeddable":true,"href":"https:\/\/www.fedaiisf.it\/en\/wp-json\/wp\/v2\/media\/86970"}],"wp:attachment":[{"href":"https:\/\/www.fedaiisf.it\/en\/wp-json\/wp\/v2\/media?parent=86966"}],"wp:term":[{"taxonomy":"category","embeddable":true,"href":"https:\/\/www.fedaiisf.it\/en\/wp-json\/wp\/v2\/categories?post=86966"},{"taxonomy":"post_tag","embeddable":true,"href":"https:\/\/www.fedaiisf.it\/en\/wp-json\/wp\/v2\/tags?post=86966"}],"curies":[{"name":"wp","href":"https:\/\/api.w.org\/{rel}","templated":true}]}}