{"id":8704,"date":"2015-03-07T21:23:35","date_gmt":"2015-03-07T20:23:35","guid":{"rendered":"http:\/\/www.fedaiisf.it\/?p=8704"},"modified":"2015-03-08T10:24:52","modified_gmt":"2015-03-08T09:24:52","slug":"conclusa-mobilita-stroder","status":"publish","type":"post","link":"https:\/\/www.fedaiisf.it\/en\/conclusa-mobilita-stroder\/","title":{"rendered":"Mobility in Stroder concluded"},"content":{"rendered":"<p><img loading=\"lazy\" decoding=\"async\" class=\"alignright\" alt=\"Risultati immagini per stroder roma\" src=\"https:\/\/encrypted-tbn2.gstatic.com\/images?q=tbn:ANd9GcSFD-ju9buyhBprj9ACwvGx1-ja1H5lbh2BGDrY7hWyyeApxoYr\" width=\"240\" height=\"77\" \/>With an agreement between the company and the trade unions, the mobility procedure in the Servier-Stroder group was concluded. There are 191 redundancies, of which 164 had already applied for voluntary mobility.<\/p>\n<p><b>Related news: <\/b><b><a href=\"http:\/\/www.fedaiisf.it\/en\/mobilita-servier-e-stroder\/\" target=\"_blank\">mobility in Servier and Stroder<\/a> <\/b>We received from an internal source that today (January 13, 2015) there will be a meeting with the trade unions to start a voluntary mobility procedure. Since there is no RSU, the meeting will take place between Personnel Management and the Territorial Unions.<\/p>\n<p><a href=\"http:\/\/www.fedaiisf.it\/en\/per-salvare-suoi-stabilimenti-francesi-servier-diversifica-subappalto\/\" target=\"_blank\">To save its French factories, Servier diversified into subcontracting<\/a> <i>The company&#039;s staff has been \u201cadequate\u201d in some European countries. The structure of the promotion teams \u2013 scientific representatives \u2013 will have to be reconsidered (23\/01\/2014)<\/i><\/p>","protected":false},"excerpt":{"rendered":"<p>Con un accordo tra l&#8217; azienda e le organizzazioni sindacali, si \u00e8 conclusa la procedura di mobilit\u00e0 nel gruppo Servier-Stroder. Gli esuberi sono 191, di cui 164 avevano gi\u00e0 fatto richiesta di mobilit\u00e0 volontaria. Notizie correlate: mobilit\u00e0 in Servier e Stroder Ci \u00e8 giunta da una fonte interna che oggi (13 gennaio 2015) ci sar\u00e0 &hellip;<\/p>","protected":false},"author":4,"featured_media":7166,"comment_status":"closed","ping_status":"closed","sticky":false,"template":"","format":"standard","meta":{"footnotes":""},"categories":[1],"tags":[27],"class_list":["post-8704","post","type-post","status-publish","format-standard","has-post-thumbnail","hentry","category-notizie","tag-licenziati"],"amp_enabled":true,"_links":{"self":[{"href":"https:\/\/www.fedaiisf.it\/en\/wp-json\/wp\/v2\/posts\/8704","targetHints":{"allow":["GET"]}}],"collection":[{"href":"https:\/\/www.fedaiisf.it\/en\/wp-json\/wp\/v2\/posts"}],"about":[{"href":"https:\/\/www.fedaiisf.it\/en\/wp-json\/wp\/v2\/types\/post"}],"author":[{"embeddable":true,"href":"https:\/\/www.fedaiisf.it\/en\/wp-json\/wp\/v2\/users\/4"}],"replies":[{"embeddable":true,"href":"https:\/\/www.fedaiisf.it\/en\/wp-json\/wp\/v2\/comments?post=8704"}],"version-history":[{"count":0,"href":"https:\/\/www.fedaiisf.it\/en\/wp-json\/wp\/v2\/posts\/8704\/revisions"}],"wp:featuredmedia":[{"embeddable":true,"href":"https:\/\/www.fedaiisf.it\/en\/wp-json\/wp\/v2\/media\/7166"}],"wp:attachment":[{"href":"https:\/\/www.fedaiisf.it\/en\/wp-json\/wp\/v2\/media?parent=8704"}],"wp:term":[{"taxonomy":"category","embeddable":true,"href":"https:\/\/www.fedaiisf.it\/en\/wp-json\/wp\/v2\/categories?post=8704"},{"taxonomy":"post_tag","embeddable":true,"href":"https:\/\/www.fedaiisf.it\/en\/wp-json\/wp\/v2\/tags?post=8704"}],"curies":[{"name":"wp","href":"https:\/\/api.w.org\/{rel}","templated":true}]}}