{"id":87580,"date":"2026-04-27T19:38:00","date_gmt":"2026-04-27T17:38:00","guid":{"rendered":"https:\/\/www.fedaiisf.it\/?p=87580"},"modified":"2026-04-27T19:50:17","modified_gmt":"2026-04-27T17:50:17","slug":"ifarma-il-covegno-informatori-scientifici-e-la-sfida-dellai","status":"publish","type":"post","link":"https:\/\/www.fedaiisf.it\/en\/ifarma-il-covegno-informatori-scientifici-e-la-sfida-dellai\/","title":{"rendered":"iFarma. Il Covegno: Informatori scientifici e la sfida dell\u2019AI"},"content":{"rendered":"<p class=\"vc_custom_heading vc_custom_1776784617006\"><em><span style=\"font-size: 14pt;\">A Cosmofarma 2026 un convegno promosso da Fedaiisf accende i riflettori sull\u2019impatto dell\u2019intelligenza artificiale nell\u2019informazione scientifica. Al centro qualit\u00e0, affidabilit\u00e0 dei contenuti e riconoscimento professionale<\/span><\/em><\/p>\n<p><a href=\"https:\/\/www.ifarma.net\/informatori-scientifici-e-la-sfida-dellai\/\" target=\"_blank\" rel=\"noopener\">Redazione iFarma &#8211; 23 aprile 2026<\/a><\/p>\n<p>Intelligenza artificiale, terapie personalizzate e parafarmaco stanno ridisegnando l\u2019informazione scientifica in sanit\u00e0, tra opportunit\u00e0 e rischi per la qualit\u00e0 dei contenuti e la sicurezza dei pazienti. Saranno questi i temi <img loading=\"lazy\" decoding=\"async\" class=\"wp-image-87511 alignright\" src=\"https:\/\/www.fedaiisf.it\/wp-content\/uploads\/2026\/04\/Cosmofarma-2026.png\" alt=\"\" width=\"338\" height=\"247\" srcset=\"https:\/\/www.fedaiisf.it\/wp-content\/uploads\/2026\/04\/Cosmofarma-2026.png 798w, https:\/\/www.fedaiisf.it\/wp-content\/uploads\/2026\/04\/Cosmofarma-2026-300x220.png 300w, https:\/\/www.fedaiisf.it\/wp-content\/uploads\/2026\/04\/Cosmofarma-2026-768x562.png 768w, https:\/\/www.fedaiisf.it\/wp-content\/uploads\/2026\/04\/Cosmofarma-2026-16x12.png 16w\" sizes=\"auto, (max-width: 338px) 100vw, 338px\" \/>al centro del convegno <em>\u201cL\u2019informazione scientifica nel SSN: etica e innovazione. L\u2019impatto dell\u2019AI, delle terapie personalizzate e del parafarmaco sul futuro della professione\u201d<\/em>, in programma l\u20198 maggio alle 15 nell\u2019ambito di <strong>Cosmofarma Exhibition 2026<\/strong>, promosso da <strong>Fedaisf<\/strong>.<\/p>\n<p>L\u2019appuntamento intende fare il punto sulla <strong>trasformazione della professione dell\u2019informatore scientifico<\/strong>, anche alla luce dell\u2019uso crescente \u2013 esplicito o meno \u2013 dell\u2019AI e dei canali digitali. Un\u2019evoluzione che, secondo gli organizzatori, richiede strumenti di governo e nuove garanzie. Tra gli esempi citati, il caso della \u201cbixonimania\u201d, patologia inesistente utilizzata per testare l\u2019affidabilit\u00e0 dei sistemi di intelligenza artificiale in ambito medico, che ha evidenziato criticit\u00e0 nella validazione delle informazioni.<\/p>\n<p>For <strong>Francesco Ferrari<\/strong>, presidente Fedaiisf, il nodo non \u00e8 arrestare il cambiamento ma gestirlo: \u00abLa soluzione non \u00e8 demonizzare l\u2019uso dell\u2019intelligenza artificiale ma imparare a gestirla, disciplinarla e soprattutto \u201cblindare\u201d l\u2019interesse superiore della salute del cittadino con la creazione di un <strong>Ordine degli informatori scientifici<\/strong>\u00bb. Un percorso gi\u00e0 avviato, ricorda, anche sul piano istituzionale, con il <strong>progetto di legge<\/strong> annunciato lo scorso anno dall\u2019onorevole <strong>Francesco Cannizzaro<\/strong>.<\/p>\n<p>Ferrari sottolinea inoltre come il valore dell\u2019informatore resti legato alla capacit\u00e0 di interpretare i dati e supportare il medico nella pratica quotidiana: \u00abNon ritengo che l\u2019intelligenza artificiale possa sostituire l\u2019informatore, ma <strong>l\u2019informatore che usa strumenti digitali sostituir\u00e0 quello che non lo fa<\/strong>\u00bb. In un contesto di crescente pressione su medici e operatori, la funzione di mediazione qualificata dell\u2019informazione diventa quindi centrale.<\/p>\n<p>Sul versante regolatorio e industriale, <strong>Heide De Togni<\/strong>, Head of Regulatory and Scientific Affairs di Schwabe Pharma Italia e socia AFI, evidenzia come l\u2019AI stia gi\u00e0 intervenendo lungo tutto il ciclo di vita del farmaco, dalla scoperta alla sperimentazione clinica, fino alla valutazione regolatoria: <strong>un impatto che riguarda <img loading=\"lazy\" decoding=\"async\" class=\"wp-image-87498 alignleft\" src=\"https:\/\/www.fedaiisf.it\/wp-content\/uploads\/2026\/04\/elena-Murelli.png\" alt=\"\" width=\"271\" height=\"309\" srcset=\"https:\/\/www.fedaiisf.it\/wp-content\/uploads\/2026\/04\/elena-Murelli.png 314w, https:\/\/www.fedaiisf.it\/wp-content\/uploads\/2026\/04\/elena-Murelli-263x300.png 263w, https:\/\/www.fedaiisf.it\/wp-content\/uploads\/2026\/04\/elena-Murelli-11x12.png 11w\" sizes=\"auto, (max-width: 271px) 100vw, 271px\" \/>anche l\u2019attivit\u00e0 degli informatori<\/strong> e la formazione di medici e farmacisti, con l\u2019AI vista come \u201cfacilitatore\u201d e non sostituto.<\/p>\n<p>Tra i relatori anche la senatrice <strong>Elena Murelli<\/strong>, segretaria di Presidenza del Senato, che richiama il tema del riconoscimento professionale: \u00abLa qualit\u00e0 dell\u2019informazione scientifica \u00e8 un pilastro della sicurezza sanitaria\u00bb, ma oggi la categoria opera senza un inquadramento ordinistico nazionale. Da qui la necessit\u00e0 di un albo che garantisca <em>standard<\/em>, trasparenza e responsabilit\u00e0. Nel suo intervento, Murelli affronter\u00e0 anche il tema della <strong>revisione della normativa europea sui medicinali<\/strong>, with a <em>focus<\/em> sulla possibile digitalizzazione dei foglietti illustrativi, oggetto di un\u2019interrogazione parlamentare.<\/p>\n<p>Al tavolo dei lavori sono attesi, tra gli altri, il sottosegretario alla Salute <strong>Marcellus Gemmato<\/strong>, il presidente di Federfarma <strong>Marco Cossolo<\/strong>, il presidente della Fnomceo <strong>Philip Rings<\/strong> e il presidente della Fofi <strong>Andrea Mandelli.<\/strong><\/p>\n<hr \/>\n<h4><em>Per Cosmofarma Exhibition 2026 gli ingressi pedonali dedicati sono:<\/em><\/h4>\n<ul>\n<li><em>Ingresso pedonale <strong><b>Nord <\/b><\/strong>(Via Ondina Valla, 40127 Bologna BO) &#8211; Consulta <a href=\"https:\/\/www.google.com\/maps\/place\/Fiera+Bologna+Ingresso+Nord+Pubblico\/@44.5137637,11.3657517,17z\/data=!3m1!4b1!4m5!3m4!1s0x477fd3517129b51f:0x6d3328b8f523ec92!8m2!3d44.5137637!4d11.3679404\" target=\"_blank\" rel=\"noopener\"><u>Google Maps<\/u><\/a><\/em><\/li>\n<li><em>Ingresso pedonale\u00a0<strong><b>Ovest <\/b><\/strong><strong><b>Costituzione<\/b><\/strong>\u00a0(Piazza della Costituzione 5, 40128, Bologna) &#8211; Consulta\u00a0<a href=\"https:\/\/www.google.it\/maps\/place\/Piazza+della+Costituzione,+5,+40128+Bologna\/@44.511862,11.3569763,17z\/data=!3m1!4b1!4m5!3m4!1s0x477fd359763a0613:0xfae77a511de162e4!8m2!3d44.511862!4d11.359165\" target=\"_blank\" rel=\"noopener\"><u>Google Maps<\/u><\/a><\/em><\/li>\n<\/ul>\n<h4><em>Come raggiungere il quartiere fieristico:<\/em><\/h4>\n<p><em><strong><b>Aereo<\/b><\/strong> L\u2019Aeroporto Internazionale Guglielmo Marconi \u00e8 collegato direttamente alla Stazione Ferroviaria di Bologna con il comodo servizio MARCONI EXPRESS. Per informazioni:\u00a0\u00a0<a href=\"http:\/\/www.marconiexpress.it\/\" target=\"_blank\" rel=\"noopener\"><u>www.marconiexpress.it<\/u><\/a><\/em><\/p>\n<p><em><strong><b>Auto<\/b><\/strong> <strong><u><b>Dalle autostrade<\/b><\/u><\/strong><u>\u00a0<\/u><strong><u><b>A1<\/b><\/u><\/strong>\u00a0(Milano, Firenze, Roma)\u00a0<u>e A14<\/u>\u00a0(Rimini, Ancona, Bari): uscire direttamente al casello \u201cBOLOGNA FIERA\u201d sull\u2019Autostrada A14 per Ingresso Nord e Parcheggio Multipiano Michelino (Via Ondina Valla)<\/em><\/p>\n<p><em><strong><u><b>Dall\u2019autostrada<\/b><\/u><\/strong><u>\u00a0<\/u><strong><u><b>A13<\/b><\/u><\/strong>\u00a0(Ferrara, Padova, Venezia): uscita \u201cBOLOGNA ARCOVEGGIO\u201d poi tangenziale uscita 8 per Ingresso Nord e Parcheggio Multipiano Michelino (Via Ondina Valla)<\/em><\/p>\n<p><em><strong><u><b>Dal centro citt\u00e0<\/b><\/u><\/strong>: ingresso Ovest Costituzione e parcheggio Piazza Costituzione<\/em><\/p>\n<p><em><strong><b>Treno <\/b><\/strong>Dalla Stazione Ferroviaria (che dista 10 minuti dal Quartiere Fieristico) le\u00a0<strong><b>linee 35<\/b><\/strong>\u00a0And\u00a0<strong><b>38<\/b><\/strong>\u00a0conducono all\u2019Ingresso pedonale Ovest Costituzione (Fermata Fiera Palazzo Congressi). Per informazioni sugli orari:\u00a0<a href=\"https:\/\/www.tper.it\/content\/linea-35-facolt%C3%A0-di-ingegneria-ospedale-maggiore-stazione-centrale-fiera-facolt%C3%A0-di-agraria\" target=\"_blank\" rel=\"noopener\"><strong><u><b>Linea 35<\/b><\/u><\/strong><\/a>\u00a0\u2013\u00a0<a href=\"https:\/\/www.tper.it\/bo-38\" target=\"_blank\" rel=\"noopener\"><strong><u><b>Linea 38<\/b><\/u><\/strong><\/a><\/em><\/p>\n<p><em><strong><b>Bus, taxi e servizi urbani<\/b><\/strong> <u>Radio Taxi<\/u>: Cotabo tel 051 372727 \u2013 Taxi C.A.T. Bologna tel 051 4590 <u>Bus<\/u>: La fermata dei bus si trova all\u2019ingresso pedonale Ovest Costituzione, le linee 28 \u2013 35 e 38 collegano il quartiere fieristico con il centro storico in 10 minuti (Fermata Fiera Palazzo Congressi). Per informazioni sugli orari:\u00a0<a href=\"https:\/\/www.tper.it\/bo-28\" target=\"_blank\" rel=\"noopener\"><strong><u><b>Linea 28<\/b><\/u><\/strong><u>\u00a0<\/u><\/a>\u2013\u00a0<a href=\"https:\/\/www.tper.it\/content\/linea-35-facolt%C3%A0-di-ingegneria-ospedale-maggiore-stazione-centrale-fiera-facolt%C3%A0-di-agraria\" target=\"_blank\" rel=\"noopener\"><strong><u><b>Linea 35<\/b><\/u><\/strong><\/a>\u00a0\u2013\u00a0<a href=\"https:\/\/www.tper.it\/bo-38\" target=\"_blank\" rel=\"noopener\"><strong><u><b>Linea 38<\/b><\/u><\/strong><\/a><\/em><\/p>\n<h4><em>Parcheggi vicini alla fiera:<\/em><\/h4>\n<p><em>I parcheggi per i visitatori si trovano nelle immediate vicinanze degli ingressi della fiera:<\/em><\/p>\n<ul>\n<li><em>Parcheggio Costituzione in corrispondenza dell\u2019ingresso pedonale Ovest Costituzione<\/em><\/li>\n<li><em>Parcheggio Multipiano Michelino in corrispondenza dell\u2019ingresso pedonale Nord<\/em><\/li>\n<\/ul>\n<p><em>Il costo giornaliero \u00e8 di \u20ac 24,00. Per informazioni pi\u00f9 dettagliate consultare il sito <a href=\"https:\/\/bfparking.it\/\" target=\"_blank\" rel=\"noopener\"><u>Bologna &amp; Fiera Parking<\/u><\/a>\u00a0\u2013 Contatti: Tel. +39 051 6047681\u00a0\u00a0Mail:\u00a0<a href=\"mailto:infososta@bfparking.it\" target=\"_blank\" rel=\"noopener\"><u>infososta@bfparking.it<\/u><\/a><\/em><\/p>\n<h4><em>Indirizzi della Fiera<\/em><\/h4>\n<ul>\n<li><em><strong>Nord\u00a0<\/strong>(Via Ondina Valla, 40127 Bologna BO) Consulta\u00a0<u><a href=\"https:\/\/www.google.com\/maps\/place\/Fiera+Bologna+Ingresso+Nord+Pubblico\/@44.5137637,11.3657517,17z\/data=!3m1!4b1!4m5!3m4!1s0x477fd3517129b51f:0x6d3328b8f523ec92!8m2!3d44.5137637!4d11.3679404\" target=\"_blank\" rel=\"noopener\">Google Maps<\/a><\/u><\/em><\/li>\n<li><em><strong>Ovest Costituzione<\/strong>\u00a0(Piazza della Costituzione 5, 40128, Bologna) Consulta\u00a0<a href=\"https:\/\/www.google.it\/maps\/place\/Piazza+della+Costituzione,+5,+40128+Bologna\/@44.511862,11.3569763,17z\/data=!3m1!4b1!4m5!3m4!1s0x477fd359763a0613:0xfae77a511de162e4!8m2!3d44.511862!4d11.359165\" target=\"_blank\" rel=\"noopener\">Google Maps<\/a><\/em><\/li>\n<\/ul>\n<h4><em><strong>Servizi disponibili in fiera<\/strong><\/em><\/h4>\n<p><em>Info Point, snack bar, self-service, ristorante alla carta, giornali e tabacchi, pronto soccorso, farmacia e sportelli bancomat.<\/em><\/p>\n<p><em>Prima dell&#8217;inizio dei lavori, Fedaiisf mette a disposizione dei partecipanti un punto ristoro<\/em><\/p>\n<hr \/>\n<p><a href=\"https:\/\/wordpress-senaf-cosmofarma.s3.eu-central-1.amazonaws.com\/2026\/04\/Programma-Convegni-2026.pdf\" target=\"_blank\" rel=\"noopener\">Programma Cosmofarma 2026<\/a><\/p>\n<p>&nbsp;<\/p>","protected":false},"excerpt":{"rendered":"<p>A Cosmofarma 2026 un convegno promosso da Fedaiisf accende i riflettori sull\u2019impatto dell\u2019intelligenza artificiale nell\u2019informazione scientifica. Al centro qualit\u00e0, affidabilit\u00e0 dei contenuti e riconoscimento professionale Redazione iFarma &#8211; 23 aprile 2026 Intelligenza artificiale, terapie personalizzate e parafarmaco stanno ridisegnando l\u2019informazione scientifica in sanit\u00e0, tra opportunit\u00e0 e rischi per la qualit\u00e0 dei contenuti e la sicurezza &hellip;<\/p>","protected":false},"author":4,"featured_media":87496,"comment_status":"closed","ping_status":"closed","sticky":false,"template":"","format":"standard","meta":{"footnotes":""},"categories":[1,14],"tags":[45],"class_list":["post-87580","post","type-post","status-publish","format-standard","has-post-thumbnail","hentry","category-notizie","category-news-fedaiisf","tag-fedaiisf"],"amp_enabled":true,"_links":{"self":[{"href":"https:\/\/www.fedaiisf.it\/en\/wp-json\/wp\/v2\/posts\/87580","targetHints":{"allow":["GET"]}}],"collection":[{"href":"https:\/\/www.fedaiisf.it\/en\/wp-json\/wp\/v2\/posts"}],"about":[{"href":"https:\/\/www.fedaiisf.it\/en\/wp-json\/wp\/v2\/types\/post"}],"author":[{"embeddable":true,"href":"https:\/\/www.fedaiisf.it\/en\/wp-json\/wp\/v2\/users\/4"}],"replies":[{"embeddable":true,"href":"https:\/\/www.fedaiisf.it\/en\/wp-json\/wp\/v2\/comments?post=87580"}],"version-history":[{"count":2,"href":"https:\/\/www.fedaiisf.it\/en\/wp-json\/wp\/v2\/posts\/87580\/revisions"}],"predecessor-version":[{"id":87585,"href":"https:\/\/www.fedaiisf.it\/en\/wp-json\/wp\/v2\/posts\/87580\/revisions\/87585"}],"wp:featuredmedia":[{"embeddable":true,"href":"https:\/\/www.fedaiisf.it\/en\/wp-json\/wp\/v2\/media\/87496"}],"wp:attachment":[{"href":"https:\/\/www.fedaiisf.it\/en\/wp-json\/wp\/v2\/media?parent=87580"}],"wp:term":[{"taxonomy":"category","embeddable":true,"href":"https:\/\/www.fedaiisf.it\/en\/wp-json\/wp\/v2\/categories?post=87580"},{"taxonomy":"post_tag","embeddable":true,"href":"https:\/\/www.fedaiisf.it\/en\/wp-json\/wp\/v2\/tags?post=87580"}],"curies":[{"name":"wp","href":"https:\/\/api.w.org\/{rel}","templated":true}]}}