{"id":87623,"date":"2026-05-01T12:00:58","date_gmt":"2026-05-01T10:00:58","guid":{"rendered":"https:\/\/www.fedaiisf.it\/?p=87623"},"modified":"2026-05-01T12:00:58","modified_gmt":"2026-05-01T10:00:58","slug":"la-sigu-ricorda-j-craig-venter-pioniere-del-sequenziamento-del-genoma-umano","status":"publish","type":"post","link":"https:\/\/www.fedaiisf.it\/en\/la-sigu-ricorda-j-craig-venter-pioniere-del-sequenziamento-del-genoma-umano\/","title":{"rendered":"La SIGU ricorda J. Craig Venter, pioniere del sequenziamento del genoma umano"},"content":{"rendered":"<p><em>We receive and publish<\/em><\/p>\n<hr \/>\n<p style=\"text-align: center;\"><span style=\"font-size: 18pt;\"><b>La SIGU ricorda J. Craig Venter, pioniere del sequenziamento del genoma umano<\/b><\/span><\/p>\n<p><span style=\"font-size: 14pt;\">Grammatico: \u201cUno dei protagonisti assoluti della genomica moderna ci ha lasciato\u201d. Novelli: \u201cLa sua scomparsa segna la fine di un\u2019era nella ricerca scientifica\u201d.<\/span><\/p>\n<p>Roma, 30 aprile 2026 \u2013 La Societ\u00e0 Italiana di Genetica Umana (SIGU) esprime profondo cordoglio per la <img loading=\"lazy\" decoding=\"async\" class=\"wp-image-87628 alignright\" src=\"https:\/\/www.fedaiisf.it\/wp-content\/uploads\/2026\/05\/SIGU.png\" alt=\"\" width=\"386\" height=\"141\" srcset=\"https:\/\/www.fedaiisf.it\/wp-content\/uploads\/2026\/05\/SIGU.png 838w, https:\/\/www.fedaiisf.it\/wp-content\/uploads\/2026\/05\/SIGU-300x110.png 300w, https:\/\/www.fedaiisf.it\/wp-content\/uploads\/2026\/05\/SIGU-768x280.png 768w, https:\/\/www.fedaiisf.it\/wp-content\/uploads\/2026\/05\/SIGU-18x7.png 18w\" sizes=\"auto, (max-width: 386px) 100vw, 386px\" \/>scomparsa di J. Craig Venter, scienziato e imprenditore di spicco nella rivoluzione genomica contemporanea, avvenuta il 29 aprile a San Diego all\u2019et\u00e0 di 79 anni.<\/p>\n<p>\u201cCon Craig Venter perdiamo uno dei protagonisti indiscussi della genomica moderna\u201d, afferma <strong>Paola Grammatico<\/strong>, Presidente SIGU. \u201cIl suo contributo ha accelerato significativamente il passaggio verso una medicina personalizzata, basata sull\u2019informazione genetica. Le sue intuizioni sono alla base di molte delle applicazioni cliniche che stiamo sviluppando e implementando anche nel nostro Servizio Sanitario Nazionale\u201d.<\/p>\n<p>\u201cLa sua eredit\u00e0 scientifica \u2013 continua Grammatico \u2013 ci ricorda anche la responsabilit\u00e0 di governare l\u2019innovazione, garantendo che i progressi della genomica siano accompagnati da appropriatezza, equit\u00e0 di accesso e sostenibilit\u00e0\u201d.<\/p>\n<p>\u201cCraig \u00e8 stato un visionario che ha trasformato la biologia\u201d, commenta <strong>Joseph Novelli<\/strong>. \u201cNegli anni \u201990, frustrato dalla lentezza del progetto pubblico, fond\u00f2 Celera Genomics e lanci\u00f2 una sfida privata per decodificare il genoma umano prima e meglio. Utilizzando l\u2019audace tecnica dello \u2018shotgun\u2019, acceler\u00f2 notevolmente la ricerca, culminata nel 2000 con l\u2019annuncio della prima bozza del genoma umano\u201d.<\/p>\n<p>\u201cNel 2010, annunci\u00f2 la creazione del primo batterio con un genoma completamente sintetizzato in <img loading=\"lazy\" decoding=\"async\" class=\"wp-image-87630 alignleft\" src=\"https:\/\/www.fedaiisf.it\/wp-content\/uploads\/2026\/05\/Venter.png\" alt=\"\" width=\"284\" height=\"292\" \/>laboratorio, aprendo nuove frontiere scientifiche ma anche sollevando profonde questioni bioetiche. Pi\u00f9 recentemente \u2013 prosegue Novelli \u2013 il suo gruppo ha dimostrato la possibilit\u00e0 di \u2018riattivare\u2019 cellule batteriche inserendo genomi sintetici, aprendo la strada a nuove applicazioni biomediche e industriali\u201d.<\/p>\n<p>Oltre alle rivoluzioni in laboratorio, Venter ha promosso la scoperta scientifica su scala globale, contribuendo alla nascita della metagenomica ambientale. Sequenziando direttamente il materiale genetico degli ecosistemi, ha rivelato che gli oceani brulicano di milioni di geni sconosciuti.<\/p>\n<p>La sua eredit\u00e0, conclude, \u00e8 quella di aver trasformato la biologia, portandola da una disciplina focalizzata sui singoli geni all\u2019era dei big data genetici e della biologia sintetica, in cui i genomi possono essere progettati e costruiti.<\/p>\n<hr \/>\n<p><strong>Joseph Novelli<\/strong> \u00e8 un biologo e genetista italiano di spicco, tra i principali esperti di genetica medica nel panorama nazionale. Professore ordinario di Genetica Medica, ha ricoperto il ruolo di Rettore dell\u2019Universit\u00e0 di Roma Tor Vergata dal 2013 al 2019. Dirige attivit\u00e0 di ricerca e clinica nel campo delle malattie genetiche e rare, con particolare attenzione alla genomica e alla medicina personalizzata. \u00c8 autore di numerose pubblicazioni scientifiche internazionali e ha contribuito allo sviluppo della genetica medica in Italia anche attraverso incarichi istituzionali e collaborazioni con enti di ricerca e sanit\u00e0 pubblica.<\/p>\n<p><strong>Paola Grammatico<\/strong> \u00e8 una biologa genetista e Professore Ordinario di Genetica Medica presso La Sapienza <img loading=\"lazy\" decoding=\"async\" class=\"wp-image-87631 alignright\" src=\"https:\/\/www.fedaiisf.it\/wp-content\/uploads\/2026\/05\/Grammatico.png\" alt=\"\" width=\"190\" height=\"182\" srcset=\"https:\/\/www.fedaiisf.it\/wp-content\/uploads\/2026\/05\/Grammatico.png 432w, https:\/\/www.fedaiisf.it\/wp-content\/uploads\/2026\/05\/Grammatico-300x288.png 300w, https:\/\/www.fedaiisf.it\/wp-content\/uploads\/2026\/05\/Grammatico-13x12.png 13w\" sizes=\"auto, (max-width: 190px) 100vw, 190px\" \/>Universit\u00e0 di Roma. \u00c8 Presidente della Societ\u00e0 Italiana di Genetica Umana per il triennio 2025\u20132028. Svolge attivit\u00e0 diagnostica e di ricerca nell\u2019ambito delle malattie genetiche e rare. \u00c8 autrice di numerose pubblicazioni scientifiche e partecipa attivamente a gruppi di lavoro nazionali e internazionali sui temi della genetica medica e della medicina personalizzata.<\/p>\n<p><strong><span class=\"Apple-converted-space\">\u00a0<\/span>La Societ\u00e0 Italiana di Genetica Umana (SIGU)<\/strong>, nata nel 1997 dalla fusione tra l\u2019Associazione Italiana di Genetica Medica e l\u2019Associazione Italiana di Citogenetica Medica, si pone come punto di riferimento per le questioni scientifiche e sanitarie legate alla Genetica Umana in tutte le sue applicazioni per l\u2019uomo.<span class=\"Apple-converted-space\">\u00a0 <\/span>Con oltre 1.000 genetisti medici e biologi e 17 sezioni regionali, SIGU collabora con chiunque in Italia sia interessato alla ricerca e agli approfondimenti in ambito di Genetica Medica e Umana.<span class=\"Apple-converted-space\">\u00a0 <\/span>Gli obiettivi principali sono: definire criteri di qualit\u00e0 per i laboratori di Genetica Medica nelle strutture sanitarie pubbliche e private; contribuire alla stesura di linee guida per la ricerca in Genetica Umana; e promuovere la consapevolezza pubblica sulle funzioni, le potenzialit\u00e0 e i limiti delle tecniche diagnostiche di Genetica Umana.<span class=\"Apple-converted-space\">\u00a0 <\/span>SIGU \u00e8 guidata da un Consiglio Direttivo, un Comitato Scientifico e un Comitato Editoriale, ed \u00e8 organizzata in Commissioni e diversi Gruppi di Lavoro, tra cui Citogenomica Genetica Prenatale e Riproduttiva, Genetica Clinica, Epigenetica, Genetica Oncologica, Genetica Forense, Scienza Omiche, Farmacogenomica, SIGU Sanit\u00e0, Specializzandi e Multifattoriali.<\/p>\n<p>UFFICIO STAMPA SIGU \u2013 SOCIET\u00c0 ITALIANA DI GENETICA UMANA<\/p>\n<p>&nbsp;<\/p>\n<p>&nbsp;<\/p>","protected":false},"excerpt":{"rendered":"<p>Riceviamo e pubblichiamo La SIGU ricorda J. Craig Venter, pioniere del sequenziamento del genoma umano Grammatico: \u201cUno dei protagonisti assoluti della genomica moderna ci ha lasciato\u201d. Novelli: \u201cLa sua scomparsa segna la fine di un\u2019era nella ricerca scientifica\u201d. Roma, 30 aprile 2026 \u2013 La Societ\u00e0 Italiana di Genetica Umana (SIGU) esprime profondo cordoglio per la &hellip;<\/p>","protected":false},"author":4,"featured_media":87633,"comment_status":"closed","ping_status":"closed","sticky":false,"template":"","format":"standard","meta":{"footnotes":""},"categories":[1],"tags":[116],"class_list":["post-87623","post","type-post","status-publish","format-standard","has-post-thumbnail","hentry","category-notizie","tag-scienze"],"amp_enabled":true,"_links":{"self":[{"href":"https:\/\/www.fedaiisf.it\/en\/wp-json\/wp\/v2\/posts\/87623","targetHints":{"allow":["GET"]}}],"collection":[{"href":"https:\/\/www.fedaiisf.it\/en\/wp-json\/wp\/v2\/posts"}],"about":[{"href":"https:\/\/www.fedaiisf.it\/en\/wp-json\/wp\/v2\/types\/post"}],"author":[{"embeddable":true,"href":"https:\/\/www.fedaiisf.it\/en\/wp-json\/wp\/v2\/users\/4"}],"replies":[{"embeddable":true,"href":"https:\/\/www.fedaiisf.it\/en\/wp-json\/wp\/v2\/comments?post=87623"}],"version-history":[{"count":5,"href":"https:\/\/www.fedaiisf.it\/en\/wp-json\/wp\/v2\/posts\/87623\/revisions"}],"predecessor-version":[{"id":87632,"href":"https:\/\/www.fedaiisf.it\/en\/wp-json\/wp\/v2\/posts\/87623\/revisions\/87632"}],"wp:featuredmedia":[{"embeddable":true,"href":"https:\/\/www.fedaiisf.it\/en\/wp-json\/wp\/v2\/media\/87633"}],"wp:attachment":[{"href":"https:\/\/www.fedaiisf.it\/en\/wp-json\/wp\/v2\/media?parent=87623"}],"wp:term":[{"taxonomy":"category","embeddable":true,"href":"https:\/\/www.fedaiisf.it\/en\/wp-json\/wp\/v2\/categories?post=87623"},{"taxonomy":"post_tag","embeddable":true,"href":"https:\/\/www.fedaiisf.it\/en\/wp-json\/wp\/v2\/tags?post=87623"}],"curies":[{"name":"wp","href":"https:\/\/api.w.org\/{rel}","templated":true}]}}