{"id":8819,"date":"2015-03-13T15:38:26","date_gmt":"2015-03-13T14:38:26","guid":{"rendered":"http:\/\/www.fedaiisf.it\/?p=8819"},"modified":"2015-03-18T18:53:03","modified_gmt":"2015-03-18T17:53:03","slug":"terni-ucciso-piazza-con-bottiglia-rotta-informatore-scientifico","status":"publish","type":"post","link":"https:\/\/www.fedaiisf.it\/en\/terni-ucciso-piazza-con-bottiglia-rotta-informatore-scientifico\/","title":{"rendered":"Terni, Scientific Informant killed in the square with a broken bottle."},"content":{"rendered":"<h1>Terni, ucciso in piazza con bottiglia rotta. Arrestato aggressore: \u201cHa colpito a caso\u201d<\/h1>\n<p>La vittima \u00e8 David Raggi, 27 anni,\u00a0giovane ternano, informatore farmaceutico e in passato impegnato con il 118.<\/p>\n<p><a href=\"http:\/\/www.ilfattoquotidiano.it\/2015\/03\/13\/terni-ucciso-in-piazza-bottiglia-rotta-arrestato-laggressore-colpito-caso\/1501784\/\" target=\"_blank\" rel=\"noopener\">di\u00a0F. Q.\u00a0| 13 marzo 2015 | Il Fatto Quotidiano<\/a><\/p>\n<p><img loading=\"lazy\" decoding=\"async\" class=\"alignleft\" src=\"http:\/\/st.ilfattoquotidiano.it\/wp-content\/uploads\/2015\/03\/terni-67515.jpg\" alt=\"Terni, ucciso in piazza con bottiglia rotta. Arrestato aggressore: \u201cHa colpito a caso\u201d\" width=\"472\" height=\"193\" \/>Ucciso\u00a0con un\u00a0colpo di bottiglia rotta\u00a0al collo mentre stava passando in una delle piazze del centro di\u00a0Terni: \u00e8 morto cos\u00ec nella notte un 27enne ternano,\u00a0David Raggi. Omicidio per il quale la polizia ha arrestato\u00a0un marocchino\u00a0di circa 30 anni, rintracciato poco distante dal luogo dell\u2019aggressione: era a dorso nudo e in stato di agitazione. L\u2019ipotesi che si fa strada tra gli investigatori \u00e8 che lo straniero abbia colpito a caso.<\/p>\n<p>Tutto si \u00e8 consumato nel giro di pochi attimi. In\u00a0piazza dell\u2019Olmo, nel cuore di Terni e dove si affacciano molti locali notturni. Il giovane stava passando davanti a uno di questi. Improvvisamente da uno degli esercizi \u00e8 uscito uno straniero che lo avrebbe colpito con il collo della bottiglia rotta: il nordafricano aveva appena dato in escandescenze <img loading=\"lazy\" decoding=\"async\" class=\"alignright\" src=\"http:\/\/www.leggo.it\/FotoGallery_IMG\/HIGH\/20150313_92939_david_raggi_sette.jpg\" alt=\"David Raggi sgozzato da un marocchino a Terni\" width=\"238\" height=\"313\" \/>in un bar per una birra. \u201cChe mi guardi? Che cosa vuoi?\u201d, ha detto lo straniero al giovane ternano, informatore farmaceutico e in passato impegnato con il 118. \u00a0Inutili i soccorsi al giovane che \u00e8 morto praticamente sul posto. Immediatamente sono scattate anche le indagini sull\u2019aggressione. Poco lontano dal locale, nella zona dei giardini pubblici della passeggiata, la polizia ha bloccato il presunto\u00a0aggressore.<\/p>\n<p>Quest\u2019ultimo era stato\u00a0espulso nel 2007: gli investigatori stanno ora ricostruendo come e quando sia tornato in Umbria. Gli agenti hanno sentito diversi testimoni. In particolare giovani che si trovavano nei locali o in strada in quel momento. Sul posto \u00e8 intervenuta anche la polizia scientifica per i rilievi. Elementi che messi insieme serviranno agli investigatori a ricostruire quanto successo e perch\u00e9. Sul posto si \u00e8 subito recato anche il questoreCarmine Belfiore: \u00e8 un \u201cbruttissimo episodio\u201d, ha detto. \u201cUn episodio estremamente brutto \u2013 ha ribadito -, ma nella disgrazia sembra che siamo riusciti a fermare il presunto aggressore. Stiamo cercando di ricostruire l\u2019accaduto\u201d.<\/p>\n<p>&nbsp;<\/p>\n<p>N.d.R.: ai familiari del giovane Collega vadano le nostre commosse condoglianze<\/p>","protected":false},"excerpt":{"rendered":"<p>Terni, ucciso in piazza con bottiglia rotta. Arrestato aggressore: \u201cHa colpito a caso\u201d La vittima \u00e8 David Raggi, 27 anni,\u00a0giovane ternano, informatore farmaceutico e in passato impegnato con il 118. di\u00a0F. Q.\u00a0| 13 marzo 2015 | Il Fatto Quotidiano Ucciso\u00a0con un\u00a0colpo di bottiglia rotta\u00a0al collo mentre stava passando in una delle piazze del centro di\u00a0Terni: &hellip;<\/p>","protected":false},"author":4,"featured_media":8823,"comment_status":"closed","ping_status":"closed","sticky":false,"template":"","format":"standard","meta":{"footnotes":""},"categories":[16],"tags":[23],"class_list":["post-8819","post","type-post","status-publish","format-standard","has-post-thumbnail","hentry","category-primo-piano","tag-informatore"],"amp_enabled":true,"_links":{"self":[{"href":"https:\/\/www.fedaiisf.it\/en\/wp-json\/wp\/v2\/posts\/8819","targetHints":{"allow":["GET"]}}],"collection":[{"href":"https:\/\/www.fedaiisf.it\/en\/wp-json\/wp\/v2\/posts"}],"about":[{"href":"https:\/\/www.fedaiisf.it\/en\/wp-json\/wp\/v2\/types\/post"}],"author":[{"embeddable":true,"href":"https:\/\/www.fedaiisf.it\/en\/wp-json\/wp\/v2\/users\/4"}],"replies":[{"embeddable":true,"href":"https:\/\/www.fedaiisf.it\/en\/wp-json\/wp\/v2\/comments?post=8819"}],"version-history":[{"count":0,"href":"https:\/\/www.fedaiisf.it\/en\/wp-json\/wp\/v2\/posts\/8819\/revisions"}],"wp:featuredmedia":[{"embeddable":true,"href":"https:\/\/www.fedaiisf.it\/en\/wp-json\/wp\/v2\/media\/8823"}],"wp:attachment":[{"href":"https:\/\/www.fedaiisf.it\/en\/wp-json\/wp\/v2\/media?parent=8819"}],"wp:term":[{"taxonomy":"category","embeddable":true,"href":"https:\/\/www.fedaiisf.it\/en\/wp-json\/wp\/v2\/categories?post=8819"},{"taxonomy":"post_tag","embeddable":true,"href":"https:\/\/www.fedaiisf.it\/en\/wp-json\/wp\/v2\/tags?post=8819"}],"curies":[{"name":"wp","href":"https:\/\/api.w.org\/{rel}","templated":true}]}}