{"id":913,"date":"2014-07-04T12:09:30","date_gmt":"2014-07-04T10:09:30","guid":{"rendered":"http:\/\/www.fedaiisf.it\/?p=913"},"modified":"2014-07-20T11:32:38","modified_gmt":"2014-07-20T09:32:38","slug":"tempi-duri-per-big-pharma","status":"publish","type":"post","link":"https:\/\/www.fedaiisf.it\/en\/tempi-duri-per-big-pharma\/","title":{"rendered":"Hard times for Big Pharma?"},"content":{"rendered":"<p><i>\u00c8 presumibile che l&#8217;attivit\u00e0 di lobby dei colossi del farmaco si sia gi\u00e0 fatta ampiamente sentire dal momento che all&#8217;interno del Patto sono state inserite delle &#8220;carezze&#8221;<\/i><\/p>\n<p>Pubblicato:\u00a003\/07\/2014 \u00a0L\u2019HUFFINGTON POST<\/p>\n<p>Questa potrebbe essere la &#8220;settimana decisiva&#8221; per vedere approvato il testo definitivo del Patto della Salute 2014-2016 (ricordo che la\u00a0<span style=\"color: #0000ff;\"><a href=\"http:\/\/www.quotidianosanita.it\/governo-e-parlamento\/articolo.php?articolo_id=19285\" target=\"_hplink\" rel=\"noopener\"><span style=\"color: #0000ff;\">prima ipotesi indicata dal Ministro della Salute Beatrice Lorenzin era per il giorno di San Valentino<\/span><\/a>).<\/span><\/p>\n<p>Come normale che sia, dalle prime indiscrezioni, una parte di esso \u00e8 dedicato alla farmaceutica. In particolare,<span style=\"color: #0000ff;\">\u00a0<a href=\"http:\/\/www.sanita.ilsole24ore.com\/art\/dal-governo\/2014-07-01\/patto-salute-cosi-cambiano-213336.php?uuid=AbS4rxyJ\" target=\"_hplink\" rel=\"noopener\"><span style=\"color: #0000ff;\">nell&#8217;articolo su ilsole24ore<\/span><\/a><\/span>\u00a0si legge che \u00e8 previsto &#8220;<i>un nuovo Prontuario dei farmaci rimborsati dallo Stato creato in base al loro costo\/beneficio e alla loro reale efficacia, ma anche con prezzi di riferimento per categorie terapeutiche omogenee. Contestualit\u00e0 tra immissione in commercio dei medicinali e decisione della rimborsabilit\u00e0 pubblica. Basta far west regionali sull&#8217;equivalenza terapeutica. E insieme tavoli di monitoraggio permanenti e stringenti valutazioni di Hta (Health technology assesment) sia per i farmaci che per i dispositivi medici, per i quali ci saranno presto appositi Osservatori regionali con tanto di budget annuali dei consumi ben definiti per Asl e ospedali<\/i>&#8220;.<\/p>\n<p>Auguriamoci, dunque, che con queste nuove indicazioni tutte le regioni riescano a rispondere alle reali esigenze dei pazienti, rispettando i tetti di spesa fissati sia per la spesa farmaceutica territoriale (11,35%) che per quella ospedaliera (3,5%), in quanto anche i dati del primo trimestre del 2014 (<span style=\"color: #0000ff;\"><a href=\"http:\/\/www.federfarma.it\/Spesa-e-consumi-farmaceutici-SSN.aspx\" target=\"_hplink\" rel=\"noopener\"><span style=\"color: #0000ff;\">vedi Rapporto AIFA<\/span><\/a><\/span>) denotano non poche incongruenze tra i vari enti con una difficolt\u00e0 diffusa nell&#8217;ambito ospedaliero.<\/p>\n<p>Certo, osservando i dati provenienti dal\u00a0<span style=\"color: #0000ff;\"><a href=\"http:\/\/www.sanita.ilsole24ore.com\/art\/in-europa-e-dal-mondo\/2014-06-30\/farmaceutica-ritmi-crescita-anno-135721.php?uuid=AbBb1WyJ\" target=\"_hplink\" rel=\"noopener\"><span style=\"color: #0000ff;\">World Preview 2014 di EvaluatePharma<\/span><\/a><\/span>, non sembra che gli obiettivi del Patto, almeno quelli di carattere finanziario, siano cos\u00ec semplici da raggiungere. Il documento, infatti, rivede al rialzo le vendite a livello mondiale di Big Pharma con addirittura una rivisitazione del tasso di crescita che passa dal 3,8% al 5,1% per i prossimi anni, superando la mirabolante cifra di 1.000 miliardi di dollari (ricordo che l&#8217;Italia \u00e8 tra i primi cinque paesi europei per spesa farmaceutica). Insomma, se qualcuno pensa che per l&#8217;industria delle &#8220;<i>drugs<\/i>&#8221; siano arrivati tempi duri forse ha fatto i conti senza l&#8217;oste.<\/p>\n<p>Non solo, \u00e8 presumibile che l&#8217;attivit\u00e0 di lobby dei colossi del farmaco si sia gi\u00e0 fatta ampiamente sentire dal momento che all&#8217;interno del Patto sono state inserite delle &#8220;<i>carezze<\/i>&#8220;, come le ha definite ironicamente\u00a0<span style=\"color: #0000ff;\"><a href=\"http:\/\/www.sanita.ilsole24ore.com\/art\/dal-governo\/2014-07-01\/patto-salute-cosi-cambiano-213336.php?uuid=AbS4rxyJ\" target=\"_hplink\" rel=\"noopener\"><span style=\"color: #0000ff;\">Roberto Turno nel sul articolo<\/span><\/a><\/span>, che ribadiscono &#8220;<i>l&#8217;importanza del mondo imprenditoriale del settore<\/i>&#8221; nonch\u00e9 il suo ruolo &#8220;<i>fondamentale per le strategie del Paese<\/i>&#8220;.<\/p>\n<p>Domani \u00e8 prevista la conferenza straordinaria per l&#8217;ultimo esame del Patto e poi, finalmente, speriamo di poter leggere il testo nella sua interezza e valutarne con attenzione i contenuti.<\/p>\n<p>&nbsp;<\/p>\n<p>&nbsp;<\/p>\n<p>&nbsp;<\/p>\n<p>&nbsp;<\/p>\n<p>TO<\/p>","protected":false},"excerpt":{"rendered":"<p>\u00c8 presumibile che l&#8217;attivit\u00e0 di lobby dei colossi del farmaco si sia gi\u00e0 fatta ampiamente sentire dal momento che all&#8217;interno del Patto sono state inserite delle &#8220;carezze&#8221; Pubblicato:\u00a003\/07\/2014 \u00a0L\u2019HUFFINGTON POST Questa potrebbe essere la &#8220;settimana decisiva&#8221; per vedere approvato il testo definitivo del Patto della Salute 2014-2016 (ricordo che la\u00a0prima ipotesi indicata dal Ministro della &hellip;<\/p>","protected":false},"author":4,"featured_media":915,"comment_status":"closed","ping_status":"closed","sticky":false,"template":"","format":"standard","meta":{"footnotes":""},"categories":[1],"tags":[47],"class_list":["post-913","post","type-post","status-publish","format-standard","has-post-thumbnail","hentry","category-notizie","tag-big-pharma"],"amp_enabled":true,"_links":{"self":[{"href":"https:\/\/www.fedaiisf.it\/en\/wp-json\/wp\/v2\/posts\/913","targetHints":{"allow":["GET"]}}],"collection":[{"href":"https:\/\/www.fedaiisf.it\/en\/wp-json\/wp\/v2\/posts"}],"about":[{"href":"https:\/\/www.fedaiisf.it\/en\/wp-json\/wp\/v2\/types\/post"}],"author":[{"embeddable":true,"href":"https:\/\/www.fedaiisf.it\/en\/wp-json\/wp\/v2\/users\/4"}],"replies":[{"embeddable":true,"href":"https:\/\/www.fedaiisf.it\/en\/wp-json\/wp\/v2\/comments?post=913"}],"version-history":[{"count":0,"href":"https:\/\/www.fedaiisf.it\/en\/wp-json\/wp\/v2\/posts\/913\/revisions"}],"wp:featuredmedia":[{"embeddable":true,"href":"https:\/\/www.fedaiisf.it\/en\/wp-json\/wp\/v2\/media\/915"}],"wp:attachment":[{"href":"https:\/\/www.fedaiisf.it\/en\/wp-json\/wp\/v2\/media?parent=913"}],"wp:term":[{"taxonomy":"category","embeddable":true,"href":"https:\/\/www.fedaiisf.it\/en\/wp-json\/wp\/v2\/categories?post=913"},{"taxonomy":"post_tag","embeddable":true,"href":"https:\/\/www.fedaiisf.it\/en\/wp-json\/wp\/v2\/tags?post=913"}],"curies":[{"name":"wp","href":"https:\/\/api.w.org\/{rel}","templated":true}]}}