{"id":916,"date":"2014-07-04T12:14:17","date_gmt":"2014-07-04T10:14:17","guid":{"rendered":"http:\/\/www.fedaiisf.it\/?p=916"},"modified":"2014-07-04T12:15:25","modified_gmt":"2014-07-04T10:15:25","slug":"farmindustria-investiremo-15-mld-euro-per-2-000-posti-lavoro","status":"publish","type":"post","link":"https:\/\/www.fedaiisf.it\/en\/farmindustria-investiremo-15-mld-euro-per-2-000-posti-lavoro\/","title":{"rendered":"Farmindustria, we will invest 1.5 billion euros for 2,000 jobs"},"content":{"rendered":"<p><b><i>L\u2019annuncio ribadito all\u2019assemblea pubblica 2014. UGL: non dimentichiamo gli oltre 10.000 ISF lasciati a casa negli ultimi 5 anni.<\/i><\/b><\/p>\n<p>Le imprese del farmaco sono pronte a investire almeno un miliardo e mezzo di euro nei prossimi 3 anni, di cui 470 milioni gi\u00e0 dichiarati. E a creare 2.000 nuove opportunit\u00e0 di lavoro per i giovani.<\/p>\n<p>Un&#8217;inversione di tendenza positiva per l&#8217;economia italiana annunciata a Roma da Farmindustria nel corso dell&#8217;Assemblea pubblica 2014. &#8220;\u00c8 appena iniziato il semestre di presidenza italiano in Europa &#8211; ricorda Massimo Scaccabarozzi, presidente Farmindustria &#8211; un&#8217;ottima occasione per dimostrare quanto vale l&#8217;Italia e quanto valgono le industrie.<\/p>\n<p>Le imprese del farmaco, consapevoli della loro eccellenza a livello internazionale, sono pronte a raccogliere la sfida. Oggi &#8211; afferma &#8211; ci sono le condizioni per ricreare lavoro. Servono per\u00f2 stabilit\u00e0 del quadro normativo e certezza delle regole.<\/p>\n<p>Il premier Matteo Renzi, il ministro della Salute Beatrice Lorenzin e i Governatori di Lombardia e Lazio, Roberto Maroni e Nicola Zingaretti, hanno dimostrato ripetutamente di credere nel settore e di considerarlo un importante asset industriale ad alta tecnologia&#8221;. Ma &#8220;l&#8217;Italia ha necessit\u00e0 di una governance farmaceutica pi\u00f9 efficiente, cos\u00ec come \u00e8 opportuno semplificare la burocrazia e sviluppare un contesto pi\u00f9 attrattivo per l&#8217;innovazione, cuore pulsante dell&#8217;attivit\u00e0 delle imprese e impegno verso i pazienti&#8221;.<\/p>\n<p>Le aziende farmaceutiche vogliono dunque costruire il futuro senza il continuo timore di ostacoli o blocchi, evidenzia Farmindustria, secondo cui bisogna per\u00f2 velocizzare le procedure burocratiche riferite ai nuovi investimenti; accelerare l&#8217;accesso all&#8217;innovazione frenato da troppi vincoli nazionali e regionali; aiutare le imprese a utilizzare i Fondi europei per produzione e R&amp;S; individuare sistemi premiali per i prodotti che contribuiscono agli investimenti; rendere pi\u00f9 veloci le ispezioni ai siti produttivi.<\/p>\n<p>Interventi da accompagnare, secondo le industrie, a una revisione del Titolo V della Costituzione, per riportare &#8216;al centro&#8217; \u2013 e quindi al ministero della Salute e all&#8217;Aifa \u2013 la politica farmaceutica oggi suddivisa in 21 realt\u00e0 territoriali. Con pesanti conseguenze per i pazienti che sperimentano sulla pelle la prova tragica della &#8216;lotteria della nascita&#8217;, per cui chi vive in una Regione pu\u00f2 contare su elevati livelli di assistenza, mentre chi risiede in un&#8217;altra \u00e8 costretto a migrare altrove per ottenere la terapia innovativa, incalza Farmindustria.<\/p>\n<p>Si genera cos\u00ec un pesante &#8216;spread sociale&#8217;: un farmaco innovativo, che arriva in Italia con 12-15 mesi di ritardo pu\u00f2 essere disponibile nelle singole regioni con differenze di tempo rilevanti. E dopo almeno 350 giorni rispetto alla Germania.<\/p>\n<p><i>4 luglio \u201914 \u2013 <\/i>Pharma<i>Kronosa<\/i><\/p>\n<p><b><img loading=\"lazy\" decoding=\"async\" class=\"alignleft\" alt=\"\" src=\"http:\/\/www.uglchimici.it\/Public\/Images\/News\/tmbnl_grandeUlgiati%20-%20Scaccabarozzi2.jpg\" width=\"300\" height=\"275\" \/>\u00a0<span style=\"color: #ff0000;\">UGL, NON DIMENTICARE ISF<\/span><\/b><\/p>\n<p>&#8220;Ben vengano gli investimenti da 1,5 miliardi di euro nel prossimo triennio e i 2.000 nuovi posti di lavoro annunciati dal presidente Scaccabarozzi, ma non dimentichiamo che, a fronte delle oltre 10.000 persone lasciate a casa negli ultimi 5 anni, con picchi drammatici nel settore dell&#8217;informazione scientifica, queste cifre possono rappresentare solo un nuovo punto di partenza, non di arrivo&#8221;.<\/p>\n<p>Lo ha <a href=\"http:\/\/www.uglchimici.it\/WebUI\/Main\/Main.aspx\" target=\"_blank\" rel=\"noopener\">declared<\/a> il segretario nazionale dell&#8217;Ugl Chimici, Luigi Ulgiati, a margine dell&#8217;assemblea annuale di Farmindustria. &#8220;Con questa consapevolezza \u2013 aggiunge il sindacalista \u2013 siamo pronti a fare la nostra parte per creare le condizioni pi\u00f9 favorevoli alla ripresa, in linea con quel sistema di relazioni industriali solido, partecipativo e collaborativo che contraddistingue il settore, come ha ricordato anche il presidente di Farmindustria nella sua relazione, e che ci ha consentito di sviluppare un sistema di welfare all\u2019avanguardia, garantendo alle lavoratrici e ai lavoratori un supporto essenziale, soprattutto in questo particolare periodo di difficolt\u00e0 economiche per le famiglie italiane&#8221;.<\/p>\n<p><i>4 luglio \u201914 \u2013 <\/i>Pharma<i>Kronos<\/i><\/p>\n<p>&nbsp;<\/p>\n<p>&nbsp;<\/p>\n<p>&nbsp;<\/p>\n<p>TO<\/p>","protected":false},"excerpt":{"rendered":"<p>L\u2019annuncio ribadito all\u2019assemblea pubblica 2014. UGL: non dimentichiamo gli oltre 10.000 ISF lasciati a casa negli ultimi 5 anni. Le imprese del farmaco sono pronte a investire almeno un miliardo e mezzo di euro nei prossimi 3 anni, di cui 470 milioni gi\u00e0 dichiarati. E a creare 2.000 nuove opportunit\u00e0 di lavoro per i giovani. &hellip;<\/p>","protected":false},"author":4,"featured_media":919,"comment_status":"closed","ping_status":"closed","sticky":false,"template":"","format":"standard","meta":{"footnotes":""},"categories":[16],"tags":[21,27],"class_list":["post-916","post","type-post","status-publish","format-standard","has-post-thumbnail","hentry","category-primo-piano","tag-informatori-scientifici","tag-licenziati"],"amp_enabled":true,"_links":{"self":[{"href":"https:\/\/www.fedaiisf.it\/en\/wp-json\/wp\/v2\/posts\/916","targetHints":{"allow":["GET"]}}],"collection":[{"href":"https:\/\/www.fedaiisf.it\/en\/wp-json\/wp\/v2\/posts"}],"about":[{"href":"https:\/\/www.fedaiisf.it\/en\/wp-json\/wp\/v2\/types\/post"}],"author":[{"embeddable":true,"href":"https:\/\/www.fedaiisf.it\/en\/wp-json\/wp\/v2\/users\/4"}],"replies":[{"embeddable":true,"href":"https:\/\/www.fedaiisf.it\/en\/wp-json\/wp\/v2\/comments?post=916"}],"version-history":[{"count":0,"href":"https:\/\/www.fedaiisf.it\/en\/wp-json\/wp\/v2\/posts\/916\/revisions"}],"wp:featuredmedia":[{"embeddable":true,"href":"https:\/\/www.fedaiisf.it\/en\/wp-json\/wp\/v2\/media\/919"}],"wp:attachment":[{"href":"https:\/\/www.fedaiisf.it\/en\/wp-json\/wp\/v2\/media?parent=916"}],"wp:term":[{"taxonomy":"category","embeddable":true,"href":"https:\/\/www.fedaiisf.it\/en\/wp-json\/wp\/v2\/categories?post=916"},{"taxonomy":"post_tag","embeddable":true,"href":"https:\/\/www.fedaiisf.it\/en\/wp-json\/wp\/v2\/tags?post=916"}],"curies":[{"name":"wp","href":"https:\/\/api.w.org\/{rel}","templated":true}]}}