{"id":9218,"date":"2015-03-25T11:26:56","date_gmt":"2015-03-25T10:26:56","guid":{"rendered":"http:\/\/www.fedaiisf.it\/?p=9218"},"modified":"2015-03-25T11:26:56","modified_gmt":"2015-03-25T10:26:56","slug":"farmacisti-nei-corner-gdo-cgil-con-contratto-commercio-e-stipendio-piu-basso","status":"publish","type":"post","link":"https:\/\/www.fedaiisf.it\/en\/farmacisti-nei-corner-gdo-cgil-con-contratto-commercio-e-stipendio-piu-basso\/","title":{"rendered":"Pharmacists in large-scale distribution corners. CGIL: with trade contract and lower salary"},"content":{"rendered":"<p><img decoding=\"async\" class=\"alignleft\" src=\"https:\/\/encrypted-tbn0.gstatic.com\/images?q=tbn:ANd9GcQuc6wI0ZWWBhD0u502g_gW4QcT3NVxp_8HJCisKDmAjNE6YFe7TQ\" alt=\"\" \/>Una figura professionale &#8211; inquadrata nella maggior parte dei casi con il contratto commercio o della cooperazione &#8211; che non \u00e8 contemplata, con la conseguenza che non sempre si riesce a ottenere un&#8217;equiparazione economica con il contratto delle farmacie private, un rinnovo fermo, una difficolt\u00e0 a far valere le proprie rivendicazioni legata al fatto che la negoziazione avviene con tutti gli altri lavoratori della Gdo, e soprattutto un riconoscimento di una professionalit\u00e0 che si fa fatica ad affermare.<\/p>\n<p>Sono queste alcune delle problematiche che emergono per i farmacisti che lavorano nei corner della Gdo: a fare il punto\u00a0<strong>Antonella Protopapa<\/strong>, Filcams Cgil Lombardia, che spiega: \u00abNella stragrande maggioranza i farmacisti che lavorano nei corner della Gdo hanno il contratto del commercio o, per quanto riguarda la Coop, della cooperazione. Il problema \u00e8 che all&#8217;interno di questi contratti la figura del farmacista non \u00e8 contemplata. Con la conseguenza che la declaratoria nulla ha a che vedere con la professionalit\u00e0 e la reale mansione di tali figure\u00bb.<\/p>\n<p>Idem per il livello: \u00abal farmacista viene dato un livello in maniera arbitraria. Di solito \u00e8 un terzo o un quarto ma poich\u00e9 questo non raggiunge la paga base prevista nel contratto delle farmacie private in alcuni casi viene previsto un super minimo tale da compensare la cifra\u00bb. Ma quando il super minimo non viene dato \u00abviene meno l&#8217;equiparazione da un punto di vista economico con il contratto delle farmacie private\u00bb. Sul fronte negoziale \u00absiamo alla ricerca di un adeguato livello di inquadramento\u00bb.<\/p>\n<p><img loading=\"lazy\" decoding=\"async\" class=\"alignright\" src=\"http:\/\/www.ecosangabriele.com\/eco\/wp-content\/uploads\/2014\/03\/Farmacia-Supermercato4.jpg\" alt=\"\" width=\"320\" height=\"240\" \/>Ma va segnalata una difficolt\u00e0: \u00abNelle varie piattaforme che abbiamo presentato, anche in passato, abbiamo chiesto di prevedere la figura del farmacista. Ma il problema \u00e8 che la platea di lavoratori che afferiscono alla Gdo \u00e8 ampia e le rivendicazioni finiscono per essere estremamente articolate, dovendo prevedere varie casistiche. Mentre le richieste che possiamo avanzare scontano il fatto di riferirsi a piccoli numeri\u00bb. E la situazione attuale \u00e8 che anche \u00abnel commercio e nella cooperazione i rinnovi sono fermi\u00bb.<\/p>\n<p>C&#8217;\u00e8 poi una considerazione da fare: \u00abScontiamo anche un ragionamento che in alcuni casi fa la Gdo: l&#8217;attribuzione di maggiori responsabilit\u00e0 al farmacista delle farmacie private perch\u00e9 questi gestisce anche la ricetta. Un ragionamento che rischia di penalizzarci e che non ha ragion d&#8217;essere: \u00e8 ormai un passaggio riconosciuto che laddove c&#8217;\u00e8 erogazione di farmaco, ci deve essere la figura professionale del farmacista, che ha verso il paziente una serie di responsabilit\u00e0, quale che sia il farmaco erogato, e che la garanzia della salute dei cittadini passa anche per il farmacista. I professionisti sono tali a prescindere dal tipo di farmaco trattato nel presidio\u00bb.<\/p>\n<p><img loading=\"lazy\" decoding=\"async\" class=\"alignleft\" src=\"http:\/\/www.cosmesidoc.it\/wp-content\/uploads\/2013\/12\/dove_comprare_un_cosmetico.jpg\" alt=\"\" width=\"258\" height=\"167\" \/>E proprio sulla professionalit\u00e0 ci sono altre considerazioni da fare: \u00abcon le lenzuolate di Bersani sono nate grandi speranze: tanti professionisti hanno visto una sorta di riscatto, di possibilit\u00e0 di accesso alla professione, pur in una modalit\u00e0 differente, ma questo non \u00e8 stato, e uno dei punti che cerchiamo di portare avanti \u00e8 proprio quello di arrivare a un riconoscimento della nostra professionalit\u00e0\u00bb.<\/p>\n<p>Anche se va rilevato \u00abche in generale ci sono una serie di problematiche, nelle condizioni di lavoro e di frustrazione sul piano professionale, che accomunano tutti i farmacisti, quale che sia il datore di lavoro. Al riguardo ho coniato un termine: siamo professionisti per caso\u00bb. Per quanto riguarda la presenza di lavoratori atipici, \u00abogni situazione \u00e8 a s\u00e9, ma se prendiamo la Gdo, di norma quello che si pu\u00f2 notare \u00e8 che viene applicata al farmacista la politica, l&#8217;idea di mercato di lavoro, che viene applicata agli altri lavoratori. Laddove c&#8217;\u00e8 un&#8217;alta presenza di personale assunto, la situazione non \u00e8 differente per i farmacisti. E viceversa\u00bb.<\/p>\n<p><span style=\"color: #0000ff;\"><a style=\"color: #0000ff;\" href=\"http:\/\/www.farmacista33.it\/farmacisti-nei-corner-gdo-cgil-con-contratto-commercio-e-stipendio-piu-basso-\/politica-e-sanita\/news--30925.html?xrtd=XSTVVXXARVLLCVTTYRVTPAS\" target=\"_blank\" rel=\"noopener\">Francesca Giani &#8211; Mercoled\u00ec, 25 Marzo 2015 \u2013 Farmacista33<\/a><\/span><\/p>\n<h2><span style=\"color: #ff0000;\">Parafarmacie, sui servizi si punta a modelli nazionali<\/span><\/h2>\n<p>T<img loading=\"lazy\" decoding=\"async\" class=\"alignright\" src=\"http:\/\/i0.wp.com\/quellichelafarmacia.com\/files\/2013\/04\/davide3.jpg?resize=622%2C415\" alt=\"\" width=\"280\" height=\"187\" \/>ante sono le iniziative di servizi che le parafarmacie mettono a disposizione dei cittadini a livello locale, ma l&#8217;indirizzo che si sta cercando di dare a livello nazionale \u00e8 di puntare sulla definizione di modelli di servizi, schemi di accordo, convenzioni che possano essere estesi a tutto il territorio in modo anche da offrire una maggiore omogeneit\u00e0 e un&#8217;immagine comune.<\/p>\n<p>Lo spunto arriva dall&#8217;indagine #Professionefarmacista &#8211; condotta via web da Edra-Lswr su circa 1.500 farmacisti territoriali e 500 ospedalieri, che verr\u00e0 presentata a FarmacistaPi\u00f9, dall&#8217;8 al 10 maggio, a Fieramilano City &#8211; che ha messo in luce come autoanalisi e prevenzione e counselling la fanno da padroni tra i servizi messi a disposizione nelle farmacie ed \u00e8 stata occasione per andare a fare un punto sulla situazione nelle parafarmacie. \u00abIniziative di servizi ai cittadini ce ne sono molte attivate sia nelle singole parafarmacie o a livello locale\u00bb spiega<strong>\u00a0<\/strong><strong>David Gullotta<\/strong>, presidente Fnpi, \u00abma uno sforzo che stiamo cercando di fare \u00e8 di attivare convenzioni e proporre modelli che possano essere ripresi a livello nazionale\u00bb.<\/p>\n<p>E tra i servizi offerti \u00aba breve chiuderemo l&#8217;accordo a livello nazionale con un&#8217;associazione per mettere a disposizione dei cittadini anche tramite le parafarmacie personale infermieristico, badanti, e personale specializzato in genere, certificato e qualificato. Il servizio \u00e8 gi\u00e0 attivo in alcune province. In generale nelle parafarmacie si trovano servizi come autoanalisi di primo livello ma anche un&#8217;attivit\u00e0 legata alla prevenzione e al counselling, e poi iniziative di tipo sociosanitario, come per esempio quella con Salvamamme per il sostegno a donne vittime di violenza. Poi ci sono quelli di tipo amministrativo come il Cup: \u00e8 recente l&#8217;accordo in Emilia Romagna con l&#8217;Asl di Vasta Romagna. Un accordo che abbiamo cercato di definire proprio pensando a una possibile estensione non solo a livello regionale ma anche nazionale\u00bb.<\/p>\n<p><span style=\"color: #0000ff;\"><a style=\"color: #0000ff;\" href=\"http:\/\/www.farmacista33.it\/parafarmacie-sui-servizi-si-punta-a-modelli-nazionali\/politica-e-sanita\/news--30927.html?xrtd=XSTVVXXARVLLCVTTYRVTPAS\" target=\"_blank\" rel=\"noopener\">Francesca Giani &#8211; Mercoled\u00ec, 25 Marzo 2015 \u2013 Farmacista33<\/a><\/span><\/p>","protected":false},"excerpt":{"rendered":"<p>Una figura professionale &#8211; inquadrata nella maggior parte dei casi con il contratto commercio o della cooperazione &#8211; che non \u00e8 contemplata, con la conseguenza che non sempre si riesce a ottenere un&#8217;equiparazione economica con il contratto delle farmacie private, un rinnovo fermo, una difficolt\u00e0 a far valere le proprie rivendicazioni legata al fatto che &hellip;<\/p>","protected":false},"author":4,"featured_media":4776,"comment_status":"closed","ping_status":"closed","sticky":false,"template":"","format":"standard","meta":{"footnotes":""},"categories":[1],"tags":[29],"class_list":["post-9218","post","type-post","status-publish","format-standard","has-post-thumbnail","hentry","category-notizie","tag-prezzo-farmaci"],"amp_enabled":true,"_links":{"self":[{"href":"https:\/\/www.fedaiisf.it\/en\/wp-json\/wp\/v2\/posts\/9218","targetHints":{"allow":["GET"]}}],"collection":[{"href":"https:\/\/www.fedaiisf.it\/en\/wp-json\/wp\/v2\/posts"}],"about":[{"href":"https:\/\/www.fedaiisf.it\/en\/wp-json\/wp\/v2\/types\/post"}],"author":[{"embeddable":true,"href":"https:\/\/www.fedaiisf.it\/en\/wp-json\/wp\/v2\/users\/4"}],"replies":[{"embeddable":true,"href":"https:\/\/www.fedaiisf.it\/en\/wp-json\/wp\/v2\/comments?post=9218"}],"version-history":[{"count":0,"href":"https:\/\/www.fedaiisf.it\/en\/wp-json\/wp\/v2\/posts\/9218\/revisions"}],"wp:featuredmedia":[{"embeddable":true,"href":"https:\/\/www.fedaiisf.it\/en\/wp-json\/wp\/v2\/media\/4776"}],"wp:attachment":[{"href":"https:\/\/www.fedaiisf.it\/en\/wp-json\/wp\/v2\/media?parent=9218"}],"wp:term":[{"taxonomy":"category","embeddable":true,"href":"https:\/\/www.fedaiisf.it\/en\/wp-json\/wp\/v2\/categories?post=9218"},{"taxonomy":"post_tag","embeddable":true,"href":"https:\/\/www.fedaiisf.it\/en\/wp-json\/wp\/v2\/tags?post=9218"}],"curies":[{"name":"wp","href":"https:\/\/api.w.org\/{rel}","templated":true}]}}