{"id":9338,"date":"2015-03-30T11:52:31","date_gmt":"2015-03-30T09:52:31","guid":{"rendered":"http:\/\/www.fedaiisf.it\/?p=9338"},"modified":"2015-04-04T11:26:54","modified_gmt":"2015-04-04T09:26:54","slug":"novartis-il-benefit-e-lart-18-ma-a-como-non-si-puo","status":"publish","type":"post","link":"https:\/\/www.fedaiisf.it\/en\/novartis-il-benefit-e-lart-18-ma-a-como-non-si-puo\/","title":{"rendered":"Novartis, the benefit is Article 18. \u00abBut in Como you can&#039;t\u00bb"},"content":{"rendered":"<p><em>Imprenditori e sindacati: non applicabile altrove la scelta dell\u2019azienda farmaceutica di Origgio. \u00abQuei lavoratori erano gi\u00e0 dentro l\u2019azienda\u00bb<\/em><\/p>\n<p><span style=\"color: #0000ff;\"><a style=\"color: #0000ff;\" href=\"http:\/\/www.laprovinciadicomo.it\/stories\/Economia\/novartis-il-benefit-e-lart18ma-a-como-non-si-puo_1112943_11\/\" target=\"_blank\" rel=\"noopener\">Luned\u00ec 30 marzo 2015 \u2013 La Provincia<\/a><\/span><\/p>\n<p>Quello della Novartis di Origgio \u00e8 \u00abun caso unico\u00bb, non certo una modalit\u00e0 operativa applicabile ad altre realt\u00e0, se non in casi strettamente analoghi a questo.<\/p>\n<p>TO<img decoding=\"async\" class=\"alignleft\" src=\"https:\/\/c1.staticflickr.com\/7\/6031\/6302261167_0a9a02a6e2_m.jpg\" alt=\"\" \/> dirlo \u00e8 il segretario Cisl dei Laghi, <strong>Gerardo Larghi<\/strong>, che, entrando nel merito della notizia dell\u2019assunzione di 35 dipendenti facenti parte del gruppo farmaceutico varesino nell\u2019azienda madre con il Jobs Act depurato delle cosiddette \u201ctutele crescenti\u201d, tende a ridurre al lumicino l\u2019eventualit\u00e0 che una simile concessione possa essere replicata altrove.<\/p>\n<p>\u00abQuei lavoratori \u2013 spiega &#8211; erano gi\u00e0 interni all\u2019azienda e i sindacati hanno trovato questa soluzione a fronte di un dubbio legale. All\u2019interno della ristrutturazione, in sostanza, i lavoratori passano da un\u2019azienda a un\u2019altra del medesimo gruppo. Siccome si tratta del primo caso, per non rischiare interpretazioni difformi, si \u00e8 perseguita questa strada. Non si tratta di licenziamento o riassunzione, n\u00e9 di cessione di ramo di azienda, ma di una riorganizzazione di un gruppo esistente\u00bb.<\/p>\n<p>Non \u00e8 un precedente<\/p>\n<p>Differentemente dalla lettura data dal segretario generale della Filctem Cgil di Varese, Ermanno Donghi, per Larghi sar\u00e0 difficile che quello della Novartis possa rappresentare un precedente da seguire in altre circostanze. A pensarla cos\u00ec \u00e8 anche il sindacalista Gioacchino Favara (Uilta Como): \u00abL\u2019inserimento delle tutele dell\u2019articolo 18 \u2013 commenta Favara \u2013 non avrebbe senso se affiancato a una normativa, quella del Jobs Act, che nei fatti ha previsto un meccanismo del tutto differente\u00bb.<\/p>\n<p><img decoding=\"async\" class=\"alignright\" src=\"http:\/\/www.rsi.ch\/news\/svizzera\/cronaca\/novartis-influenza-24.10.2012ky.jpg-144797.html\/alternates\/LANDSCAPE_357\/novartis-influenza,%2024.10.2012,ky.jpg\" alt=\"\" \/>Presidente di Confartigianato Como, e anche vicepresidente della camera di commercio, Marco Galimberti tende a fare gli opportuni distinguo: \u00abPer prima cosa \u2013 afferma \u2013 bisogna capire quali siano state le motivazioni di questa scelta. Capita spesso che le aziende introducano benefit a favore dei loro dipendenti. In questo caso \u00e8 possibile si sia fatta una scelta dettata da questo pensiero. Tra gli artigiani e nelle piccole imprese l\u2019articolo 18 non \u00e8 il problema: il problema, semmai, \u00e8 trovare persone abili e motivate. Questo perch\u00e9 se abbiamo persone serie tra i nostri collaboratori abbiamo tutto l\u2019interesse a tenerli da noi\u00bb.<\/p>\n<p>Costo del lavoro<\/p>\n<p>Cos\u00ec anche il pensiero di Enrico Benati (Cna Como): \u00abIl valore aggiunto del cosiddetto Jobs Act &#8211; afferma &#8211; non sta solo nel superamento dell\u2019articolo 18, quanto piuttosto nella riduzione del costo del lavoro, primo scoglio da affrontare per chiunque voglia far ricerca e innovazione. Quando un\u2019azienda ha personale valido e lavoro \u00e8 tutto suo interesse trattenerlo a s\u00e9. Non penso, per\u00f2, che sia logico affidare alla contrattazione di secondo livello il superamento delle cosiddette tutele crescenti\u00bb<\/p>\n<p>alberto gaffuri<\/p>","protected":false},"excerpt":{"rendered":"<p>Imprenditori e sindacati: non applicabile altrove la scelta dell\u2019azienda farmaceutica di Origgio. \u00abQuei lavoratori erano gi\u00e0 dentro l\u2019azienda\u00bb Luned\u00ec 30 marzo 2015 \u2013 La Provincia Quello della Novartis di Origgio \u00e8 \u00abun caso unico\u00bb, non certo una modalit\u00e0 operativa applicabile ad altre realt\u00e0, se non in casi strettamente analoghi a questo. A dirlo \u00e8 il &hellip;<\/p>","protected":false},"author":4,"featured_media":2948,"comment_status":"closed","ping_status":"closed","sticky":false,"template":"","format":"standard","meta":{"footnotes":""},"categories":[16],"tags":[40,44],"class_list":["post-9338","post","type-post","status-publish","format-standard","has-post-thumbnail","hentry","category-primo-piano","tag-ccnl","tag-sindacati"],"amp_enabled":true,"_links":{"self":[{"href":"https:\/\/www.fedaiisf.it\/en\/wp-json\/wp\/v2\/posts\/9338","targetHints":{"allow":["GET"]}}],"collection":[{"href":"https:\/\/www.fedaiisf.it\/en\/wp-json\/wp\/v2\/posts"}],"about":[{"href":"https:\/\/www.fedaiisf.it\/en\/wp-json\/wp\/v2\/types\/post"}],"author":[{"embeddable":true,"href":"https:\/\/www.fedaiisf.it\/en\/wp-json\/wp\/v2\/users\/4"}],"replies":[{"embeddable":true,"href":"https:\/\/www.fedaiisf.it\/en\/wp-json\/wp\/v2\/comments?post=9338"}],"version-history":[{"count":0,"href":"https:\/\/www.fedaiisf.it\/en\/wp-json\/wp\/v2\/posts\/9338\/revisions"}],"wp:featuredmedia":[{"embeddable":true,"href":"https:\/\/www.fedaiisf.it\/en\/wp-json\/wp\/v2\/media\/2948"}],"wp:attachment":[{"href":"https:\/\/www.fedaiisf.it\/en\/wp-json\/wp\/v2\/media?parent=9338"}],"wp:term":[{"taxonomy":"category","embeddable":true,"href":"https:\/\/www.fedaiisf.it\/en\/wp-json\/wp\/v2\/categories?post=9338"},{"taxonomy":"post_tag","embeddable":true,"href":"https:\/\/www.fedaiisf.it\/en\/wp-json\/wp\/v2\/tags?post=9338"}],"curies":[{"name":"wp","href":"https:\/\/api.w.org\/{rel}","templated":true}]}}