{"id":9696,"date":"2015-04-18T12:09:02","date_gmt":"2015-04-18T10:09:02","guid":{"rendered":"http:\/\/www.fedaiisf.it\/?p=9696"},"modified":"2015-04-18T19:02:37","modified_gmt":"2015-04-18T17:02:37","slug":"responsabilita-patrimoniale-i-medici-insorgono-contro-lemendamento-delle-regioni","status":"publish","type":"post","link":"https:\/\/www.fedaiisf.it\/en\/responsabilita-patrimoniale-i-medici-insorgono-contro-lemendamento-delle-regioni\/","title":{"rendered":"Patrimonial responsibility, doctors rise up against the amendment of the Regions"},"content":{"rendered":"<p>THE<img decoding=\"async\" class=\"alignleft\" src=\"http:\/\/www.doctor33.it\/cont\/files\/Personaggi\/Roberta-Chersevani.jpg\" alt=\"Responsabilit\u00e0 patrimoniale, i medici insorgono contro l\u2019emendamento delle Regioni\" \/> medici sono decisamente contrari all&#8221;emendamento delle Regioni che intende attribuire loro una responsabilit\u00e0 patrimoniale nei casi in cui vengano accertate prestazioni inappropriate. <a href=\"http:\/\/www.fimmg.org\/index.php?action=pages&amp;m=view&amp;p=43&amp;art=1130\" target=\"_blank\" rel=\"noopener\"><span style=\"color: #0000ff;\">Usa parole pesanti la Federazione italiana dei medici di medicina generale<\/span><\/a> (Fimmg), secondo la quale, il provvedimento \u00abcomporter\u00e0 effetti devastanti sul diritto alla salute dei cittadini, fino anche a vanificare il dettato dell&#8217;articolo 32 della Costituzione\u00bb.<\/p>\n<p>I medici di famiglia rivolgono un appello direttamente al Governo, affinch\u00e9 fermi &#8220;questi deliri regionali&#8221;, altrimenti i camici bianchi \u00absaranno messi in condizioni di operativit\u00e0 veramente insostenibili, ma il risultato finale sar\u00e0 che i cittadini, dopo aver pagato le tasse, dovranno rivolgersi alle assicurazioni private o sostenere direttamente le spese di assistenza, secondo un percorso ben studiato di progressivo smantellamento della sanit\u00e0 pubblica a favore di gi\u00e0 predisposti e delineati attori privati, rispondenti unicamente a logiche di profitto\u00bb.<\/p>\n<p>Anche la Federazione nazionale degli ordini dei medici chirurghi e degli odontoiatri <a href=\"http:\/\/www.fnomceo.it\/fnomceo\/downloadFile.dwn?id=131146&amp;version=5\" target=\"_blank\" rel=\"noopener\"><span style=\"color: #0000ff;\">(Fnomceo) insorge contro l&#8217;emendamento<\/span><\/a> e, a conclusione della prima riunione del nuovo Comitato Centrale, la squadra guidata da <b>Roberta Chersevani<\/b> (foto) esprime \u00abuna forte preoccupazione e contrariet\u00e0 sui contenuti del documento pur nella consapevolezza della necessit\u00e0 di promuovere il valore dell&#8217;appropriatezza, cos\u00ec come \u00e8 presente nel Codice Deontologico ed elemento fondante di equit\u00e0 e sostenibilit\u00e0 anche economica del nostro Ssn\u00bb.<\/p>\n<p>Oltre ai contenuti preoccupano i metodi e Chersevani ritiene necessario un coinvolgimento della professione su argomenti che la riguardano direttamente: \u00abnon si pu\u00f2 pensare di conseguire l&#8217;appropriatezza imponendo per decreto modalit\u00e0 e percorsi che non coinvolgano &#8211; e da subito &#8211; i medici\u00bb.<br \/>\nAnche la Federazione degli Ordini si dice convinta che i primi a essere penalizzati dai provvedimenti annunciati sarebbero i cittadini e proprio per questa ragione intende attivare una campagna rivolta proprio alla cittadinanza.<\/p>\n<p><a href=\"http:\/\/www.doctor33.it\/responsabilita-patrimoniale-i-medici-insorgono-contro-lemendamento-delle-regioni\/politica-e-sanita\/news--28584.html?xrtd=CXRYCLCYSRAPCCAYYRPTX\" target=\"_blank\" rel=\"noopener\"><span style=\"color: #0000ff;\">Renato Torlaschi &#8211;\u00a0Sabato, 18 Aprile 2015 &#8211; Doctor33<\/span><\/a><\/p>\n<h2><span style=\"color: #ff0000;\">Allarme Sanit\u00e0, Scotti (Ordine medici): \u00abUn ricatto legalizzato per tagliare l\u2019assistenza ai cittadini\u00bb<\/span><\/h2>\n<p><img decoding=\"async\" class=\"alignleft\" src=\"http:\/\/www.fimmgroma.org\/images\/stories\/IMMAGINI3\/Silvestro-Scotti-Gianluca-Mech_thumb_medium250_250.jpg\" alt=\"\" \/>\u00abGi\u00e0 da tempo si era capito che nel rapporto economia-salute viene privilegiato il primo aspetto; ora per\u00f2 i cittadini hanno il diritto di sapere che presto l\u2019accesso alle cure sar\u00e0 garantito solo ha chi ha i soldi per permetterselo. Come presidente dell\u2019Ordine dei Medici di Napoli ho l\u2019obbligo morale e il dovere istituzionale di esprimere la mia indignazione e di schierarmi apertamente dalla parte dei pazienti\u00bb. Durissimo il commento di <strong>Sylvester Scotti<\/strong> rispetto ai giochi ragionieristici che stanno prevalendo nell\u2019ambito della conferenza Stato Regioni, nel pi\u00f9 ampio quadro dell\u2019ormai noto Patto per la Salute.<\/p>\n<p>Tutto nasce dal documento di programmazione economico finanziaria con il quale il Governo ha ridotto il budget delle regioni di 2 miliardi e 500 mila euro. \u00abUn buco \u2013 spiega Silvestro Scotti &#8211; che i \u201cragionieri di stato\u201d, ovvero i funzionari regionali, intendono colmare tagliando sulla sanit\u00e0. E questo non lo scopriamo oggi, tant\u2019\u00e8 che da tempo medici e cittadini ne stanno pagando le conseguenze\u00bb. Ora per\u00f2 \u00e8 stato presentato un emendamento che mira ad una variazione della legge sulla inappropriatezza delle prescrizioni, determinando di fatto una responsabilit\u00e0 patrimoniale dei medici di medicina generale.<\/p>\n<p>\u00abQui non si tratta pi\u00f9 di tagliare gli sprechi \u2013 dice Scotti -, di fatto si \u00e8 trovato il modo di ricattare i medici, che non prescriveranno se convinti quella ricetta sia appropriata, ma se convinti che sia valutabile come appropriata. Ma chi decider\u00e0 cosa \u00e8 appropriato e cosa non lo \u00e8? E con quali criteri lo decider\u00e0? La verit\u00e0 \u00e8 che l\u2019appropriatezza non sar\u00e0 valuta sul caso concreto, bens\u00ec su costi standard e statistiche. Io mi rifiuto di considerare un paziente come un costo. I medici giurano di curare secondo scienza e coscienza, non di curare solo se non costa troppo\u00bb.<\/p>\n<p>Silvestro Scotti non si tira indietro neanche nel dire quali saranno le implicazioni di questo emendamento, se approvato, anche sul versante sanitario. \u00abCiascun medico prescrittore \u2013 spiega \u2013 movimenta in media 700 mila euro l\u2019anno, solo con le prescrizioni di farmaci. Si arriva a circa 2 milioni di euro con le prestazioni diagnostiche. E in molti casi sono accertamenti che vengono richiesti da altri specialisti. Dunque, la possibilit\u00e0 di essere chiamati a rispondere per cifre esorbitanti a fronte di un guadagno annuo di circa 50 mila uro, che \u00e8 quanto in media guadagna un medico di medicina generale\u00bb.<\/p>\n<p>Se questa valutazione ragionieristica dovesse prevalere, in una regione come la Campania il rischio di lasciare senza cure pubbliche una grande fetta della popolazione \u00e8 concreto. Di qui l\u2019appello del presidente Silvestro Scotti alla politica: \u00abSono fiducioso che il presidente Stefano Caldoro, come ha gi\u00e0 dimostrato di voler fare, si opporr\u00e0 a questa soluzione. Ha la sensibilit\u00e0 e le competenze per comprendere che se questa \u00e8 la \u201ccura\u201d agli sprechi, si rischia di \u201cuccidere\u201d il paziente. Ci sono altri modi e altre strade per essere virtuosi. Non costruiamo una sanit\u00e0, come avviene in altri paesi, nella quale i medici prima di curare il malato gli chiedono se ha un\u2019assicurazione sanitaria\u00bb.<\/p>\n<p><a href=\"http:\/\/www.ilmattino.it\/NAPOLI\/CRONACA\/medici-napoli-ordine\/notizie\/1303299.shtml\" target=\"_blank\" rel=\"noopener\"><span style=\"color: #0000ff;\">sabato 18 aprile 2015 &#8211; il Mattino.it<\/span><\/a><\/p>\n<p>&nbsp;<\/p>\n<p>&nbsp;<\/p>\n<p>&nbsp;<\/p>\n<p>&nbsp;<\/p>\n<p>&nbsp;<\/p>\n<p>&nbsp;<\/p>\n<p>&nbsp;<\/p>\n<p>&nbsp;<\/p>","protected":false},"excerpt":{"rendered":"<p>I medici sono decisamente contrari all&#8221;emendamento delle Regioni che intende attribuire loro una responsabilit\u00e0 patrimoniale nei casi in cui vengano accertate prestazioni inappropriate. Usa parole pesanti la Federazione italiana dei medici di medicina generale (Fimmg), secondo la quale, il provvedimento \u00abcomporter\u00e0 effetti devastanti sul diritto alla salute dei cittadini, fino anche a vanificare il dettato &hellip;<\/p>","protected":false},"author":4,"featured_media":9701,"comment_status":"closed","ping_status":"closed","sticky":false,"template":"","format":"standard","meta":{"footnotes":""},"categories":[16],"tags":[41,79],"class_list":["post-9696","post","type-post","status-publish","format-standard","has-post-thumbnail","hentry","category-primo-piano","tag-leggisentenze","tag-ssn"],"amp_enabled":true,"_links":{"self":[{"href":"https:\/\/www.fedaiisf.it\/en\/wp-json\/wp\/v2\/posts\/9696","targetHints":{"allow":["GET"]}}],"collection":[{"href":"https:\/\/www.fedaiisf.it\/en\/wp-json\/wp\/v2\/posts"}],"about":[{"href":"https:\/\/www.fedaiisf.it\/en\/wp-json\/wp\/v2\/types\/post"}],"author":[{"embeddable":true,"href":"https:\/\/www.fedaiisf.it\/en\/wp-json\/wp\/v2\/users\/4"}],"replies":[{"embeddable":true,"href":"https:\/\/www.fedaiisf.it\/en\/wp-json\/wp\/v2\/comments?post=9696"}],"version-history":[{"count":0,"href":"https:\/\/www.fedaiisf.it\/en\/wp-json\/wp\/v2\/posts\/9696\/revisions"}],"wp:featuredmedia":[{"embeddable":true,"href":"https:\/\/www.fedaiisf.it\/en\/wp-json\/wp\/v2\/media\/9701"}],"wp:attachment":[{"href":"https:\/\/www.fedaiisf.it\/en\/wp-json\/wp\/v2\/media?parent=9696"}],"wp:term":[{"taxonomy":"category","embeddable":true,"href":"https:\/\/www.fedaiisf.it\/en\/wp-json\/wp\/v2\/categories?post=9696"},{"taxonomy":"post_tag","embeddable":true,"href":"https:\/\/www.fedaiisf.it\/en\/wp-json\/wp\/v2\/tags?post=9696"}],"curies":[{"name":"wp","href":"https:\/\/api.w.org\/{rel}","templated":true}]}}