{"id":9702,"date":"2015-04-18T18:15:31","date_gmt":"2015-04-18T16:15:31","guid":{"rendered":"http:\/\/www.fedaiisf.it\/?p=9702"},"modified":"2015-04-20T13:37:21","modified_gmt":"2015-04-20T11:37:21","slug":"rimborsabilita-farmaci-stato-e-regioni-allargano-le-famiglie-entro-cui-scegliere","status":"publish","type":"post","link":"https:\/\/www.fedaiisf.it\/en\/rimborsabilita-farmaci-stato-e-regioni-allargano-le-famiglie-entro-cui-scegliere\/","title":{"rendered":"Reimbursability of drugs, the State and the Regions are expanding the families to choose from. The governors: &quot;The Pact for health is dead&quot;"},"content":{"rendered":"<p><img loading=\"lazy\" decoding=\"async\" class=\"alignleft\" src=\"http:\/\/s.allacronyms.com\/490237rbot.png\" alt=\"\" width=\"406\" height=\"242\" \/>Un solo prezzo per ogni patologia? Potrebbe accadere con le medicine visto quanto \u00e8 scritto nell&#8217;intesa stato-regioni. L&#8217;accordo in dirittura d&#8217;arrivo prevede al punto D1 che il servizio sanitario paghi il farmaco a prezzo pi\u00f9 basso non pi\u00f9 all&#8217;interno della stessa categoria terapeutica omogenea, concetto gi\u00e0 &#8220;vasto&#8221; previsto dal Patto Salute 2014, ma all&#8217;interno di una classe, presumibilmente pi\u00f9 ampia, di &#8220;medicinali terapeuticamente assimilabili&#8221;. La nuova &#8220;superclasse&#8221; sar\u00e0 individuata di concerto con i rappresentanti dei produttori.<\/p>\n<p>Saranno identificati &#8220;cluster&#8221; di medicinali con lo stesso effetto, coperti o meno da brevetto, e saranno valutati i sottogruppi di confezioni che consentono la stessa intensit\u00e0 di trattamento per una data patologia (o la dispensazione dello stesso valore di Defined daily dose); quindi, sar\u00e0 fissato il prezzo massimo di rimborso al prezzo della confezione meno costosa. Il resto lo paga il cittadino. Per inciso, le Regioni vorrebbero inasprire ulteriormente questa disciplina e negli emendamenti all&#8217;intesa che si discuteranno il 23 aprile prossimo qualcuna chiede di non pagare nemmeno il prezzo del generico, per i farmaci che non scendono al prezzo pi\u00f9 basso, e che si valuti di relegare quei medicinali in fascia C.<\/p>\n<p>\u00abAnche il semplice mettere a carico del paziente la differenza di costo in realt\u00e0 potrebbe essere rilevante ed avere infinite conseguenze sull&#8217;aderenza e persistenza in <img decoding=\"async\" class=\"alignright\" src=\"http:\/\/www.lorenzinifoundation.org\/ActiveDoctors2011\/img\/relazioni01.jpg\" alt=\"\" \/>terapia\u00bb, afferma <strong>Marco Cambielli<\/strong>, vicepresidente Snamid ed esperto di farmacologia, che trova complessa ed inquietante la novit\u00e0, \u00abperch\u00e9 non \u00e8 definito in alcun modo il criterio di assimilabilit\u00e0 n\u00e9 nell&#8217;intesa n\u00e9 nell&#8217;ordinamento italiano; non solo, non \u00e8 definito nemmeno negli altri stati a che io sappia, in pratica \u00e8 stato introdotto ex novo\u00bb. \u00abGi\u00e0\u00bb continua Cambielli \u00abera un salto di qualit\u00e0 il criterio delle categorie terapeutiche omogenee previsto per il nuovo prontuario nel Patto Salute del 2014 e da attuare entro dicembre di quest&#8217;anno; infatti voleva dire che non si dispenserebbe il prodotto a prezzo pi\u00f9 basso nell&#8217;ambito di quelli a base di uno stesso principio attivo bens\u00ec il prodotto meno costoso nell&#8217;ambito di un&#8217;intera classeterapeutica.<\/p>\n<p>E questo gi\u00e0 si presta a interrogativi perch\u00e9 ad esempio tra Ace-inibitori con analogo meccanismo d&#8217;azione ci sono principi con certi effetti e altri con effetti del tutto diversi e sono rarissimi anche a livello internazionale studi di efficacia e sicurezza &#8220;head to head&#8221;, che confrontino i diversi principi della stessa famiglia. Se allarghiamo a pi\u00f9 famiglie l&#8217;ambito di scelta, magari rimborsando uno tra diuretici, Ace inibitori, beta e alfa bloccanti, sartani e calcioantagonisti, quasi nulla conosciamo dei criteri di confronto relativi ai profili di efficacia, sicurezza, farmacocinetica e farmacodinamica\u00bb. Un salto nel buio? \u00ab\u00c8 una strada difficile e per di pi\u00f9, a quanto pare, imboccata con le industrie ma non con i medici, i soli che conoscono l&#8217;efficacia clinica per singoli gruppi di pazienti, in base alla quale, arguisco, si vorrebbe rendere assimilabile un super-insieme di medicinali. Se si vuole risparmiare meglio sarebbe fare come in Francia dove il rimborso dei farmaci \u00e8 commisurato al servizio medico reso (&#8220;<a href=\"http:\/\/www.has-sante.fr\/portail\/jcms\/r_1506267\/fr\/le-service-medical-rendu-smr-et-lamelioration-du-service-medical-rendu-asmr\" target=\"_blank\" rel=\"noopener\"><span style=\"color: #0000ff;\">Service m\u00e9dicale rendu<\/span><\/a>&#8220;) che pu\u00f2 essere &#8220;forte&#8221;, &#8220;medio&#8221; o &#8220;debole&#8221; a seconda del farmaco\u00bb.<\/p>\n<p><a href=\"http:\/\/www.doctor33.it\/rimborsabilita-farmaci-stato-e-regioni-allargano-le-famiglie-entro-cui-scegliere\/politica-e-sanita\/news--28568.html?xrtd=CXRYCLCYSRAPCCAYYRPTX\" target=\"_blank\" rel=\"noopener\"><span style=\"color: #0000ff;\">Mauro Miserendino &#8211;\u00a0Sabato, 18 Aprile 2015 &#8211; Doctor33<\/span><\/a><\/p>\n<p>Related news: <span style=\"color: #0000ff;\"><a style=\"color: #0000ff;\" href=\"http:\/\/www.fedaiisf.it\/en\/allarme-farmaci-federanziani-saremo-costretti-a-pagarceli-di-tasca-nostra\/\">Drug alarm, FederAnziani: we will be forced to pay for them out of our own pockets<\/a><\/span><\/p>\n<p><span style=\"color: #0000ff;\"><a style=\"color: #0000ff;\" href=\"http:\/\/www.fedaiisf.it\/en\/regioni-ok-a-manovra-con-emendamenti-da-filiera-preoccupazioni-su-farmaceutica\/\" target=\"_blank\">Regions: ok to maneuver with amendments. From supply chain concerns about pharmaceuticals<\/a><\/span><\/p>\n<p><span style=\"color: #0000ff;\"><a style=\"color: #0000ff;\" href=\"http:\/\/www.quotidianosanita.it\/allegati\/create_pdf.php?all=4760360.pdf\" target=\"_blank\" rel=\"noopener\">The Text of the Understanding<\/a><\/span><\/p>\n<p><span style=\"color: #0000ff;\"><a style=\"color: #0000ff;\" href=\"http:\/\/www.quotidianosanita.it\/allegati\/create_pdf.php?all=650862.pdf\" target=\"_blank\" rel=\"noopener\">The essential amendments of the Regions<\/a><\/span><\/p>\n<h1 id=\"MainPlaceHolder_tagTitle\" class=\"title\"><span style=\"color: #ff0000;\">Farmaci: Lorenzin, idea folle toccare il fondo per gli innovativi<\/span><\/h1>\n<p><a href=\"http:\/\/www.wallstreetitalia.com\/article\/1810638\/farmaci-lorenzin-idea-folle-toccare-il-fondo-per-gli-innovativi.aspx\" target=\"_blank\" rel=\"noopener\"><span style=\"color: #0000ff;\"><img loading=\"lazy\" decoding=\"async\" class=\"alignleft\" src=\"http:\/\/www.beatricelorenzin.it\/SharingFolder\/BeatriceLorenzin\/it\/Photos\/Beatrice%20Lorenzin%20all%20insediamento%20del%20Consiglio%20Superiore%20della%20Sanit%C3%A0%2013%20Settembre%202013\/Beatrice%20Lorenzin%20(3).JPG\" alt=\"\" width=\"111\" height=\"147\" \/>Roma, 16 apr. (AdnKronos Salute)<\/span><\/a> &#8211; No a tagli &#8216;irragionevoli&#8217; sulla sanit\u00e0 nell&#8217;accordo con le Regioni: &#8220;Ho visto la proposta di un emendamento per riportare il fondo per l&#8217;innovazione&#8221; destinato ai farmaci per la cura dell&#8217;epatite C &#8220;nel tetto. \u00c8 una follia&#8221;. Cos\u00ec il ministro della Salute, Beatrice Lorenzin, questa mattina a margine di in un incontro all&#8217;Inail, ha sottolineato la necessit\u00e0 di non far pagare ai cittadini il taglio di oltre due miliardi al fondo sanitario accettato dai governatori. &#8220;Io ho proposto &#8211; ha ricordato Lorenzin &#8211; un fondo per l&#8217;innovazione nella legge di stabilit\u00e0 proprio perch\u00e9 \u00e8 necessario scorporare i due aspetti, se si vuole garantire l&#8217;accesso alle cure innovative. Perch\u00e9 togliere un miliardo per gli innovativi significherebbe che i cittadini non avrebbero pi\u00f9, ad esempio, i farmaci oncologici n\u00e9 altri&#8221; prodotti importanti.<\/p>\n<h2><span style=\"color: #ff0000;\">Farmindustria. Comuicato.\u00a0Ipotesi di tagli<\/span><\/h2>\n<p>St<img decoding=\"async\" class=\"alignright\" src=\"http:\/\/www.afiscientifica.it\/sponsor\/farmindustria.gif\" alt=\"\" \/>e le notizie stampa sui tagli alla farmaceutica fossero confermate, ci troveremmo di fronte a un <em>dej\u00e0 vu<\/em>. La riproposizione di vecchie manovre contrarie alla crescita del settore che necessita invece della stabilit\u00e0 delle regole.<\/p>\n<p>Non va bene ad esempio individuare, ai fini del rimborso massimo del Servizio Sanitario Nazionale (SSN), gruppi di medicinali terapeuticamente assimilabili che addirittura possono comprendere contemporaneamente farmaci a brevetto scaduto e altri ancora sotto copertura brevettuale.<\/p>\n<p>Un approccio che disconosce il valore della Ricerca e gli ingenti investimenti delle imprese.<\/p>\n<p>Sorprende poi anche la possibilit\u00e0 di ridurre i prezzi dei medicinali biotech, gi\u00e0 venduti su base d\u2019asta, con forti sconti al SSN e penalizzati da alti costi di ripiano previsti da tetti di spesa palesemente inadeguati.<\/p>\n<p>Trattare cos\u00ec le imprese farmaceutiche che con il loro impegno hanno fatto crescere export e occupazione fa male al Paese e alla sua economia.<\/p>\n<p><a href=\"https:\/\/www.farmindustria.it\/index.php?option=com_content&amp;view=article&amp;id=757:ipotesi-nuovi-tagli&amp;catid=22&amp;Itemid=290\" target=\"_blank\" rel=\"noopener\"><span style=\"color: #0000ff;\">Farmindstria &#8211; 16\/04\/2015<\/span><\/a><\/p>\n<h2><span style=\"color: #ff0000;\">Sanit\u00e0, scontro aperto tra lo Stato e le Regioni. I governatori: \u201cIl Patto per la salute \u00e8 morto\u201d<\/span><\/h2>\n<p><strong>A rischio anche esenzioni da ticket per le patologie croniche<\/strong><\/p>\n<p>Tra il governo e le Regioni \u00e8 in atto un vero e proprio scontro politico. La materia del contendere sono i <strong>tagli imposti dalla manovra di finanza pubblica al Fondo sanitario regionale<\/strong>. Entro poco tempo i presidenti delle Giunte dovranno decidere di tagliare la spesa sanitaria per un ammontare che sfiora i 2,5 miliardi di euro solo per l&#8217;anno in corso, avvertono che non sono in grado di subire altri tagli e mirano a rivedere il Patto per la salute nel suo complesso.<\/p>\n<p><strong>Il Fondo sanitario nazionale \u201cnon \u00e8 un bancomat per le Regioni\u201d<\/strong>, ha rimarcato il ministro della Salute, Beatrice Lorenzin dopo aver letto le lamentele provenienti dalla Conferenza Stato-Regioni. \u201cIl sacrificio si pu\u00f2 fare quest&#8217;anno &#8211; aggiunge &#8211; ma da subito andr\u00e0 applicato il Patto per la salute. Dal prossimo anno &#8211; ha concluso &#8211; \u00e8 necessario che le Regioni mantengano il patto di stabilit\u00e0\u201d.<\/p>\n<p>\u201cL&#8217;intesa con le Regioni \u00e8 stata cercata, abbiamo fatto proposte che non vanno nell&#8217;ottica dei tagli lineari &#8211; ha detto ancora il ministro &#8211; e abbiamo detto no alla classica proposta facile del taglio della spesa farmaceutica, a quella dei device e della spesa convenzionata\u201d. Considerando che le Regioni hanno chiesto di non utilizzare l&#8217;incremento di quest&#8217;anno, di due miliardi, \u201cabbiamo chiesto invece di <strong>anticipare il Patto per la salute<\/strong>\u201d. \u201cQuindi &#8211; ha proseguito &#8211; gran parte di queste risorse verr\u00e0 proprio dal Patto per la salute, ovvero da una razionalizzazione su forniture e servizi, come gi\u00e0 previsto\u201d.<\/p>\n<p>L&#8217;invito che il ministro fa alle Regioni \u00e8 quello di \u201c<strong>seguire una via del rigore<\/strong>\u201d. Le Regioni hanno risposto con durezza spiegando che considerano \u201cmorto\u201d il Patto per la salute siglato nel 2014. Ora sono tante le voci di spesa esposte al pericolo del taglio lineare. Nel mirino di alcuni governatori ci sarebbero anche i fondi per il farmaco contro l&#8217;epatite C e i farmaci innovativi: una scelta capace di azzerare le speranze di decine di migliaia di pazienti. La stessa sorte potrebbe toccare alle esenzioni ticket. Molte delle venti Regioni vorrebbero eliminare diverse facilitazioni per patologia e prendere in considerazione solo il reddito dei pazienti. Resta quindi pressoch\u00e9 impossibile che si arrivi ad un aggiornamento e a un potenziamento dei Livelli essenziali di assistenza (Lea). Senza un aumento dei finanziamenti non ci potr\u00e0 essere un miglioramento dei servizi erogati sul territorio.<\/p>\n<p><a href=\"http:\/\/www.osservatoriomalattierare.it\/attualita\/8052-sanita-scontro-aperto-tra-lo-stato-e-le-regioni-i-governatori-il-patto-per-la-salute-e-morto\" target=\"_blank\" rel=\"noopener\"><span style=\"color: #0000ff;\">Autore: Matteo Mascia,\u00a0 20 Apr 2015 &#8211; \u00a0OMAR<\/span><\/a><\/p>","protected":false},"excerpt":{"rendered":"<p>Un solo prezzo per ogni patologia? Potrebbe accadere con le medicine visto quanto \u00e8 scritto nell&#8217;intesa stato-regioni. L&#8217;accordo in dirittura d&#8217;arrivo prevede al punto D1 che il servizio sanitario paghi il farmaco a prezzo pi\u00f9 basso non pi\u00f9 all&#8217;interno della stessa categoria terapeutica omogenea, concetto gi\u00e0 &#8220;vasto&#8221; previsto dal Patto Salute 2014, ma all&#8217;interno di &hellip;<\/p>","protected":false},"author":4,"featured_media":9708,"comment_status":"closed","ping_status":"closed","sticky":false,"template":"","format":"standard","meta":{"footnotes":""},"categories":[1],"tags":[],"class_list":["post-9702","post","type-post","status-publish","format-standard","has-post-thumbnail","hentry","category-notizie"],"amp_enabled":true,"_links":{"self":[{"href":"https:\/\/www.fedaiisf.it\/en\/wp-json\/wp\/v2\/posts\/9702","targetHints":{"allow":["GET"]}}],"collection":[{"href":"https:\/\/www.fedaiisf.it\/en\/wp-json\/wp\/v2\/posts"}],"about":[{"href":"https:\/\/www.fedaiisf.it\/en\/wp-json\/wp\/v2\/types\/post"}],"author":[{"embeddable":true,"href":"https:\/\/www.fedaiisf.it\/en\/wp-json\/wp\/v2\/users\/4"}],"replies":[{"embeddable":true,"href":"https:\/\/www.fedaiisf.it\/en\/wp-json\/wp\/v2\/comments?post=9702"}],"version-history":[{"count":0,"href":"https:\/\/www.fedaiisf.it\/en\/wp-json\/wp\/v2\/posts\/9702\/revisions"}],"wp:featuredmedia":[{"embeddable":true,"href":"https:\/\/www.fedaiisf.it\/en\/wp-json\/wp\/v2\/media\/9708"}],"wp:attachment":[{"href":"https:\/\/www.fedaiisf.it\/en\/wp-json\/wp\/v2\/media?parent=9702"}],"wp:term":[{"taxonomy":"category","embeddable":true,"href":"https:\/\/www.fedaiisf.it\/en\/wp-json\/wp\/v2\/categories?post=9702"},{"taxonomy":"post_tag","embeddable":true,"href":"https:\/\/www.fedaiisf.it\/en\/wp-json\/wp\/v2\/tags?post=9702"}],"curies":[{"name":"wp","href":"https:\/\/api.w.org\/{rel}","templated":true}]}}