{"id":9754,"date":"2015-04-21T12:03:08","date_gmt":"2015-04-21T10:03:08","guid":{"rendered":"http:\/\/www.fedaiisf.it\/?p=9754"},"modified":"2015-04-21T12:03:08","modified_gmt":"2015-04-21T10:03:08","slug":"responsabilita-patrimoniale-del-prescrittore-il-ministero-dice-no","status":"publish","type":"post","link":"https:\/\/www.fedaiisf.it\/en\/responsabilita-patrimoniale-del-prescrittore-il-ministero-dice-no\/","title":{"rendered":"Responsabilit\u00e0 patrimoniale del prescrittore, il ministero dice no"},"content":{"rendered":"<p><img loading=\"lazy\" decoding=\"async\" class=\"alignleft\" src=\"http:\/\/img.youtube.com\/vi\/_zWEYFsFUOA\/0.jpg\" alt=\"\" width=\"328\" height=\"246\" \/>Il ministro della Salute, Beatrice Lorenzin, si oppone all&#8217;emendamento delle Regioni che sanziona i medici Ssn che non prescrivono esami diagnostici in modo appropriato. A margine di un convegno, riferendosi, all&#8217;intesa sui tagli alla sanit\u00e0, su cui le regioni avevano anticipato l&#8217;ok del governo, ha affermato di opporsi all&#8217;introduzione della responsabilit\u00e0 patrimoniale del prescrittore e delle relative sanzioni. In attesa che gioved\u00ec si chiarisca da che parte sta il governo, i sindacati di medici convenzionati e dipendenti Fimmg, Cimo, Anaao, Fimp e Sumai, confermano la conferenza stampa convocata a Roma per illustrare i danni della norma alla tutela del diritto alla salute.<\/p>\n<p>Per\u00a0il presidente Cimo <b>Riccardo Cassi\u00a0<\/b>c&#8217;\u00e8 differenza tra il richiamo all&#8217;appropriatezza del contratto dipendenza 2008 (l&#8217;articolo 4 toglie l&#8217;indennit\u00e0 di struttura a chi mal gestisce le risorse finanziarie) e le nuove norme. \u00abPer quanto i contratti ci responsabilizzino, non si \u00e8 mai parlato di vincoli prescrittivi sugli esami diagnostici, ma semmai sulle medicine con le note Aifa: chi non le rispetta paga il costo del farmaco. In tema di prescrizioni di esami c&#8217;\u00e8 piuttosto una sentenza di Cassazione che condanna un medico (la 35922\/2012 ndr) e afferma che le linee guida contengono valide indicazioni generali riferibili al caso astratto, ma il medico \u00e8 sempre tenuto ad esercitare le proprie scelte considerando le peculiarit\u00e0 del caso concreto, nel rispetto della volont\u00e0 del paziente\u00bb.<\/p>\n<p>Peraltro, lungi dall&#8217;essere rispettati, per Cassi i contratti sono violati dall&#8217;intesa. \u00abVentilando punizioni sulla retribuzione accessoria, si tolgono per legge emolumenti fissati dal contratto vigente. Un ospedale inoltre se vuole ha i mezzi per scoprire se un medico prescrive troppi esami: ma deve avviare un&#8217;indagine, provare le cose. Con le nuove regole invece la procedura repressiva potrebbe esser resa pi\u00f9 automatica\u00bb. Come presidente dell&#8217;Alleanza per la Professione Medica (con Fimmg-Fimp-Sumai) Cassi allinea le norme sulla responsabilit\u00e0 patrimoniale al comma 566 che d\u00e0 potere agli infermieri su materie di pertinenza medica. \u00abNoi diciamo no a tutte le norme che, come comma 566 e responsabilit\u00e0 patrimoniale, rendono le nostre competenze diverse o inferiori rispetto a quelle dei colleghi del resto d&#8217;Europa. Non siamo contrari a una crescita delle competenze dei professionisti sanitari ma non vogliamo ci venga tolto il controllo sul percorso diagnostico terapeutico di cui siamo responsabili\u00bb.<\/p>\n<p>THE<img loading=\"lazy\" decoding=\"async\" class=\"alignright\" src=\"http:\/\/i.ytimg.com\/vi\/O4r1b8SCaoQ\/maxresdefault.jpg\" alt=\"\" width=\"349\" height=\"196\" \/>l segretario Anaao Assomed <b>Constantine Troise<\/b>, plaude al no di Lorenzin all&#8217;intesa. \u00abPremetto, nel documento si parla di fatto di protocolli diagnostici calati dall&#8217;alto e non di linee guida condivise in cui sarebbe tollerato nella prescrizione di accertamenti uno scostamento tra il caso specifico del paziente e la situazione &#8220;media&#8221; descritta dalle statistiche. La cosa pi\u00f9 semplice che possa accadere, con protocolli assillanti in ospedale, \u00e8 che i pazienti siano girati al medico di famiglia. Do atto al ministero della salute di star tenendo la barra a dritta: dicendo no a questa parte dell&#8217;intesa tiene in vita ci\u00f2 che resta del Patto salute, che non \u00e8 l&#8217;entit\u00e0 del finanziamento del Fondo sanitario nazionale, n\u00e9 la parte sull&#8217;innovazione, ormai saltati. Purtroppo lo smantellamento del Ssn, definanziato per il 6\u00b0 anno consecutivo \u00e8 in corso, e questioni simili anzich\u00e9 attirare l&#8217;attenzione sulle sorti della sanit\u00e0 pubblica (come invece avviene in Francia e Gran Bretagna, dove le campagne elettorali si giocano sui servizi), sembrano distoglierla.<\/p>\n<p>Si fa della responsabilizzazione del medico l&#8217;obiettivo primo, e si dimenticano le sacche di spreco, come le indennit\u00e0 accessorie di svariate decine di migliaia di euro percepite dai consiglieri regionali. I ministeri sono stati responsabilizzati di fronte ai propri sprechi, le regioni no. Forse il Governo dovrebbe intervenire\u00bb.<\/p>\n<p><a href=\"http:\/\/www.doctor33.it\/responsabilita-patrimoniale-del-prescrittore-il-ministero-dice-no\/politica-e-sanita\/news--28598.html?xrtd=TTXTVPPTRXVAXYRCYRYCRXT\" target=\"_blank\" rel=\"noopener\"><span style=\"color: #0000ff;\">Mauro Miserendino &#8211;\u00a0Marted\u00ec, 21 Aprile 2015<\/span><\/a><\/p>\n<p>Related news: <span style=\"color: #0000ff;\"><a style=\"color: #0000ff;\" href=\"http:\/\/www.fedaiisf.it\/en\/responsabilita-patrimoniale-i-medici-insorgono-contro-lemendamento-delle-regioni\/\" target=\"_blank\">Patrimonial responsibility, doctors rise up against the amendment of the Regions<\/a><\/span><\/p>","protected":false},"excerpt":{"rendered":"<p>Il ministro della Salute, Beatrice Lorenzin, si oppone all&#8217;emendamento delle Regioni che sanziona i medici Ssn che non prescrivono esami diagnostici in modo appropriato. A margine di un convegno, riferendosi, all&#8217;intesa sui tagli alla sanit\u00e0, su cui le regioni avevano anticipato l&#8217;ok del governo, ha affermato di opporsi all&#8217;introduzione della responsabilit\u00e0 patrimoniale del prescrittore e &hellip;<\/p>","protected":false},"author":4,"featured_media":5288,"comment_status":"closed","ping_status":"closed","sticky":false,"template":"","format":"standard","meta":{"footnotes":""},"categories":[1],"tags":[30],"class_list":["post-9754","post","type-post","status-publish","format-standard","has-post-thumbnail","hentry","category-notizie","tag-ricette"],"amp_enabled":true,"_links":{"self":[{"href":"https:\/\/www.fedaiisf.it\/en\/wp-json\/wp\/v2\/posts\/9754","targetHints":{"allow":["GET"]}}],"collection":[{"href":"https:\/\/www.fedaiisf.it\/en\/wp-json\/wp\/v2\/posts"}],"about":[{"href":"https:\/\/www.fedaiisf.it\/en\/wp-json\/wp\/v2\/types\/post"}],"author":[{"embeddable":true,"href":"https:\/\/www.fedaiisf.it\/en\/wp-json\/wp\/v2\/users\/4"}],"replies":[{"embeddable":true,"href":"https:\/\/www.fedaiisf.it\/en\/wp-json\/wp\/v2\/comments?post=9754"}],"version-history":[{"count":0,"href":"https:\/\/www.fedaiisf.it\/en\/wp-json\/wp\/v2\/posts\/9754\/revisions"}],"wp:featuredmedia":[{"embeddable":true,"href":"https:\/\/www.fedaiisf.it\/en\/wp-json\/wp\/v2\/media\/5288"}],"wp:attachment":[{"href":"https:\/\/www.fedaiisf.it\/en\/wp-json\/wp\/v2\/media?parent=9754"}],"wp:term":[{"taxonomy":"category","embeddable":true,"href":"https:\/\/www.fedaiisf.it\/en\/wp-json\/wp\/v2\/categories?post=9754"},{"taxonomy":"post_tag","embeddable":true,"href":"https:\/\/www.fedaiisf.it\/en\/wp-json\/wp\/v2\/tags?post=9754"}],"curies":[{"name":"wp","href":"https:\/\/api.w.org\/{rel}","templated":true}]}}