{"id":99,"date":"2014-05-09T17:25:31","date_gmt":"2014-05-09T15:25:31","guid":{"rendered":"http:\/\/www.fedaiisf.it\/?p=99"},"modified":"2014-05-13T10:49:43","modified_gmt":"2014-05-13T08:49:43","slug":"piemonte-dose-unica-del-farmaco-utilita-supposta","status":"publish","type":"post","link":"https:\/\/www.fedaiisf.it\/en\/piemonte-dose-unica-del-farmaco-utilita-supposta\/","title":{"rendered":"Piedmont. Single dose of the drug: supposed utility"},"content":{"rendered":"<p><b>Per alcuni \u00e8 la chiave per contenere la spesa farmaceutica, ma sui reali risparmi non tutti sono d\u2019accordo. Dopo la fase pilota \u00e8 partita la corsa tra le aziende sanitarie anche perch\u00e9 il piatto dei bandi \u00e8 piuttosto succulento. A chi fa gola? Perch\u00e9 tanta fretta?<\/b><\/p>\n<p>&nbsp;<\/p>\n<p><span style=\"font-size: medium;\">Perch\u00e9 tanta fretta? Mentre in piazza Castello il noto epilogo della legislatura ha limitato ogni attivit\u00e0 alla sfera dell\u2019indifferibile e urgente, c\u2019\u00e8 un settore della Sanit\u00e0 che continua a correre. Sono le procedure legate alla sperimentazione della cosiddetta dose unica del farmaco: il prodotto viene acquistato, spacchettato, inserito in contenitori monodose e somministrato. Il progetto prevede, inoltre, l\u2019adozione di un sistema informatizzato per la prescrizione e somministrazione dei fermaci, mentre il confezionamento avviene in uno stabilimento che, nel caso dell\u2019Asl di Alessandria, la prima a procedere con la sperimentazione, non \u00e8 di propriet\u00e0. A chiedere lumi sull\u2019intenzione di adottare questo specifico procedimento anche di altre Asl e Aso piemontesi \u00e8<strong>Eleonora Artesio<\/strong>, capogruppo della Federazione della Sinistra in\u00a0<strong>Piemonte region<\/strong>, ma soprattutto assessore alla Sanit\u00e0 nella Giunta di\u00a0<strong>Mercedes Bresso<\/strong>, quando al crepuscolo del suo mandato (era il 2009) decise di bocciare quella proposta gi\u00e0 pervenuta sulla sua scrivania. Il motivo? \u00abIl progetto della Asl di Alessandria era stato oggetto di uno studio di fattibilit\u00e0 commissionato all\u2019Aress e realizzato nell\u2019Asl di\u00a0<strong>Asti\u00a0<\/strong>con la collaborazione del Politecnico di Torino\u00bb ricostruisce l\u2019Artesio. Ma i risultati dello studio non fugarono tutti i dubbi sull\u2019effettiva convenienza dell\u2019operazione, anzi la relazione concludeva cos\u00ec: \u00abSulla base dei dati e delle informazioni raccolte ed elaborate non vi sono evidenze economiche sulla convenienza nell\u2019utilizzo della dose unitaria e\/o personalizzata\u00bb. Di qui la decisione di sospendere tutto.<\/span><\/p>\n<p>&nbsp;<\/p>\n<p><span style=\"font-size: medium;\">Con la giunta di\u00a0<strong>Roberto Cota<\/strong>, per\u00f2, la questione torna in auge. Ad\u00a0<strong>Alexandria\u00a0<\/strong>si procede a tappe forzate con la sperimentazione e si d\u00e0 il via a una gara da 23 milioni di euro per un progetto di 9 anni. Il servizio viene affidato a una societ\u00e0 privata con sede nel Piacentino,\u00a0<strong>Ingegneria Biomedica<\/strong>\u00a0<strong>Santa Lucia\u00a0<\/strong>Spa. Alla nuova amministrazione erano bastati i dati effettuati su un periodo relativamente breve (4 mesi) in un ospedale relativamente piccolo, quello di Tortona. Dati certamente soddisfacenti, quelli descritti nel Piano operativo, nei quali si indica una riduzione nell\u2019acquisto delle scorte del 21% e una riduzione dei consumi del 15% per quanto riguarda i pezzi e del 36% sul valore delle forniture. Ma saranno elementi esaustivi dal momento che fanno riferimento a un campione di consumi farmaceutici pari a 100 mila euro, rispetto ai 10 milioni di euro complessivamente interessati per l\u2019Asl di Alessandria? Secondo\u00a0<strong>Artesio<\/strong>, inoltre, \u00abi risparmi evidenziati non sono stati depurati dal concomitante effetto esercitato dalla variazione dei prezzi di vendita (ridottisi per via del massiccio uso di farmaci generici) e delle modificazioni delle attivit\u00e0 dei reparti (nel frattempo ridottasi a causa della riorganizzazione subita dall\u2019ospedale di\u00a0<b>Tortona\u00a0<\/b>insieme a quello di\u00a0<b>Novi Ligure<\/b>)\u00bb. Insomma, che non siano state altre le cause di cotanti lusinghieri risultati ottenuti durante la sperimentazione? Secondo la Regione, no. Tant\u2019\u00e8 che il Piano operativo prevede l\u2019estensione della sperimentazione anche ad Asti e alle Asl To4 e To5.<\/span><\/p>\n<p>&nbsp;<\/p>\n<p><span style=\"font-size: medium;\">Sulla vicenda l\u2019ex assessore alla Sanit\u00e0 ha presentato anche un\u2019interrogazione, il 17 marzo scorso, mai discussa per via della caduta anticipata della giunta Cota. Appena quattro giorni dopo averla protocollata, il direttore generale di corso Regina Margherita\u00a0<b>Sergio Morgagni\u00a0<\/b>riceve la richiesta di procedere con la sperimentazione anche dall\u2019Asl To3, la pi\u00f9 grande del Piemonte, e dopo appena 72 ore invia una nota per dare il suo placet. L\u2019argomento sar\u00e0 al centro dell\u2019assemblea convocata da Morgagni con i direttori delle Asr piemontesi: che sia pronto a imprimere un\u2019ulteriore accelerazione al progetto? A chi fa gola quello che si preannuncia essere un piatto particolarmente succulento? E, soprattutto, con una Regione in fase di trapasso \u00e8 opportuna tanta fretta?<\/span><\/p>\n<p><span style=\"font-size: medium;\">\u00a0<\/span><\/p>","protected":false},"excerpt":{"rendered":"<p>Per alcuni \u00e8 la chiave per contenere la spesa farmaceutica, ma sui reali risparmi non tutti sono d\u2019accordo. Dopo la fase pilota \u00e8 partita la corsa tra le aziende sanitarie anche perch\u00e9 il piatto dei bandi \u00e8 piuttosto succulento. A chi fa gola? Perch\u00e9 tanta fretta? &nbsp; Perch\u00e9 tanta fretta? Mentre in piazza Castello il &hellip;<\/p>","protected":false},"author":1,"featured_media":100,"comment_status":"open","ping_status":"closed","sticky":false,"template":"","format":"standard","meta":{"footnotes":""},"categories":[15,16],"tags":[],"class_list":["post-99","post","type-post","status-publish","format-standard","has-post-thumbnail","hentry","category-news","category-primo-piano"],"amp_enabled":true,"_links":{"self":[{"href":"https:\/\/www.fedaiisf.it\/en\/wp-json\/wp\/v2\/posts\/99","targetHints":{"allow":["GET"]}}],"collection":[{"href":"https:\/\/www.fedaiisf.it\/en\/wp-json\/wp\/v2\/posts"}],"about":[{"href":"https:\/\/www.fedaiisf.it\/en\/wp-json\/wp\/v2\/types\/post"}],"author":[{"embeddable":true,"href":"https:\/\/www.fedaiisf.it\/en\/wp-json\/wp\/v2\/users\/1"}],"replies":[{"embeddable":true,"href":"https:\/\/www.fedaiisf.it\/en\/wp-json\/wp\/v2\/comments?post=99"}],"version-history":[{"count":0,"href":"https:\/\/www.fedaiisf.it\/en\/wp-json\/wp\/v2\/posts\/99\/revisions"}],"wp:featuredmedia":[{"embeddable":true,"href":"https:\/\/www.fedaiisf.it\/en\/wp-json\/wp\/v2\/media\/100"}],"wp:attachment":[{"href":"https:\/\/www.fedaiisf.it\/en\/wp-json\/wp\/v2\/media?parent=99"}],"wp:term":[{"taxonomy":"category","embeddable":true,"href":"https:\/\/www.fedaiisf.it\/en\/wp-json\/wp\/v2\/categories?post=99"},{"taxonomy":"post_tag","embeddable":true,"href":"https:\/\/www.fedaiisf.it\/en\/wp-json\/wp\/v2\/tags?post=99"}],"curies":[{"name":"wp","href":"https:\/\/api.w.org\/{rel}","templated":true}]}}