{"id":993,"date":"2014-07-08T12:56:11","date_gmt":"2014-07-08T10:56:11","guid":{"rendered":"http:\/\/www.fedaiisf.it\/?p=993"},"modified":"2014-07-08T12:56:11","modified_gmt":"2014-07-08T10:56:11","slug":"leconomista-piccole-aziende-in-crisi-migrano-su-integratori","status":"publish","type":"post","link":"https:\/\/www.fedaiisf.it\/en\/leconomista-piccole-aziende-in-crisi-migrano-su-integratori\/","title":{"rendered":"The economist, small companies in crisis migrate to supplements"},"content":{"rendered":"<p><i>&quot;Policies to support these Italian realities&quot; would be needed. These are \u201ccompanies that don&#039;t have the critical mass to focus on innovation, small companies that live off the co-marketing of products with other companies and that are in crisis because the time for blockbusters is over.<\/i><\/p>\n<p>Increasingly, small Italian pharmaceutical companies in economic difficulty choose to devote themselves to the more profitable and less bureaucratic market of food supplements.<\/p>\n<p>A situation that is rarely talked about, highlighted to Pharmakronos by Roberto Giampietri, adjunct professor of aspects of economics and marketing of medicines at the University of Milan, according to which &quot;policies are needed to support these Italian realities&quot;.<\/p>\n<p>The expert explains that these are \u201ccompanies that don&#039;t have the critical mass to focus on innovation, that are small, that live off the co-marketing of products with other companies and that are in crisis because the time for blockbusters is over. They are therefore throwing themselves onto the market of supplements and dermo-cosmetics.<\/p>\n<p>The result is, however, that pharmacies are &#039;overwhelmed&#039; with these products and are unable to manage the assortments: there are about 8,500 drugs among the various indications, while parapharmacies and supplements (which still account for 30-40% of the turnover of pharmacies) are over 13,000.<\/p>\n<p>But to market them, a notification to the Ministry of Health is enough. The result \u2013 he concludes \u2013 is that a huge gap is created with the big companies\u201d.<\/p>\n<p><i>Barbara Di Chiara -08 July 2014 \u2013<\/i><i> <\/i><span style=\"color: #ff0000;\">Pharma<i>Kronos <\/i><\/span><\/p>\n<p><i>\u00a0<\/i><\/p>\n<p><i>\u00a0<\/i><\/p>\n<p>TO<\/p>","protected":false},"excerpt":{"rendered":"<p>Sarebbero necessarie &#8220;politiche per sostenere queste realt\u00e0 italiane&#8221;. Si tratta di &#8220;aziende che non hanno la massa critica per puntare sull&#8217;innovativit\u00e0, piccole, che vivono di co-marketing di prodotti con altre imprese e che sono in crisi perch\u00e9 il tempo dei blockbuster \u00e8 finito. Sempre pi\u00f9 spesso le piccole aziende farmaceutiche italiane in difficolt\u00e0 economiche scelgono &hellip;<\/p>","protected":false},"author":4,"featured_media":995,"comment_status":"closed","ping_status":"closed","sticky":false,"template":"","format":"standard","meta":{"footnotes":""},"categories":[1,15],"tags":[],"class_list":["post-993","post","type-post","status-publish","format-standard","has-post-thumbnail","hentry","category-notizie","category-news"],"amp_enabled":true,"_links":{"self":[{"href":"https:\/\/www.fedaiisf.it\/en\/wp-json\/wp\/v2\/posts\/993","targetHints":{"allow":["GET"]}}],"collection":[{"href":"https:\/\/www.fedaiisf.it\/en\/wp-json\/wp\/v2\/posts"}],"about":[{"href":"https:\/\/www.fedaiisf.it\/en\/wp-json\/wp\/v2\/types\/post"}],"author":[{"embeddable":true,"href":"https:\/\/www.fedaiisf.it\/en\/wp-json\/wp\/v2\/users\/4"}],"replies":[{"embeddable":true,"href":"https:\/\/www.fedaiisf.it\/en\/wp-json\/wp\/v2\/comments?post=993"}],"version-history":[{"count":0,"href":"https:\/\/www.fedaiisf.it\/en\/wp-json\/wp\/v2\/posts\/993\/revisions"}],"wp:featuredmedia":[{"embeddable":true,"href":"https:\/\/www.fedaiisf.it\/en\/wp-json\/wp\/v2\/media\/995"}],"wp:attachment":[{"href":"https:\/\/www.fedaiisf.it\/en\/wp-json\/wp\/v2\/media?parent=993"}],"wp:term":[{"taxonomy":"category","embeddable":true,"href":"https:\/\/www.fedaiisf.it\/en\/wp-json\/wp\/v2\/categories?post=993"},{"taxonomy":"post_tag","embeddable":true,"href":"https:\/\/www.fedaiisf.it\/en\/wp-json\/wp\/v2\/tags?post=993"}],"curies":[{"name":"wp","href":"https:\/\/api.w.org\/{rel}","templated":true}]}}